{"id":161093,"date":"2025-10-07T15:25:11","date_gmt":"2025-10-07T15:25:11","guid":{"rendered":"https:\/\/www.europesays.com\/es\/161093\/"},"modified":"2025-10-07T15:25:11","modified_gmt":"2025-10-07T15:25:11","slug":"gasly-y-el-duro-momento-de-alpine","status":"publish","type":"post","link":"https:\/\/www.europesays.com\/es\/161093\/","title":{"rendered":"Gasly y el duro momento de Alpine"},"content":{"rendered":"<p>Foto: Jayce Illman\/Getty Images (TyC Sports).<br \/>\nEl piloto franc\u00e9s finaliz\u00f3 en la 19\u00b0 posici\u00f3n en el Gran Premio de Singapur y no ocult\u00f3 su desaz\u00f3n con el complejo bache de la escuder\u00eda franc\u00e9s en la temporada 2025 de la F\u00f3rmula 1.<\/p>\n<p>Franco Colapinto tuvo una buena actuaci\u00f3n en el Gran Premio de Singapur de la F\u00f3rmula 1, logrando superar a su compa\u00f1ero de equipo Pierre Gasly, a pesar de no conseguir puntos en el circuito de Marina Bay. El argentino se mostr\u00f3 s\u00f3lido y competitivo frente a su compa\u00f1ero, destacando su desempe\u00f1o en un fin de semana complicado para el equipo.<\/p>\n<p>Por su parte, Pierre Gasly finaliz\u00f3 en el 19\u00b0 puesto y habl\u00f3 abiertamente sobre las dificultades que enfrenta para extraer el m\u00e1ximo rendimiento del monoplaza. \u201c\u00daltimamente no me he sentido muy c\u00f3modo en el coche, por eso cambiamos la puesta a punto y el suelo para intentar comprender mejor algunas cosas que nos beneficiar\u00e1n de cara al futuro\u201d, explic\u00f3 el franc\u00e9s de 29 a\u00f1os.<\/p>\n<p><a href=\"https:\/\/radio3cadenapatagonia.com.ar\/agustin-tapia-y-delfina-brea-dominan-el-padel-mundial\/\" target=\"_blank\" rel=\"noopener nofollow\"><strong>MIR\u00c1 TAMBI\u00c9N: Agust\u00edn Tapia y Delfina Brea dominan el p\u00e1del mundial<\/strong><\/a><\/p>\n<p>Gasly tambi\u00e9n destac\u00f3 las batallas en pista como un aspecto positivo del fin de semana: \u201cSab\u00edamos que la carrera ser\u00eda complicada y fue agradable tener algunas batallas, aunque no fuera por los puntos\u201d, se\u00f1al\u00f3, haciendo referencia a una maniobra de Nico H\u00fclkenberg que casi genera un incidente con Colapinto durante la segunda detenci\u00f3n tard\u00eda del alem\u00e1n.<\/p>\n<p>De cara al Gran Premio de Estados Unidos, que se disputar\u00e1 en el Circuito de las Am\u00e9ricas en Austin, Gasly conf\u00eda en una mejora del rendimiento: \u201cS\u00e9 que el equipo est\u00e1 trabajando excepcionalmente duro y todos sabemos que estamos lejos de donde deber\u00edamos estar. Conf\u00edo en que podemos hacerlo mejor en Austin que en las \u00faltimas carreras\u201d.<\/p>\n<p>El piloto franc\u00e9s destac\u00f3 que las caracter\u00edsticas de Singapur no favorecieron al monoplaza y que esperan aprovechar el trazado texano: \u201cLas caracter\u00edsticas del circuito no se han adaptado a nuestro paquete, especialmente por la falta de agarre y los baches, tan comunes en los circuitos urbanos. Seguiremos con la cabeza baja y centrados en mejorar nuestra posici\u00f3n actual\u201d.<\/p>\n<p><strong>Fuente: TyC Sports.<\/strong><\/p>\n","protected":false},"excerpt":{"rendered":"Foto: Jayce Illman\/Getty Images (TyC Sports). El piloto franc\u00e9s finaliz\u00f3 en la 19\u00b0 posici\u00f3n en el Gran Premio&hellip;\n","protected":false},"author":2,"featured_media":161094,"comment_status":"","ping_status":"","sticky":false,"template":"","format":"standard","meta":{"footnotes":""},"categories":[270],"tags":[168,25,24,306,271,272,23,167],"class_list":{"0":"post-161093","1":"post","2":"type-post","3":"status-publish","4":"format-standard","5":"has-post-thumbnail","7":"category-formula-1","8":"tag-deportes","9":"tag-es","10":"tag-espana","11":"tag-f1","12":"tag-formula-1","13":"tag-formula1","14":"tag-spain","15":"tag-sports"},"share_on_mastodon":{"url":"","error":""},"_links":{"self":[{"href":"https:\/\/www.europesays.com\/es\/wp-json\/wp\/v2\/posts\/161093","targetHints":{"allow":["GET"]}}],"collection":[{"href":"https:\/\/www.europesays.com\/es\/wp-json\/wp\/v2\/posts"}],"about":[{"href":"https:\/\/www.europesays.com\/es\/wp-json\/wp\/v2\/types\/post"}],"author":[{"embeddable":true,"href":"https:\/\/www.europesays.com\/es\/wp-json\/wp\/v2\/users\/2"}],"replies":[{"embeddable":true,"href":"https:\/\/www.europesays.com\/es\/wp-json\/wp\/v2\/comments?post=161093"}],"version-history":[{"count":0,"href":"https:\/\/www.europesays.com\/es\/wp-json\/wp\/v2\/posts\/161093\/revisions"}],"wp:featuredmedia":[{"embeddable":true,"href":"https:\/\/www.europesays.com\/es\/wp-json\/wp\/v2\/media\/161094"}],"wp:attachment":[{"href":"https:\/\/www.europesays.com\/es\/wp-json\/wp\/v2\/media?parent=161093"}],"wp:term":[{"taxonomy":"category","embeddable":true,"href":"https:\/\/www.europesays.com\/es\/wp-json\/wp\/v2\/categories?post=161093"},{"taxonomy":"post_tag","embeddable":true,"href":"https:\/\/www.europesays.com\/es\/wp-json\/wp\/v2\/tags?post=161093"}],"curies":[{"name":"wp","href":"https:\/\/api.w.org\/{rel}","templated":true}]}}