{"id":161097,"date":"2025-10-07T15:28:09","date_gmt":"2025-10-07T15:28:09","guid":{"rendered":"https:\/\/www.europesays.com\/es\/161097\/"},"modified":"2025-10-07T15:28:09","modified_gmt":"2025-10-07T15:28:09","slug":"madonna-revela-que-contemplo-suicidarse-durante-la-batalla-por-la-custodia-de-su-hijo-rocco","status":"publish","type":"post","link":"https:\/\/www.europesays.com\/es\/161097\/","title":{"rendered":"Madonna revela que contempl\u00f3 suicidarse durante la batalla por la custodia de su hijo Rocco"},"content":{"rendered":"<p style=\"\"><a href=\"https:\/\/www.abc.es\/gente\/santisimo-padre-vaya-gaza-ruego-madonna-leon-20250814180000-nt.html\" target=\"_self\" data-voc-vtm-id=\"in-text-traffic\" title=\"Madonna\" data-mrf-link=\"www.abc.es\" rel=\"nofollow noopener\">Madonna<\/a> ha confesado que <strong>contempl\u00f3 el suicidio<\/strong> mientras libraba una turbulenta batalla por <strong>la custodia de su hijo Rocco<\/strong> con su exmarido y director de cine <a href=\"https:\/\/www.abc.es\/gente\/sevi-madonna-y-ritchie-divorcian-segun-diario-britanico-200806240300-1641958089977_noticia.html\" target=\"_self\" data-voc-vtm-id=\"in-text-traffic\" title=\"Guy Ritichie\" data-mrf-link=\"www.abc.es\" rel=\"nofollow noopener\">Guy Ritichie<\/a>. Lo ha hecho en una extensa conversaci\u00f3n con el presentador brit\u00e1nico Jay Shetty  &#8230; en un episodio de su p\u00f3dcast, una de las <strong>muchas revelaciones in\u00e9ditas<\/strong> de la Reina del Pop.<\/p>\n<p class=\"voc-p\" style=\"\">El p\u00f3dcast &#8216;On Purpose with Jay Shetty&#8217; logr\u00f3 sentar a <a href=\"https:\/\/www.abc.es\/gente\/luto-vida-madonna-fallece-madrastra-joan-ciccone-20240927130710-nt.html\" target=\"_self\" data-voc-vtm-id=\"in-text-traffic\" title=\"Madonna\" data-mrf-link=\"www.abc.es\" rel=\"nofollow noopener\">Madonna<\/a> durante dos horas y el contenido <strong>no decepcion\u00f3 a nadie<\/strong>. Entre otras cosas, la artista explic\u00f3 c\u00f3mo <strong>recurri\u00f3 a la espiritualidad en sus momentos m\u00e1s dif\u00edciles<\/strong>, en medio de relaciones tensas con amigos y familiares, y una aguda depresi\u00f3n.<\/p>\n<p class=\"voc-p\" style=\"\">La cantante relat\u00f3 c\u00f3mo despu\u00e9s de separarse del cineasta Guy Ritchie en 2008, la pareja se vio envuelta en <strong>una complicada batalla legal<\/strong> por la custodia de su hijo Rocco cuando este cumpli\u00f3 16 a\u00f1os en 2016. Seg\u00fan se inform\u00f3 entonces, el muchacho <strong>abandon\u00f3 a su madre<\/strong> durante su gira Rebel Heart Tour para mudarse a la casa de su padre en Londres.<\/p>\n<p>\n\u00abQuise cortarme los brazos\u00bb\n<\/p>\n<p class=\"voc-p\" style=\"\">\u00abHubo momentos en mi vida en los que quise cortarme los brazos&#8230; De hecho, contempl\u00e9 el suicidio\u00bb, ha asegurado Madonna en la entrevista para el p\u00f3dcast. Cuando Jay Shetty le ha preguntado qu\u00e9 la motiv\u00f3 a pensar as\u00ed, la cantante se ha extendido: \u00abDir\u00eda que probablemente uno de los momentos m\u00e1s dolorosos de mi vida, en el que <strong>los \u00e1rboles me impidieron ver el bosque<\/strong>, fue cuando me vi envuelta en una batalla por la custodia de mi hijo\u00bb.<\/p>\n<p class=\"voc-p\" style=\"\">\u00abAunque mi matrimonio no funcion\u00f3\u2026 O sea, los matrimonios de mucha gente no funcionan. Se casan con la persona equivocada. No est\u00e1n alineados. No est\u00e1n hechos el uno para el otro. [Pero] si alguien intentaba quitarme a mi hijo, e<strong>ra como si me mataran<\/strong>. Eso es realmente lo que pensaba\u00bb, ha contado.<\/p>\n<p class=\"voc-p\" style=\"\">Madonna estaba de gira por aquel entonces, algo que tambi\u00e9n genera enormes tensiones internas, y simplemente explot\u00f3. As\u00ed, ha relatado que a menudo se quedaba \u00ab<strong>tirada en el suelo de mi camerino, llorando<\/strong>\u00bb. Y ha a\u00f1adido: \u00abTen\u00eda que subir al escenario todas las noches&#8230; Realmente pens\u00e9 que era el fin del mundo. No pod\u00eda soportarlo. <strong>Simplemente no pod\u00eda soportarlo<\/strong>\u00bb.<\/p>\n<p class=\"voc-p\" style=\"\">Sin embargo, parece que e<strong>l tiempo ha curado muchas de aquellas heridas<\/strong> y ahora Madonna, madre de seis hijos, ha asegurado que es \u00abmuy buena amiga de Rocco\u00bb y que aunque entonces no lo ve\u00eda, su fe la ayud\u00f3 a salir adelante. \u00abGracias a Dios tuve una vida espiritual\u00ab, ha dicho la Reina del Pop.<\/p>\n<p>\nEl fallecimiento de su hermano\n<\/p>\n<p class=\"voc-p\" style=\"\">En otro instante de la entrevista del podcast, la primera en nueve a\u00f1os, Madonna ha apuntado otro momento se\u00f1alado en su vida, que es <strong>c\u00f3mo se reconcili\u00f3 con su hermano<\/strong>, Christopher Ciccone, con el que no se hablaba, antes de su fallecimiento el a\u00f1o pasado por <strong>un c\u00e1ncer de garganta<\/strong>. Y ha se\u00f1alado de la importancia de encontrar la manera de \u00abperdonar a quienes percibes como tus mayores enemigos\u00bb. Durante mucho tiempo, a\u00f1adi\u00f3, <strong>ese enemigo \u00abera mi hermano\u00bb<\/strong>.<\/p>\n<p class=\"voc-p\" style=\"\">\u00abNo habl\u00e9 con \u00e9l durante tres a\u00f1os. A\u00f1os y a\u00f1os. Y fue \u00e9l, estando enfermo, quien contact\u00f3 conmigo y me dijo: &#8216;<strong>Necesito tu ayuda<\/strong>&#8216;. Eso significa tener ese momento, algo como: &#8216;\u00bfVoy a ayudar a mi enemigo?&#8217;. Y simplemente lo hice&#8230; Fue un gran alivio, un gran peso que se elimin\u00f3, un lastre que se deshizo para finalmente poder estar en una habitaci\u00f3n con \u00e9l y tomarle la mano, incluso si se estaba muriendo, dici\u00e9ndole: &#8216;<strong>Te quiero y te perdono<\/strong>&#8216;. Eso fue realmente importante\u00ab, ha explicado.<\/p>\n<p class=\"voc-p\" style=\"\">Adem\u00e1s, la estrella ha asegurado que gran parte de su \u00e9xito de ha debido a su espiritualidad y se ha referido a su reciente lanzamiento de <strong>Los Estudios M\u00edsticos del Z\u00f3har<\/strong>, un curso con el maestro de C\u00e1bala Eitan Yardeni, miembro de una escuela de pensamiento con ra\u00edces en el misticismo jud\u00edo. \u00abEl \u00e9xito es tener una vida espiritual, y punto. No estar\u00eda aqu\u00ed si no la tuviera\u00bb, ha sentenciado Madonna.<\/p>\n","protected":false},"excerpt":{"rendered":"Madonna ha confesado que contempl\u00f3 el suicidio mientras libraba una turbulenta batalla por la custodia de su hijo&hellip;\n","protected":false},"author":2,"featured_media":161098,"comment_status":"","ping_status":"","sticky":false,"template":"","format":"standard","meta":{"footnotes":""},"categories":[174],"tags":[4095,255,47804,47806,146,147,25,24,256,30,15547,1789,47807,23,47805],"class_list":{"0":"post-161097","1":"post","2":"type-post","3":"status-publish","4":"format-standard","5":"has-post-thumbnail","7":"category-famosos","8":"tag-batalla","9":"tag-celebrities","10":"tag-contemplo","11":"tag-custodia","12":"tag-entertainment","13":"tag-entretenimiento","14":"tag-es","15":"tag-espana","16":"tag-famosos","17":"tag-hijo","18":"tag-madonna","19":"tag-revela","20":"tag-rocco","21":"tag-spain","22":"tag-suicidarse"},"share_on_mastodon":{"url":"","error":""},"_links":{"self":[{"href":"https:\/\/www.europesays.com\/es\/wp-json\/wp\/v2\/posts\/161097","targetHints":{"allow":["GET"]}}],"collection":[{"href":"https:\/\/www.europesays.com\/es\/wp-json\/wp\/v2\/posts"}],"about":[{"href":"https:\/\/www.europesays.com\/es\/wp-json\/wp\/v2\/types\/post"}],"author":[{"embeddable":true,"href":"https:\/\/www.europesays.com\/es\/wp-json\/wp\/v2\/users\/2"}],"replies":[{"embeddable":true,"href":"https:\/\/www.europesays.com\/es\/wp-json\/wp\/v2\/comments?post=161097"}],"version-history":[{"count":0,"href":"https:\/\/www.europesays.com\/es\/wp-json\/wp\/v2\/posts\/161097\/revisions"}],"wp:featuredmedia":[{"embeddable":true,"href":"https:\/\/www.europesays.com\/es\/wp-json\/wp\/v2\/media\/161098"}],"wp:attachment":[{"href":"https:\/\/www.europesays.com\/es\/wp-json\/wp\/v2\/media?parent=161097"}],"wp:term":[{"taxonomy":"category","embeddable":true,"href":"https:\/\/www.europesays.com\/es\/wp-json\/wp\/v2\/categories?post=161097"},{"taxonomy":"post_tag","embeddable":true,"href":"https:\/\/www.europesays.com\/es\/wp-json\/wp\/v2\/tags?post=161097"}],"curies":[{"name":"wp","href":"https:\/\/api.w.org\/{rel}","templated":true}]}}