{"id":161103,"date":"2025-10-07T15:34:15","date_gmt":"2025-10-07T15:34:15","guid":{"rendered":"https:\/\/www.europesays.com\/es\/161103\/"},"modified":"2025-10-07T15:34:15","modified_gmt":"2025-10-07T15:34:15","slug":"si-no-trabajan-no-hay-nada-que-hacer","status":"publish","type":"post","link":"https:\/\/www.europesays.com\/es\/161103\/","title":{"rendered":"\u00abSi no trabajan no hay nada que hacer\u00bb"},"content":{"rendered":"<p>07\/10\/2025<br \/>\n<br \/><strong><br \/>\nActualizado a las 17:29h.<br \/>\n<\/strong><\/p>\n<p class=\"voc-p\" style=\"\">No han sentado nada bien las dos derrotas consecutivas del equipo en el seno del Barcelona. Aunque <strong>Hansi Flick<\/strong> no ha querido cargar contra sus jugadores y Laporta mantiene la confianza total en el entrenador, lo cierto es que en el entorno se intuyen  &#8230; <a href=\"https:\/\/www.abc.es\/deportes\/futbol\/dos-derrotas-dejan-tocado-barca-pide-explicaciones-20251006183221-nt.html\" target=\"_self\" data-voc-vtm-id=\"in-text-traffic\" title=\"ciertos problemas que no est\u00e1n gustando nada\" rel=\"nofollow noopener\">ciertos problemas que no est\u00e1n gustando nada<\/a>. El m\u00e1s duro hasta el momento ha sido Deco, que ha dado un<strong> fuerte tir\u00f3n de orejas al grupo<\/strong> ante la poca garra que ha detectado en los dos \u00faltimos partidos. El director deportivo reprende a los suyos en una en una entrevista a Catalunya R\u00e0dio.<\/p>\n<p class=\"voc-p\" style=\"\">\u00ab<strong>No somos tan magn\u00edficos<\/strong>, o tan exuberantes como la gente nos pint\u00f3 la temporada pasada. Somos un equipo cuando trabajamos a una, entonces somos un equipo dif\u00edcil de batir porque, adem\u00e1s, tenemos calidad. Pero <strong>si creemos que tenemos la calidad por delante del trabajo, tenemos un problema<\/strong>\u00bb, asegura Deco, que se\u00f1ala directamente a la falta de trabajo. Esta cr\u00edtica del ejecutivo cul\u00e9 se une a las que ya hicvieron tras el partido tanto Pedri como Cubars\u00ed, que censuraron la actitud del equipo ante el Sevilla.<\/p>\n<p><img loading=\"lazy\" decoding=\"async\" width=\"530\" height=\"64\" class=\"logo-premium\" src=\"data:image\/gif;base64,R0lGODlhAQABAAAAACH5BAEKAAEALAAAAAABAAEAAAICTAEAOw==\" alt=\"ABC Premium\"\/><br \/>\nL\u00edmite de sesiones alcanzadas<\/p>\n<ul class=\"listado\">\n<li>El acceso al contenido Premium est\u00e1 abierto por cortes\u00eda del establecimiento donde te encuentras, pero ahora mismo hay demasiados usuarios conectados a la vez. Por favor, int\u00e9ntalo pasados unos minutos.<\/li>\n<\/ul>\n<p>Volver a intentar<\/p>\n<p><img loading=\"lazy\" decoding=\"async\" width=\"530\" height=\"64\" class=\"logo-premium\" src=\"data:image\/gif;base64,R0lGODlhAQABAAAAACH5BAEKAAEALAAAAAABAAEAAAICTAEAOw==\" alt=\"ABC Premium\"\/><br \/>\nHas superado el l\u00edmite de sesiones<\/p>\n<ul class=\"listado\">\n<li>S\u00f3lo puedes tener tres sesiones iniciadas a la vez. Hemos cerrado la sesi\u00f3n m\u00e1s antigua para que sigas navegando sin l\u00edmites en el resto.<\/li>\n<\/ul>\n<p>Sigue navegando<\/p>\n<p>\nArt\u00edculo solo para suscriptores\n<\/p>\n<p>Reportar un error<\/p>\n","protected":false},"excerpt":{"rendered":"07\/10\/2025 Actualizado a las 17:29h. No han sentado nada bien las dos derrotas consecutivas del equipo en el&hellip;\n","protected":false},"author":2,"featured_media":161104,"comment_status":"","ping_status":"","sticky":false,"template":"","format":"standard","meta":{"footnotes":""},"categories":[93],"tags":[1348,2296,882,168,25,24,23,167,26111,6208,28690],"class_list":{"0":"post-161103","1":"post","2":"type-post","3":"status-publish","4":"format-standard","5":"has-post-thumbnail","7":"category-deportes","8":"tag-atencion","9":"tag-barca","10":"tag-deco","11":"tag-deportes","12":"tag-es","13":"tag-espana","14":"tag-spain","15":"tag-sports","16":"tag-toque","17":"tag-trabajan","18":"tag-vestuario"},"share_on_mastodon":{"url":"","error":""},"_links":{"self":[{"href":"https:\/\/www.europesays.com\/es\/wp-json\/wp\/v2\/posts\/161103","targetHints":{"allow":["GET"]}}],"collection":[{"href":"https:\/\/www.europesays.com\/es\/wp-json\/wp\/v2\/posts"}],"about":[{"href":"https:\/\/www.europesays.com\/es\/wp-json\/wp\/v2\/types\/post"}],"author":[{"embeddable":true,"href":"https:\/\/www.europesays.com\/es\/wp-json\/wp\/v2\/users\/2"}],"replies":[{"embeddable":true,"href":"https:\/\/www.europesays.com\/es\/wp-json\/wp\/v2\/comments?post=161103"}],"version-history":[{"count":0,"href":"https:\/\/www.europesays.com\/es\/wp-json\/wp\/v2\/posts\/161103\/revisions"}],"wp:featuredmedia":[{"embeddable":true,"href":"https:\/\/www.europesays.com\/es\/wp-json\/wp\/v2\/media\/161104"}],"wp:attachment":[{"href":"https:\/\/www.europesays.com\/es\/wp-json\/wp\/v2\/media?parent=161103"}],"wp:term":[{"taxonomy":"category","embeddable":true,"href":"https:\/\/www.europesays.com\/es\/wp-json\/wp\/v2\/categories?post=161103"},{"taxonomy":"post_tag","embeddable":true,"href":"https:\/\/www.europesays.com\/es\/wp-json\/wp\/v2\/tags?post=161103"}],"curies":[{"name":"wp","href":"https:\/\/api.w.org\/{rel}","templated":true}]}}