{"id":161105,"date":"2025-10-07T15:35:10","date_gmt":"2025-10-07T15:35:10","guid":{"rendered":"https:\/\/www.europesays.com\/es\/161105\/"},"modified":"2025-10-07T15:35:10","modified_gmt":"2025-10-07T15:35:10","slug":"una-investigacion-liderada-por-vall-dhebron-quiere-revertir","status":"publish","type":"post","link":"https:\/\/www.europesays.com\/es\/161105\/","title":{"rendered":"Una investigaci\u00f3n liderada por Vall d\u2019Hebron quiere revertir"},"content":{"rendered":"<p>Ni\u00f1os y adultos con cardiopat\u00edas cong\u00e9nitas podr\u00edan beneficiarse pronto de una nueva t\u00e9cnica de estimulaci\u00f3n card\u00edaca que imita el funcionamiento natural del coraz\u00f3n. El estudio, liderado por el doctor Ferran Ros\u00e9s desde Vall d\u2019Hebron y galardonado con la VIII Beca Menudos Corazones de Investigaci\u00f3n M\u00e9dica, busca revertir la insuficiencia card\u00edaca en pacientes con marcapasos y mejorar su calidad y esperanza de vida.<\/p>\n<p>El proyecto, titulado \u201cEstimulaci\u00f3n hisiana y de la rama izquierda en pacientes pedi\u00e1tricos y adultos con cardiopat\u00edas cong\u00e9nitas: estudio ambispectivo observacional multic\u00e9ntrico\u201d, est\u00e1 impulsado por el Servicio de Cardiolog\u00eda Pedi\u00e1trica del Hospital Universitario Vall d\u2019Hebron y cuenta con la participaci\u00f3n de los principales hospitales de referencia en cardiopat\u00edas cong\u00e9nitas de todo el pa\u00eds. La beca, dotada con 12.000 euros, permitir\u00e1 iniciar esta investigaci\u00f3n colaborativa, cuyos resultados ser\u00e1n aplicables a corto y medio plazo tanto a nivel nacional como internacional.<\/p>\n<p><strong>\u201cLos marcapasos tradicionales han ayudado mucho a los pacientes, pero con el tiempo pueden provocar una disminuci\u00f3n en la fuerza de contracci\u00f3n del coraz\u00f3n, ya que no utilizan sus v\u00edas naturales de conducci\u00f3n\u201d<\/strong>, explica el doctor Ros\u00e9s.<strong> \u201cEsta nueva t\u00e9cnica imita el funcionamiento fisiol\u00f3gico del coraz\u00f3n y logra un doble impacto: mejora la capacidad f\u00edsica de los pacientes y, al mismo tiempo, incrementa su esperanza de vida\u201d<\/strong>, destaca.<\/p>\n<p><strong>Beneficios especiales para los ni\u00f1os con cardiopat\u00edas cong\u00e9nitas<\/strong><\/p>\n<p>En el caso de los ni\u00f1os con cardiopat\u00edas cong\u00e9nitas, la innovaci\u00f3n es especialmente relevante, ya que a menudo necesitan estimulaci\u00f3n card\u00edaca desde edades muy tempranas. <strong>\u201cEn un \u00e1mbito tan complejo como el de las enfermedades pedi\u00e1tricas o minoritarias, la Beca Menudos Corazones es un gran motor para la innovaci\u00f3n\u201d<\/strong>, se\u00f1ala el doctor Ros\u00e9s.<\/p>\n<p>El cardi\u00f3logo subraya tambi\u00e9n la importancia del reconocimiento y del apoyo recibido.\u201c<strong>Este premio es muy valioso para todo el equipo. Gracias a la Fundaci\u00f3n Menudos Corazones, sabemos que contamos con el respaldo de nuestros pacientes y de sus familias, y eso nos impulsa a seguir investigando para mejorar su calidad de vida\u00bb<\/strong>, dice.<\/p>\n<p><strong>Compromiso con la investigaci\u00f3n y el progreso m\u00e9dico<\/strong><\/p>\n<p>Desde 2018, la Fundaci\u00f3n Menudos Corazones ha destinado casi 100.000 euros a financiar proyectos de investigaci\u00f3n sobre cardiopat\u00edas cong\u00e9nitas. <strong>\u201cEsta octava edici\u00f3n da continuidad a nuestro compromiso de impulsar los avances m\u00e9dicos que mejoren la vida de los pacientes y sus familias\u201d<\/strong>, explica Juan Mar\u00eda Orbegozo, presidente del Patronato de la Fundaci\u00f3n.<\/p>\n<p>El proyecto ganador, a\u00f1ade, <strong>\u201cre\u00fane valores como la esperanza, el coraje y la colaboraci\u00f3n, con la participaci\u00f3n de los principales centros de referencia en cardiolog\u00eda pedi\u00e1trica y cardiopat\u00edas cong\u00e9nitas del pa\u00eds\u201d<\/strong>.<\/p>\n<p>En este sentido, Ros\u00e9s destaca que el trabajo en red ser\u00e1 clave para acelerar los resultados. <strong>\u201cAunque se trata de una t\u00e9cnica muy reciente, la colaboraci\u00f3n entre hospitales permitir\u00e1 obtener m\u00e1s informaci\u00f3n en menos tiempo y facilitar\u00e1 su incorporaci\u00f3n a la pr\u00e1ctica cl\u00ednica habitual\u201d<\/strong>, concluye.<\/p>\n","protected":false},"excerpt":{"rendered":"Ni\u00f1os y adultos con cardiopat\u00edas cong\u00e9nitas podr\u00edan beneficiarse pronto de una nueva t\u00e9cnica de estimulaci\u00f3n card\u00edaca que imita&hellip;\n","protected":false},"author":2,"featured_media":161106,"comment_status":"","ping_status":"","sticky":false,"template":"","format":"standard","meta":{"footnotes":""},"categories":[92],"tags":[25,24,165,17168,166,23],"class_list":{"0":"post-161105","1":"post","2":"type-post","3":"status-publish","4":"format-standard","5":"has-post-thumbnail","7":"category-salud","8":"tag-es","9":"tag-espana","10":"tag-health","11":"tag-pediatria","12":"tag-salud","13":"tag-spain"},"share_on_mastodon":{"url":"","error":""},"_links":{"self":[{"href":"https:\/\/www.europesays.com\/es\/wp-json\/wp\/v2\/posts\/161105","targetHints":{"allow":["GET"]}}],"collection":[{"href":"https:\/\/www.europesays.com\/es\/wp-json\/wp\/v2\/posts"}],"about":[{"href":"https:\/\/www.europesays.com\/es\/wp-json\/wp\/v2\/types\/post"}],"author":[{"embeddable":true,"href":"https:\/\/www.europesays.com\/es\/wp-json\/wp\/v2\/users\/2"}],"replies":[{"embeddable":true,"href":"https:\/\/www.europesays.com\/es\/wp-json\/wp\/v2\/comments?post=161105"}],"version-history":[{"count":0,"href":"https:\/\/www.europesays.com\/es\/wp-json\/wp\/v2\/posts\/161105\/revisions"}],"wp:featuredmedia":[{"embeddable":true,"href":"https:\/\/www.europesays.com\/es\/wp-json\/wp\/v2\/media\/161106"}],"wp:attachment":[{"href":"https:\/\/www.europesays.com\/es\/wp-json\/wp\/v2\/media?parent=161105"}],"wp:term":[{"taxonomy":"category","embeddable":true,"href":"https:\/\/www.europesays.com\/es\/wp-json\/wp\/v2\/categories?post=161105"},{"taxonomy":"post_tag","embeddable":true,"href":"https:\/\/www.europesays.com\/es\/wp-json\/wp\/v2\/tags?post=161105"}],"curies":[{"name":"wp","href":"https:\/\/api.w.org\/{rel}","templated":true}]}}