{"id":161115,"date":"2025-10-07T15:40:11","date_gmt":"2025-10-07T15:40:11","guid":{"rendered":"https:\/\/www.europesays.com\/es\/161115\/"},"modified":"2025-10-07T15:40:11","modified_gmt":"2025-10-07T15:40:11","slug":"una-declaracion-institucional-como-simbolo-de-agradecimiento-por-los-20-anos-de-trabajo-de-la-ume","status":"publish","type":"post","link":"https:\/\/www.europesays.com\/es\/161115\/","title":{"rendered":"Una declaraci\u00f3n institucional como s\u00edmbolo de agradecimiento por los 20 a\u00f1os de trabajo de la UME"},"content":{"rendered":"<p>\t\t\t\t\t\t07\/10\/2025<br \/>\n\t\t\t\t\t\t<a href=\"https:\/\/twitter.com\/Defensagob\" title=\"Twitter\" rel=\"nofollow noopener\" target=\"_blank\"><img decoding=\"async\" src=\"https:\/\/www.europesays.com\/es\/wp-content\/uploads\/2025\/07\/siguenosTwitter1.png\" alt=\"Twitter\"\/> <\/a><\/p>\n<p>\t\t\t\t\t\tReconocimiento<\/p>\n<p>\n\t\t\t\t\t\t\t<strong>Se trata de un acuerdo adoptado en el Consejo de Ministros con motivo del aniversario, hoy, de la creaci\u00f3n de la UME<\/strong>\n\t\t\t\t\t\t<\/p>\n<p><strong>La formalizaci\u00f3n de su estructura y funciones se realiz\u00f3 por el Real Decreto 416\/2006 de 11 de abril<\/strong><\/p>\n<p>Cerca de 800 misiones desde su creaci\u00f3n hace dos d\u00e9cadas. La Unidad Militar de Emergencias ha intervenido en incendios, inundaciones, nevadas, e incluso, una pandemia nunca antes conocida.<\/p>\n<p>Los m\u00e1s de 3.500 hombres y mujeres que forman parte de la UME est\u00e1n disponibles 24 horas al d\u00eda, los 365 d\u00edas del a\u00f1o, para poder actuar cuando se les requiere, como ha ocurrido en territorio nacional y fuera de nuestras fronteras, a lo largo de estos a\u00f1os.<\/p>\n<p>Es por ello que el Consejo de Ministros ha aprobado una declaraci\u00f3n institucional de reconocimiento a la respuesta que ofrece la UME ante cualquier emergencia.<\/p>\n<p>El texto recoge el agradecimiento del Gobierno de Espa\u00f1a hacia la Unidad Militar de Emergencias por \u201csu eficacia, compromiso permanente con la seguridad y el bienestar de la ciudadan\u00eda y su esfuerzo incansable para mitigar los efectos de las cat\u00e1strofes y crisis de cualquier \u00edndole, en sus m\u00e1s de 780 intervenciones, que han dejado una huella imborrable en la memoria colectiva de nuestro pa\u00eds, a la vez que han reforzado la confianza y el orgullo que la sociedad espa\u00f1ola deposita en sus Fuerzas Armadas\u201d.<\/p>\n<p>En suma, contin\u00faa la declaraci\u00f3n, \u201cla solidaridad, la humanidad, la eficacia y la dedicaci\u00f3n de los hombres y mujeres de la UME para actuar en momentos de extrema dificultad, la convierten en una instituci\u00f3n ejemplar en el servicio a los espa\u00f1oles\u201d.<\/p>\n<p>\t\t\t\t<script async src=\"https:\/\/platform.twitter.com\/widgets.js\" charset=\"utf-8\"><\/script><\/p>\n","protected":false},"excerpt":{"rendered":"07\/10\/2025 Reconocimiento Se trata de un acuerdo adoptado en el Consejo de Ministros con motivo del aniversario, hoy,&hellip;\n","protected":false},"author":2,"featured_media":2463,"comment_status":"","ping_status":"","sticky":false,"template":"","format":"standard","meta":{"footnotes":""},"categories":[8],"tags":[17,18,1616,2591,25,2586,24,2593,13,14,2588,2589,2590,2587,11,19,20,2592,2585,2584,9,10,15,16,23,12,21,22],"class_list":{"0":"post-161115","1":"post","2":"type-post","3":"status-publish","4":"format-standard","5":"has-post-thumbnail","7":"category-espana","8":"tag-breaking-news","9":"tag-breakingnews","10":"tag-defensa","11":"tag-ejrcito-espaol","12":"tag-es","13":"tag-espaa","14":"tag-espana","15":"tag-fas","16":"tag-featured-news","17":"tag-featurednews","18":"tag-ffaa","19":"tag-fuerzas-armadas","20":"tag-fuerzas-armadas-profesionales","21":"tag-gobierno-de-espaa","22":"tag-headlines","23":"tag-latest-news","24":"tag-latestnews","25":"tag-mde","26":"tag-ministerio-de-defensa","27":"tag-ministerio-defensa","28":"tag-news","29":"tag-noticias","30":"tag-noticias-destacadas","31":"tag-noticiasdestacadas","32":"tag-spain","33":"tag-titulares","34":"tag-ultimas-noticias","35":"tag-ultimasnoticias"},"share_on_mastodon":{"url":"","error":""},"_links":{"self":[{"href":"https:\/\/www.europesays.com\/es\/wp-json\/wp\/v2\/posts\/161115","targetHints":{"allow":["GET"]}}],"collection":[{"href":"https:\/\/www.europesays.com\/es\/wp-json\/wp\/v2\/posts"}],"about":[{"href":"https:\/\/www.europesays.com\/es\/wp-json\/wp\/v2\/types\/post"}],"author":[{"embeddable":true,"href":"https:\/\/www.europesays.com\/es\/wp-json\/wp\/v2\/users\/2"}],"replies":[{"embeddable":true,"href":"https:\/\/www.europesays.com\/es\/wp-json\/wp\/v2\/comments?post=161115"}],"version-history":[{"count":0,"href":"https:\/\/www.europesays.com\/es\/wp-json\/wp\/v2\/posts\/161115\/revisions"}],"wp:featuredmedia":[{"embeddable":true,"href":"https:\/\/www.europesays.com\/es\/wp-json\/wp\/v2\/media\/2463"}],"wp:attachment":[{"href":"https:\/\/www.europesays.com\/es\/wp-json\/wp\/v2\/media?parent=161115"}],"wp:term":[{"taxonomy":"category","embeddable":true,"href":"https:\/\/www.europesays.com\/es\/wp-json\/wp\/v2\/categories?post=161115"},{"taxonomy":"post_tag","embeddable":true,"href":"https:\/\/www.europesays.com\/es\/wp-json\/wp\/v2\/tags?post=161115"}],"curies":[{"name":"wp","href":"https:\/\/api.w.org\/{rel}","templated":true}]}}