{"id":161137,"date":"2025-10-07T16:02:07","date_gmt":"2025-10-07T16:02:07","guid":{"rendered":"https:\/\/www.europesays.com\/es\/161137\/"},"modified":"2025-10-07T16:02:07","modified_gmt":"2025-10-07T16:02:07","slug":"hablo-fred-machado-su-relacion-con-espert-los-aviones-y-los-200-mil-dolares-su-error-fue-negarme-dijo-sobre-el-candidato-caido-en-desgracia","status":"publish","type":"post","link":"https:\/\/www.europesays.com\/es\/161137\/","title":{"rendered":"Habl\u00f3 Fred Machado: su relaci\u00f3n con Espert, los aviones y los 200 mil d\u00f3lares | \u00abSu error fue negarme\u00bb, dijo sobre el candidato ca\u00eddo en desgracia"},"content":{"rendered":"<p>Por si faltaba alg\u00fan papel estelar en el culebr\u00f3n de la ca\u00edda de  Jos\u00e9 Luis Espert, <b>apareci\u00f3 Fred Machado para confirmar p\u00fablicamente que, adem\u00e1s de prestarle aviones, en 2019 le entreg\u00f3 al exdiputado 200 mil d\u00f3lares.<\/b>\u00a0<strong>\u201c\u00bfChe, no me pod\u00e9s hacer un aporte monetario porque estamos en bolas?\u201d, <\/strong>cont\u00f3 el empresario detenido por narcotr\u00e1fico que le pidi\u00f3 el frustrado candidato y hasta se dio el gusto de juzgarlo: <b>\u201cSu error fue negarme\u201d<\/b>.<\/p>\n<p>La sorpresiva irrupci\u00f3n de Federico \u201cFred\u201d Machado, el hombre sobre quien pesa un pedido de extradici\u00f3n de la Justicia estadounidense, tuvo lugar esta ma\u00f1ana en momentos que <b>caen las \u00faltimas piezas del relato con que Espert intent\u00f3 zafar del narcogate que lo hundi\u00f3.<\/b><\/p>\n<p>Es m\u00e1s, Machado revel\u00f3 tambi\u00e9n que cuando comenzaron a circular las versiones sobre los contactos entre ambos, \u00e9l habl\u00f3 con Espert y le aconsej\u00f3 no negar ese v\u00ednculo. <b>\u201cLe dije que se estaba metiendo en una cloaca\u201d<\/b>, afirm\u00f3.<\/p>\n<p>Las declaraciones de Machado exponen las mentiras de Espert. Tras revelar que fue el mismo diputado quien le pidi\u00f3 plata, se explay\u00f3: \u201cLa idea de apoyarlo en lo econ\u00f3mico surge porque me dec\u00eda: \u2018<strong>Te necesito, no somos muchos, somos pocos<\/strong>\u2019\u201d.\u00a0<\/p>\n<p>Macado relat\u00f3 que en le dijo a Espert que \u201cestaba por comprar un avi\u00f3n chico, que es f\u00e1cil moverse con eso, obviamente todo legal, con planes de vuelo, y me dice que lo ayudar\u00eda, que la presentaci\u00f3n del libro era para hacerse conocer. Le financi\u00e9 los gastos que necesitaba para moverse, comida&#8230;\u201d, a\u00f1adi\u00f3.<\/p>\n<p>Durante una entrevista por Radio Rivadavia, el empresario detenido cont\u00f3 que el diputado del \u201cc\u00e1rcel o bala\u201d firm\u00f3 un contrato con \u00e9l por m\u00e1s de 200 mil d\u00f3lares, porque por esos d\u00edas le <b>\u201cparec\u00eda un tipo noble con una causa honesta\u201d<\/b>, y revel\u00f3 que desde que lo conoci\u00f3 le hab\u00eda facilitado no solamente varios vuelos y sino tambi\u00e9n distintos transportes.<\/p>\n<p>Los vuelos de Espert<\/p>\n<p><b>\u201cA Viedma fuimos en mi avi\u00f3n y luego creo que fuimos a Catamarca. \u00c9l vol\u00f3 dos veces en ese avi\u00f3n. Adem\u00e1s, \u00e9l volaba en otro avi\u00f3n que le hab\u00eda puesto, que tampoco era para la campa\u00f1a, era m\u00e1s que nada para la presentaci\u00f3n del libro. Ese avi\u00f3n lo ha tenido 3 o 4 meses\u201d<\/b>, cont\u00f3.<\/p>\n<p>El viaje a Viedma refiere a la vez que Espert cont\u00f3 p\u00fablicamente cuando dijo que esa hab\u00eda sido la \u00fanica vez que viaj\u00f3 en un avi\u00f3n de Machado y que lo hizo para ir a <b>presentar un libro<\/b> en esa ciudad de la provincia de R\u00edo Negro. Pocos d\u00edas despu\u00e9s, el diputado debi\u00f3 admitir que eso era inexacto y que hab\u00eda volado en m\u00e1s de una oportunidad con naves de ese empresario.<\/p>\n<p>Luego, Machado prosigui\u00f3, \u201c<b>lo vi tres o cuatro veces, y cada vez que lo ve\u00eda era muy bizarro<\/b>. Ten\u00eda a Nazareno, a Clarita, despu\u00e9s nada no ten\u00eda nada m\u00e1s. Despu\u00e9s vino Dick Morris, y ah\u00ed apareci\u00f3 Rosales\u201d.<\/p>\n<p>El \u201cNazareno\u201d del que habl\u00f3 Machado es Nazareno Etchepare, por entonces jefe de campa\u00f1a de Espert; \u201cClarita\u201d es Clara Montero Barr\u00e9, su exvocera que en los \u00faltimos d\u00edas lo calific\u00f3 de mentiroso; Luis Rosales, su excandidato a vicepresidente; y Dick Morris, el asesor de campa\u00f1as.<\/p>\n<p>Tambi\u00e9n <b>\u201chab\u00eda dos pibes jovencitos y (la ahora diputada nacional) Lilia Lemoine. Era muy bizarro todo\u201d<\/b>, a\u00f1adi\u00f3.<\/p>\n<p>\u00abCon vos me inmolo\u00bb<\/p>\n<p>Machado tambi\u00e9n dej\u00f3 al descubierto que Espert sab\u00eda de la denuncia por narcotr\u00e1fico en su contra y que no se enter\u00f3 por televisi\u00f3n, como afirm\u00f3. \u00abCon Espert habl\u00e9 en 2021; cuando llegu\u00e9 a la Argentina lo fui a ver y no hab\u00eda ninguna alerta ni nada, porque no hab\u00eda acusaciones contra ning\u00fan accionista. Nos sentamos en la mesa, le cont\u00e9 y Espert me escuch\u00f3 asombrado\u201d, relat\u00f3.<\/p>\n<p>Sobre esa charla, revel\u00f3 tambi\u00e9n cual fue la reacci\u00f3n del Espert: <b>\u201cYo le cuento en marzo y ah\u00ed me dice algo que no me olvido m\u00e1s: no s\u00e9 si me dijo \u2018con vos me inmolo\u2019 o \u2018a m\u00ed me inmolan por vos\u2019. Me dice \u2018te creo\u2019; sin animosidad conmigo.<\/b> Esa fue la \u00faltima vez que lo vi y nunca m\u00e1s lo llam\u00e9\u201c.<\/p>\n<p>\u201cSu error fue negarme\u201d<\/p>\n<p>Machado asegur\u00f3 que Espert \u201cvaloraba mucho lo que yo le dec\u00eda\u201d. \u201cSu error fue negarme\u201d, evalu\u00f3 al ser consultado sobre los intentos de excandidato de despegarse de sus v\u00ednculos con \u00e9l.<\/p>\n<p><b>\u201cHay fotos, hay testigos. Si hubiera dicho \u2018s\u00ed, lo conoc\u00ed; me ayud\u00f3 y despu\u00e9s se meti\u00f3 en un l\u00edo\u2019, nadie lo hubiera crucificado. Pero prefiri\u00f3 negarlo\u201d<\/b>, lament\u00f3.<\/p>\n<p><b>\u00ab\u00c9l no miente cuando dice que hubo un contrato, lo hice en el 2019, es m\u00e1s de 200 mil d\u00f3lares. Lo contrat\u00e9 como para darle una mano. <\/b>La transferencia se hizo desde Aircraft Guarantly pero en 2020. Despu\u00e9s vino la pandemia. Me llam\u00f3 y me dijo: &#8216;Vamos a retomar lo del trabajo este&#8217;, y yo ya estaba con este problema porque empieza en septiembre del 2020. El tipo me dio l\u00e1stima; no era el Espert de ahora, el de \u2018c\u00e1rcel o bala\u2019. En ese momento me pareci\u00f3 un tipo macanudo, con una causa noble\u201d, relat\u00f3 Machado, que habl\u00f3 de que hab\u00edan pactado varias cuotas y m\u00e1s tarde dijo, sin mayores precisiones, que lo acordado pod\u00eda ser de 500 mil o un mill\u00f3n de d\u00f3lares.<\/p>\n<p>El hombre acusado por tr\u00e1fico de coca\u00edna dio tambi\u00e9n su versi\u00f3n sobre el d\u00eda en que Espert fue agredido mientras viajaba en una camioneta que \u00e9l le hab\u00eda prestado. Las versiones indicaron que se hab\u00eda tratado de un atentado. <b>\u201cNo fue un atentado ni fueron tiros. Pas\u00f3 por la Villa 31 y le tiraron dos piedrazos\u201d<\/b>, asegur\u00f3.<\/p>\n<p>Luego confirm\u00f3 que <b>\u201cesa camioneta era de un primo m\u00edo\u201d, en alusi\u00f3n a Claudio Ciccarelli<\/b>, el hombre signado como uno de sus socios y testaferros y que adem\u00e1s fue pareja de la diputada y candidata a senadora nacional por La Libertad Avanza (LLA) <b>Lorena Villaverde<\/b>, detenida en 2002 en Estados Unidos con medio kilo de coca\u00edna, denunciada por estafas con venta de terrenos y robo de boletas, y haber recibido un pr\u00e9stamo irregular del Banco Naci\u00f3n por 295 mil d\u00f3lares.\u00a0<\/p>\n","protected":false},"excerpt":{"rendered":"Por si faltaba alg\u00fan papel estelar en el culebr\u00f3n de la ca\u00edda de Jos\u00e9 Luis Espert, apareci\u00f3 Fred&hellip;\n","protected":false},"author":2,"featured_media":161138,"comment_status":"","ping_status":"","sticky":false,"template":"","format":"standard","meta":{"footnotes":""},"categories":[42],"tags":[17,18,17847,13,14,47813,11,61,62,63,64,45507,19,20,9,10,15,16,12,21,22,65,66,67],"class_list":{"0":"post-161137","1":"post","2":"type-post","3":"status-publish","4":"format-standard","5":"has-post-thumbnail","7":"category-internacional","8":"tag-breaking-news","9":"tag-breakingnews","10":"tag-el-pais","11":"tag-featured-news","12":"tag-featurednews","13":"tag-fred-machado","14":"tag-headlines","15":"tag-internacional","16":"tag-international","17":"tag-international-news","18":"tag-internationalnews","19":"tag-jose-luis-espert","20":"tag-latest-news","21":"tag-latestnews","22":"tag-news","23":"tag-noticias","24":"tag-noticias-destacadas","25":"tag-noticiasdestacadas","26":"tag-titulares","27":"tag-ultimas-noticias","28":"tag-ultimasnoticias","29":"tag-world","30":"tag-world-news","31":"tag-worldnews"},"share_on_mastodon":{"url":"","error":""},"_links":{"self":[{"href":"https:\/\/www.europesays.com\/es\/wp-json\/wp\/v2\/posts\/161137","targetHints":{"allow":["GET"]}}],"collection":[{"href":"https:\/\/www.europesays.com\/es\/wp-json\/wp\/v2\/posts"}],"about":[{"href":"https:\/\/www.europesays.com\/es\/wp-json\/wp\/v2\/types\/post"}],"author":[{"embeddable":true,"href":"https:\/\/www.europesays.com\/es\/wp-json\/wp\/v2\/users\/2"}],"replies":[{"embeddable":true,"href":"https:\/\/www.europesays.com\/es\/wp-json\/wp\/v2\/comments?post=161137"}],"version-history":[{"count":0,"href":"https:\/\/www.europesays.com\/es\/wp-json\/wp\/v2\/posts\/161137\/revisions"}],"wp:featuredmedia":[{"embeddable":true,"href":"https:\/\/www.europesays.com\/es\/wp-json\/wp\/v2\/media\/161138"}],"wp:attachment":[{"href":"https:\/\/www.europesays.com\/es\/wp-json\/wp\/v2\/media?parent=161137"}],"wp:term":[{"taxonomy":"category","embeddable":true,"href":"https:\/\/www.europesays.com\/es\/wp-json\/wp\/v2\/categories?post=161137"},{"taxonomy":"post_tag","embeddable":true,"href":"https:\/\/www.europesays.com\/es\/wp-json\/wp\/v2\/tags?post=161137"}],"curies":[{"name":"wp","href":"https:\/\/api.w.org\/{rel}","templated":true}]}}