{"id":161143,"date":"2025-10-07T16:05:09","date_gmt":"2025-10-07T16:05:09","guid":{"rendered":"https:\/\/www.europesays.com\/es\/161143\/"},"modified":"2025-10-07T16:05:09","modified_gmt":"2025-10-07T16:05:09","slug":"el-balonmano-galdar-gran-canaria-inicia-la-temporada-2025-2026-con-un-proyecto-solido-y-arraigado","status":"publish","type":"post","link":"https:\/\/www.europesays.com\/es\/161143\/","title":{"rendered":"El Balonmano G\u00e1ldar Gran Canaria inicia la temporada 2025-2026 con un proyecto s\u00f3lido y arraigado"},"content":{"rendered":"<p style=\"text-align:justify;\">La Sala S\u00e1bor de las Casas Consistoriales del Ayuntamiento de G\u00e1ldar acogi\u00f3 la presentaci\u00f3n oficial del Balonmano G\u00e1ldar Gran Canaria para la temporada 2025-2026, en un acto con autoridades, patrocinadores y representantes del deporte insular.<\/p>\n<p style=\"text-align:justify;\">\u00a0<\/p>\n<p style=\"text-align:justify;\">El evento cont\u00f3 con la participaci\u00f3n del alcalde de G\u00e1ldar, Teodoro Sosa, el consejero de Deportes del Cabildo, Aridany Romero, y la vicepresidenta de la Federaci\u00f3n Gran Canaria de Balonmano, Nandi Espino.<\/p>\n<p style=\"text-align:justify;\">\u00a0<\/p>\n<p style=\"text-align:justify;\">El club afronta la campa\u00f1a tras un a\u00f1o hist\u00f3rico, en el que logr\u00f3 el segundo puesto en liga y disput\u00f3 la Fase de Ascenso en C\u00f3rdoba, con un equipo formado mayoritariamente por jugadores de la cantera. Este 2025-2026 ser\u00e1 adem\u00e1s especial: se cumplen 17 a\u00f1os de la fundaci\u00f3n del club y 53 a\u00f1os de la llegada del balonmano a G\u00e1ldar.<\/p>\n<p style=\"text-align:justify;\">\u00a0<\/p>\n<p style=\"text-align:justify;\">El director deportivo, Aday S\u00e1nchez, subray\u00f3 que el proyecto \u201csigue priorizando la formaci\u00f3n y los valores, m\u00e1s all\u00e1 de los resultados deportivos\u201d, recordando el ejemplo de jugadores como \u00c1lvaro D\u00edaz, Yanis Ram\u00edrez o Alberto Delgado, campe\u00f3n mundial y europeo, a quien se enviaron \u00e1nimos tras su reciente lesi\u00f3n.<\/p>\n<p style=\"text-align:justify;\">\u00a0<\/p>\n<p style=\"text-align:justify;\"><img decoding=\"async\" alt=\"[Img #32621]\" class=\"RichTextAlignCenter\" src=\"https:\/\/www.europesays.com\/es\/wp-content\/uploads\/2025\/10\/6583_1acc0fc8-cce4-4b5d-be07-c4669c83fd05.jpg\"\/><\/p>\n<p style=\"text-align:justify;\">\u00a0<\/p>\n<p style=\"text-align:justify;\">En su intervenci\u00f3n, el alcalde Teodoro Sosa se\u00f1al\u00f3 que \u201cG\u00e1ldar ha vivido ligado al balonmano. Es nuestra identidad como pueblo. El hecho de estar anclados en la base es una victoria\u201d. El consejero Aridany Romero reafirm\u00f3 que \u201cno estamos aqu\u00ed solo para satisfacer cuando se cumplen los objetivos deportivos, sino para reconocer lo que se lleva haciendo mucho tiempo\u201d. Por su parte, la vicepresidenta Nandi Espino destac\u00f3 que \u201cel Balonmano Galdar es un reflejo del trabajo, del compromiso y del amor que le ponen a nuestro deporte\u201d.<\/p>\n<p style=\"text-align:justify;\">\u00a0<\/p>\n<p style=\"text-align:justify;\">El club agradeci\u00f3 el apoyo de las instituciones p\u00fablicas \u2013Ayuntamiento, Cabildo y Gobierno de Canarias\u2013 y de los patrocinadores privados, subrayando que esta colaboraci\u00f3n es clave para mantener un proyecto con identidad propia.<\/p>\n<p style=\"text-align:justify;\">\u00a0<\/p>\n<p style=\"text-align:justify;\">Con este acto, el Balonmano G\u00e1ldar Gran Canaria da inicio a una temporada ilusionante, reforzando su compromiso con la cantera y con el deporte como motor de identidad y orgullo para Gran Canaria.<\/p>\n","protected":false},"excerpt":{"rendered":"La Sala S\u00e1bor de las Casas Consistoriales del Ayuntamiento de G\u00e1ldar acogi\u00f3 la presentaci\u00f3n oficial del Balonmano G\u00e1ldar&hellip;\n","protected":false},"author":2,"featured_media":161144,"comment_status":"","ping_status":"","sticky":false,"template":"","format":"standard","meta":{"footnotes":""},"categories":[278],"tags":[376,168,25,24,375,12595,23,167],"class_list":{"0":"post-161143","1":"post","2":"type-post","3":"status-publish","4":"format-standard","5":"has-post-thumbnail","7":"category-balonmano","8":"tag-balonmano","9":"tag-deportes","10":"tag-es","11":"tag-espana","12":"tag-handball","13":"tag-informacion-del-noroeste-de-gran-canaria","14":"tag-spain","15":"tag-sports"},"share_on_mastodon":{"url":"","error":""},"_links":{"self":[{"href":"https:\/\/www.europesays.com\/es\/wp-json\/wp\/v2\/posts\/161143","targetHints":{"allow":["GET"]}}],"collection":[{"href":"https:\/\/www.europesays.com\/es\/wp-json\/wp\/v2\/posts"}],"about":[{"href":"https:\/\/www.europesays.com\/es\/wp-json\/wp\/v2\/types\/post"}],"author":[{"embeddable":true,"href":"https:\/\/www.europesays.com\/es\/wp-json\/wp\/v2\/users\/2"}],"replies":[{"embeddable":true,"href":"https:\/\/www.europesays.com\/es\/wp-json\/wp\/v2\/comments?post=161143"}],"version-history":[{"count":0,"href":"https:\/\/www.europesays.com\/es\/wp-json\/wp\/v2\/posts\/161143\/revisions"}],"wp:featuredmedia":[{"embeddable":true,"href":"https:\/\/www.europesays.com\/es\/wp-json\/wp\/v2\/media\/161144"}],"wp:attachment":[{"href":"https:\/\/www.europesays.com\/es\/wp-json\/wp\/v2\/media?parent=161143"}],"wp:term":[{"taxonomy":"category","embeddable":true,"href":"https:\/\/www.europesays.com\/es\/wp-json\/wp\/v2\/categories?post=161143"},{"taxonomy":"post_tag","embeddable":true,"href":"https:\/\/www.europesays.com\/es\/wp-json\/wp\/v2\/tags?post=161143"}],"curies":[{"name":"wp","href":"https:\/\/api.w.org\/{rel}","templated":true}]}}