{"id":161147,"date":"2025-10-07T16:07:09","date_gmt":"2025-10-07T16:07:09","guid":{"rendered":"https:\/\/www.europesays.com\/es\/161147\/"},"modified":"2025-10-07T16:07:09","modified_gmt":"2025-10-07T16:07:09","slug":"el-rey-esta-volviendo-nadie-esta-a-salvo","status":"publish","type":"post","link":"https:\/\/www.europesays.com\/es\/161147\/","title":{"rendered":"El rey est\u00e1 volviendo, nadie est\u00e1 a salvo"},"content":{"rendered":"\n<ul class=\"bodyList bodyList--unordered\">\n<li class=\"bodyList__item\"><a href=\"https:\/\/www.elconfidencial.com\/deportes\/boxeo-y-artes-marciales\/2025-10-02\/topuria-doble-campeon-mundo-ufc-podria-ganar-mcgregor-mejor-momento_4220270\/\" target=\"_self\" rel=\"nofollow noopener\">Topuria, doble campe\u00f3n del mundo de UFC: \u00abPodr\u00eda ganar a McGregor en su mejor momento\u00bb<\/a><\/li>\n<li class=\"bodyList__item\"><a href=\"https:\/\/www.elconfidencial.com\/deportes\/boxeo-y-artes-marciales\/2025-09-30\/sean-o-malley-ufc-topuria-mejor-peleador-mejor-historia-jon-jones_4219308\/\" target=\"_self\" rel=\"nofollow noopener\">Sean O&#8217;Malley, excampe\u00f3n de peso gallo de UFC: \u00abTopuria es el mejor peleador que haya pisado la tierra. Incluso por encima de Jon Jones\u00bb<\/a><\/li>\n<\/ul>\n<p> <a href=\"https:\/\/www.elconfidencial.com\/deportes\/boxeo-y-artes-marciales\/2025-09-16\/ilia-topuria-19-anos-fui-suecia-encerraron-peleador-ufc-lo-finalice-primer-asalto_4210265\/\" target=\"_self\" rel=\"nofollow noopener\">Ilia Topuria<\/a> espera un nuevo reto en la UFC. Desde que el 28 de junio noquease a <strong>Charles Oliveira<\/strong>, alz\u00e1ndose con el cintur\u00f3n de peso ligero, no ha vuelto a pelear. Durante estos meses han salido rumores sobre sus posibles contendientes: <a href=\"https:\/\/www.elconfidencial.com\/deportes\/boxeo-y-artes-marciales\/2025-09-24\/paddy-pimblett-reta-topuria-santiago-bernabeu-antro-de-mierda_4215303\/\" target=\"_self\" rel=\"nofollow noopener\">Paddy Pimblett<\/a>,<strong> Justin Gaethje, <\/strong><a href=\"https:\/\/www.elconfidencial.com\/deportes\/boxeo-y-artes-marciales\/2025-07-21\/topuria-pique-holloway-vencer-poirier-posible-revancha_4176752\/\" target=\"_self\" rel=\"nofollow noopener\">Max Holloway<\/a>,<strong> Armand Tsarukyan\u2026<\/strong> <\/p>\n<p> La compa\u00f1\u00eda no ha dado ninguna informaci\u00f3n sobre el regreso de Ilia en el que defender\u00eda cintur\u00f3n, pero mientras tanto, el hispanogeorgiano va dando pistas sobre su futuro con una imagen subida de \u00e9l con una pose desafiante con unos guantes de la UFC, acompa\u00f1ada del siguiente texto: \u00ab<strong>El rey est\u00e1 volviendo. Nadie est\u00e1 a salvo. P\u00f3ngalos en fila. \u00a1La conquista contin\u00faa!<\/strong>\u00ab. <\/p>\n<p>              <img decoding=\"async\" class=\"inTextNews__img\" alt=\"Foto: agustin-climent-exentrenador-topuria-tailandia-revento-maestro-noqueo\" src=\"https:\/\/www.europesays.com\/es\/wp-content\/uploads\/2025\/10\/f.elconfidencial.com\/original\/1b8\/604\/445\/1b86044459d4dafdc335b27b6941f0fb.jpg\"  \/>     <\/p>\n<p>TE PUEDE INTERESAR<\/p>\n<p>      <a class=\"inTextNews__title\" href=\"https:\/\/www.elconfidencial.com\/deportes\/boxeo-y-artes-marciales\/2025-09-30\/agustin-climent-exentrenador-topuria-tailandia-revento-maestro-noqueo_4219460\/\" onclick=\"window.ECCO.emit(&#039;amplitude&#039;, { dataEventName: &#039;click_related_article_module&#039;, data: { related_article_url: &#039;https:\/\/www.elconfidencial.com\/deportes\/boxeo-y-artes-marciales\/2025-09-30\/agustin-climent-exentrenador-topuria-tailandia-revento-maestro-noqueo_4219460\/&#039;, related_article_author: &#039;\u00c1lvaro El\u00edas&#039;, related_article_section: &#039;boxeo-y-artes-marciales&#039; } })\" rel=\"nofollow noopener\" target=\"_blank\"> Agust\u00edn Climent, exentrenador de Topuria: \u00abCu\u00e1ndo llegamos a Tailandia empezaba a reventar a los maestros, los noqueaba a todos\u00bb <\/a>   <\/p>\n<p>    \u00c1lvaro El\u00edas   <\/p>\n<p> La publicaci\u00f3n fue comentada por <strong>Merab Dvalishvili<\/strong>, actual campe\u00f3n del peso gallo y amigo de Ilia, y uno de sus entrenadores, <a href=\"https:\/\/www.elconfidencial.com\/deportes\/boxeo-y-artes-marciales\/2025-07-28\/javi-climent-entrenador-ilia-topuria-emociona-pensar-topuria-tener-carrera-boxeador_4181733\/\" target=\"_self\" rel=\"nofollow noopener\">Javi Climent<\/a>: \u00abEl campe\u00f3n est\u00e1 aqu\u00ed\u00bb. La intenci\u00f3n de<strong> Topuria era pelear a finales de a\u00f1o<\/strong>, pero parece que la opci\u00f3n m\u00e1s realista es que regrese en<strong> enero del 2026, en el UFC 324<\/strong>. <\/p>\n<p> El rival es toda una inc\u00f3gnita. El que se ha descartado ha sido <strong>Tsarukyan<\/strong>, n\u00famero uno de la divisi\u00f3n. El <strong>armenio pelear\u00e1 en el UFC Catar del 22 de noviembre ante Dan Hooker,<\/strong> all\u00ed deber\u00e1 ganarse la oportunidad de pelear por el cintur\u00f3n despu\u00e9s de caer un d\u00eda antes de su pelea ante Makhachev el pasado enero. En ese mismo evento luchar\u00e1 <strong>Aleksandre Topuria<\/strong>, por lo que para dejar espacio entre ambos campamentos se descarta que Ilia no pele\u00e9 hasta el a\u00f1o que viene. <\/p>\n<blockquote class=\"instagram-media\" data-instgrm-captioned=\"\" data-instgrm-permalink=\"https:\/\/www.instagram.com\/p\/DPgCftKDI7D\/?utm_source=ig_embed&amp;utm_campaign=loading\" data-instgrm-version=\"14\" style=\" background:#FFF; border:0; border-radius:3px; box-shadow:0 0 1px 0 rgba(0,0,0,0.5),0 1px 10px 0 rgba(0,0,0,0.15); margin: 1px; max-width:540px; min-width:326px; padding:0; width:99.375%; width:-webkit-calc(100% - 2px); width:calc(100% - 2px);\"\/>\n<p> Por lo que las opciones m\u00e1s viables son <strong>Pimblett o <\/strong><a href=\"https:\/\/www.elconfidencial.com\/deportes\/boxeo-y-artes-marciales\/2025-07-24\/topuria-proximo-rival-gaethje-ufc-presiona-combate_4178938\/\" target=\"_self\" rel=\"nofollow noopener\">Gaethje<\/a>. El primero ser\u00eda un combate atractivo por la <strong>enemistad que se tienen <\/strong>y por el cara a cara que protagonizaron tras la victoria de El Matador a Oliveira. Despu\u00e9s est\u00e1 el <strong>estadounidense<\/strong>, que es el que <strong>m\u00e1s se lo merece, siendo el n\u00famero tres<\/strong> de la divisi\u00f3n. <\/p>\n<p>         <script async src=\"\/\/www.instagram.com\/embed.js\"><\/script><\/p>\n","protected":false},"excerpt":{"rendered":"Topuria, doble campe\u00f3n del mundo de UFC: \u00abPodr\u00eda ganar a McGregor en su mejor momento\u00bb Sean O&#8217;Malley, excampe\u00f3n&hellip;\n","protected":false},"author":2,"featured_media":161148,"comment_status":"","ping_status":"","sticky":false,"template":"","format":"standard","meta":{"footnotes":""},"categories":[276],"tags":[168,25,24,23,167,343],"class_list":{"0":"post-161147","1":"post","2":"type-post","3":"status-publish","4":"format-standard","5":"has-post-thumbnail","7":"category-ufc","8":"tag-deportes","9":"tag-es","10":"tag-espana","11":"tag-spain","12":"tag-sports","13":"tag-ufc"},"share_on_mastodon":{"url":"","error":""},"_links":{"self":[{"href":"https:\/\/www.europesays.com\/es\/wp-json\/wp\/v2\/posts\/161147","targetHints":{"allow":["GET"]}}],"collection":[{"href":"https:\/\/www.europesays.com\/es\/wp-json\/wp\/v2\/posts"}],"about":[{"href":"https:\/\/www.europesays.com\/es\/wp-json\/wp\/v2\/types\/post"}],"author":[{"embeddable":true,"href":"https:\/\/www.europesays.com\/es\/wp-json\/wp\/v2\/users\/2"}],"replies":[{"embeddable":true,"href":"https:\/\/www.europesays.com\/es\/wp-json\/wp\/v2\/comments?post=161147"}],"version-history":[{"count":0,"href":"https:\/\/www.europesays.com\/es\/wp-json\/wp\/v2\/posts\/161147\/revisions"}],"wp:featuredmedia":[{"embeddable":true,"href":"https:\/\/www.europesays.com\/es\/wp-json\/wp\/v2\/media\/161148"}],"wp:attachment":[{"href":"https:\/\/www.europesays.com\/es\/wp-json\/wp\/v2\/media?parent=161147"}],"wp:term":[{"taxonomy":"category","embeddable":true,"href":"https:\/\/www.europesays.com\/es\/wp-json\/wp\/v2\/categories?post=161147"},{"taxonomy":"post_tag","embeddable":true,"href":"https:\/\/www.europesays.com\/es\/wp-json\/wp\/v2\/tags?post=161147"}],"curies":[{"name":"wp","href":"https:\/\/api.w.org\/{rel}","templated":true}]}}