{"id":161153,"date":"2025-10-07T16:14:15","date_gmt":"2025-10-07T16:14:15","guid":{"rendered":"https:\/\/www.europesays.com\/es\/161153\/"},"modified":"2025-10-07T16:14:15","modified_gmt":"2025-10-07T16:14:15","slug":"yo-sola-no-me-puedo-bajar-la-cremallera","status":"publish","type":"post","link":"https:\/\/www.europesays.com\/es\/161153\/","title":{"rendered":"\u00abYo sola no me puedo bajar la cremallera\u00bb"},"content":{"rendered":"<p>                                    <img decoding=\"async\" loading=\"lazy\" src=\"https:\/\/www.europesays.com\/es\/wp-content\/uploads\/2025\/10\/68cbece5d2b43.jpeg\" alt=\"Patricia de la Torre\" width=\"40\" height=\"40\" data-full-src=\"https:\/\/www.europesays.com\/es\/wp-content\/uploads\/2025\/10\/68cbece5d2b43.jpeg\"\/><\/p>\n<p class=\"paragraph\"><a href=\"https:\/\/www.diariodeleon.es\/leon\/241226\/1748352\/verdaderos-origenes-carmen-lomana.html\" rel=\"nofollow noopener\" target=\"_blank\">Carmen Lomana<\/a> vuelve a estar en el centro de la conversaci\u00f3n medi\u00e1tica. Hace unos d\u00edas sorprend\u00eda en redes con una publicaci\u00f3n en Instagram en formato v\u00eddeo, en la que presentaba a su novio Antonio (el inspector de Hacienda al que ha bautizado como su \u00abnovio fijo discontinuo\u00bb) en im\u00e1genes frente a un espejo, y que terminaba con una instant\u00e1nea muy sensual.<\/p>\n<p class=\"paragraph\">La imagen, tomada frente a un espejo, la muestra de espaldas con la cremallera del vestido bajada casi hasta la cintura. Una publicaci\u00f3n que desat\u00f3 rumores y cr\u00edticas, pero a la que Lomana respondi\u00f3 con su habitual desparpajo durante &#8216;Tribunal Lomana&#8217;, la secci\u00f3n que conduce cada semana en Las Ma\u00f1anas Kiss: \u00abYo sola no me puedo bajar la cremallera\u00bb.<\/p>\n<p>            <a href=\"#\" title=\"\"><\/p>\n<p>                    <img loading=\"lazy\" decoding=\"async\" data-index=\"\" width=\"140\" height=\"140\" alt=\"Carmen Lomana, durante una reciente intervenci\u00f3n medi\u00e1tica, donde volvi\u00f3 a mostrar su estilo inconfundible y su opini\u00f3n sin filtros sobre moda, protocolo y estilo de vida\" data-full=\"[object Object]\" data-original=\"[object Object]\" src=\"https:\/\/imagenes.diariodeleon.es\/files\/related_image\/uploads\/2025\/09\/29\/68da583bb71ff.jpeg\" data-full-src=\"https:\/\/www.europesays.com\/es\/wp-content\/uploads\/2025\/10\/68da583bb71ff.jpeg\"\/><\/p>\n<p>            <\/a><\/p>\n<p>    Entre el humor y la pol\u00e9mica<\/p>\n<p class=\"paragraph\">Lejos de sentirse intimidada por las reacciones, Lomana se tom\u00f3 el asunto con iron\u00eda. \u00abYo soy un poco descarada, ya sabes\u00bb, confes\u00f3 en antena, consciente del impacto que genera cada uno de sus movimientos p\u00fablicos.\u00a0<\/p>\n<p class=\"paragraph\">La controversia no es nueva. Hace apenas unos d\u00edas, <a href=\"https:\/\/www.diariodeleon.es\/sociedad\/gente\/250929\/2061286\/carmen-lomana-novio-pelea-celos-instagram.html\" rel=\"nofollow noopener\" target=\"_blank\">Carmen revelaba sus peleas m\u00e1s \u00edntimas<\/a>. En este contexto, la foto de la cremallera no hizo m\u00e1s que alimentar el debate sobre su nueva vida amorosa y su estilo de mostrarla.<\/p>\n<p class=\"c-detail__media__subtitle\">\n<p>        La fotograf\u00eda m\u00e1s comentada de Carmen Lomana en Instagram, con la cremallera bajada, que desat\u00f3 rumores y cr\u00edticas en redes.Instagram de Carmen Lomana<\/p>\n<p class=\"paragraph\">Lo interesante es que Lomana se muestra enamorada, pero tambi\u00e9n reivindica su independencia. En el propio programa lo dej\u00f3 claro al hablar de Antonio y de sus escapadas a Par\u00eds sin \u00e9l: \u00abAqu\u00ed cada uno hace lo que quiere\u00bb.\u00a0<\/p>\n<p>La foto que incendi\u00f3 Instagram<\/p>\n<p class=\"paragraph\">La imagen con la cremallera bajada ha sido analizada desde varios \u00e1ngulos. Para algunos, es una provocaci\u00f3n innecesaria; para otros, un gesto de autoafirmaci\u00f3n y sensualidad madura. Lomana, sin embargo, no busca convencer a nadie. Prefiere provocar, divertirse y, sobre todo, no dejarse encasillar. \u00abNo es lo mismo estar sola\u2026 la juerga me la corta\u00bb, dijo tambi\u00e9n en Las Ma\u00f1anas Kiss, dejando claro que, con o sin pareja, seguir\u00e1 disfrutando de su vida sin pedir permiso.<\/p>\n","protected":false},"excerpt":{"rendered":"Carmen Lomana vuelve a estar en el centro de la conversaci\u00f3n medi\u00e1tica. Hace unos d\u00edas sorprend\u00eda en redes&hellip;\n","protected":false},"author":2,"featured_media":161154,"comment_status":"","ping_status":"","sticky":false,"template":"","format":"standard","meta":{"footnotes":""},"categories":[174],"tags":[255,146,147,25,24,256,24705,4342,4759,23],"class_list":{"0":"post-161153","1":"post","2":"type-post","3":"status-publish","4":"format-standard","5":"has-post-thumbnail","7":"category-famosos","8":"tag-celebrities","9":"tag-entertainment","10":"tag-entretenimiento","11":"tag-es","12":"tag-espana","13":"tag-famosos","14":"tag-humor","15":"tag-incendios","16":"tag-paris","17":"tag-spain"},"share_on_mastodon":{"url":"","error":""},"_links":{"self":[{"href":"https:\/\/www.europesays.com\/es\/wp-json\/wp\/v2\/posts\/161153","targetHints":{"allow":["GET"]}}],"collection":[{"href":"https:\/\/www.europesays.com\/es\/wp-json\/wp\/v2\/posts"}],"about":[{"href":"https:\/\/www.europesays.com\/es\/wp-json\/wp\/v2\/types\/post"}],"author":[{"embeddable":true,"href":"https:\/\/www.europesays.com\/es\/wp-json\/wp\/v2\/users\/2"}],"replies":[{"embeddable":true,"href":"https:\/\/www.europesays.com\/es\/wp-json\/wp\/v2\/comments?post=161153"}],"version-history":[{"count":0,"href":"https:\/\/www.europesays.com\/es\/wp-json\/wp\/v2\/posts\/161153\/revisions"}],"wp:featuredmedia":[{"embeddable":true,"href":"https:\/\/www.europesays.com\/es\/wp-json\/wp\/v2\/media\/161154"}],"wp:attachment":[{"href":"https:\/\/www.europesays.com\/es\/wp-json\/wp\/v2\/media?parent=161153"}],"wp:term":[{"taxonomy":"category","embeddable":true,"href":"https:\/\/www.europesays.com\/es\/wp-json\/wp\/v2\/categories?post=161153"},{"taxonomy":"post_tag","embeddable":true,"href":"https:\/\/www.europesays.com\/es\/wp-json\/wp\/v2\/tags?post=161153"}],"curies":[{"name":"wp","href":"https:\/\/api.w.org\/{rel}","templated":true}]}}