{"id":161156,"date":"2025-10-07T16:21:08","date_gmt":"2025-10-07T16:21:08","guid":{"rendered":"https:\/\/www.europesays.com\/es\/161156\/"},"modified":"2025-10-07T16:21:08","modified_gmt":"2025-10-07T16:21:08","slug":"el-govern-senala-a-los-antivacunas-por-el-brote-de-sarampion-en-el-garraf-el-negacionismo-de-algunos-tiene-consecuencias-noticias-de-cataluna","status":"publish","type":"post","link":"https:\/\/www.europesays.com\/es\/161156\/","title":{"rendered":"El Govern se\u00f1ala a los antivacunas por el brote de sarampi\u00f3n en el Garraf: \u201cEl negacionismo de algunos tiene consecuencias\u201d | Noticias de Catalu\u00f1a"},"content":{"rendered":"<p class=\"\">La Generalitat de Catalu\u00f1a ha culpabilizado a los \u201cnegacionistas\u201d de <a href=\"https:\/\/elpais.com\/sociedad\/2025-02-25\/el-sarampion-se-dispara-en-espana-con-ocho-brotes-abiertos-y-al-menos-107-casos-desde-enero.html\" target=\"_blank\" rel=\"noreferrer nofollow noopener\" title=\"https:\/\/elpais.com\/sociedad\/2025-02-25\/el-sarampion-se-dispara-en-espana-con-ocho-brotes-abiertos-y-al-menos-107-casos-desde-enero.html\">provocar el brote de sarampi\u00f3n<\/a> que afecta de momento a ocho personas en Sant Pere de Ribes (Garraf, Barcelona). El brote contin\u00faa activo, seg\u00fan el Departamento de Salud, que da por seguro el aumento del n\u00famero de infectados. \u201cTodo ello es por culpa de las creencias negacionistas que hace que la gente no se vacune\u201d, ha criticado la portavoz del Govern, S\u00edlvia Paneque. <\/p>\n<p class=\"\">El primer caso tuvo los s\u00edntomas iniciales a principios de septiembre; y el resto de afectados, a finales de mes. Los positivos tienen entre 7 y 44 a\u00f1os, aunque la mayor\u00eda son adolescentes y j\u00f3venes. <a href=\"https:\/\/elpais.com\/sociedad\/2025-07-17\/el-regreso-de-una-enfermedad-prevenible-el-sarampion-causa-cuatro-muertes-en-francia-paises-bajos-y-reino-unido.html\" target=\"_blank\" rel=\"noreferrer nofollow noopener\" title=\"https:\/\/elpais.com\/sociedad\/2025-07-17\/el-regreso-de-una-enfermedad-prevenible-el-sarampion-causa-cuatro-muertes-en-francia-paises-bajos-y-reino-unido.html\">Seis no estaban vacunadas y tres han necesitado ingreso hospitalario<\/a>. Tras investigar los posibles circuitos de transmisi\u00f3n, con una elevada movilidad e interacci\u00f3n social, la consejer\u00eda considera que el riesgo de diseminaci\u00f3n es \u201calto\u201d. En total, unas 300 personas han tenido relaci\u00f3n con las personas enfermas, de las cuales, unas 100 est\u00e1n en observaci\u00f3n, seg\u00fan ha admitido esta ma\u00f1ana el secretario de Salud P\u00fablica, Esteve Fern\u00e1ndez, en una entrevista en Rac 1. <\/p>\n<p class=\"\">\u201cPor suerte, la sociedad catalana tiene una gran cobertura contra el sarampi\u00f3n\u201d, ha celebrado Paneque en su comparecencia. La comunidad cuenta con una protecci\u00f3n del 95% de su poblaci\u00f3n. \u201cDe no ser as\u00ed, ahora tendr\u00edamos un problema mucho m\u00e1s grave\u201d, ha insistido. <\/p>\n<p class=\"\">La portavoz tambi\u00e9n se ha referido al <a href=\"https:\/\/elpais.com\/espana\/catalunya\/2025-10-04\/sacrifican-123-terneros-en-cataluna-al-confirmarse-el-primer-caso-de-dermatosis-nodular-en-espana.html\" target=\"_blank\" rel=\"noreferrer nofollow noopener\" title=\"https:\/\/elpais.com\/espana\/catalunya\/2025-10-04\/sacrifican-123-terneros-en-cataluna-al-confirmarse-el-primer-caso-de-dermatosis-nodular-en-espana.html\">brote de dermatosis nodular<\/a> que afecta a dos explotaciones bovinas de Girona, enfermedad que no se transmite a humanos. \u201cNi el consumo de leche ni el de carne puede implicar ning\u00fan problema de salud\u201d, ha remarcado la socialista, que ha anunciado que el Govern destinar\u00e1 cuatro millones de euros para las afectaciones econ\u00f3micas que el sector pueda sufrir. \u201cLa comunicaci\u00f3n r\u00e1pida de los ganaderos al conocer los positivos ha evitado males mayores\u201d, ha agradecido. <\/p>\n<p class=\"\">La dermatosi nodular una enfermedad que requiere ser \u201cerradicada inmediatamente\u201d, y el Govern ha iniciado un proceso de vacunaci\u00f3n tras detectar los dos positivos. \u201cLa enfermedad requiere una respuesta r\u00e1pida porque se transmite muy f\u00e1cilmente\u201d, remarca el Govern. <\/p>\n<p>Obras en la R3<\/p>\n<p class=\"\">Sobre la entrada en<a href=\"https:\/\/elpais.com\/espana\/catalunya\/2025-10-06\/la-r3-de-rodalies-comienza-este-martes-un-corte-ferroviario-que-se-alargara-hasta-enero-de-2027.html\" target=\"_blank\" rel=\"noreferrer nofollow noopener\" title=\"https:\/\/elpais.com\/espana\/catalunya\/2025-10-06\/la-r3-de-rodalies-comienza-este-martes-un-corte-ferroviario-que-se-alargara-hasta-enero-de-2027.html\"> servicio del circuito alternativo de autocares<\/a> por las obras de desdoblamiento de la l\u00ednea R3 entre Parets del Vall\u00e8s y la Garriga, que durar\u00e1n 16 meses, Paneque ha asegurado que est\u00e1 funcionando \u201crazonablemente bien\u201d. La consejera, que esta ma\u00f1ana ha visitado las obras en Parets, ha asegurado que el Govern asumir\u00e1 nuevos ajustes si estos fueran necesarios despu\u00e9s de que los usuarios. \u201cEn un plan de 60 millones de euros [lo que cuesta este servicio alternativo], hacer estos ajustes no implica una gran inversi\u00f3n\u201d, ha remarcado por la ma\u00f1ana.<\/p>\n","protected":false},"excerpt":{"rendered":"La Generalitat de Catalu\u00f1a ha culpabilizado a los \u201cnegacionistas\u201d de provocar el brote de sarampi\u00f3n que afecta de&hellip;\n","protected":false},"author":2,"featured_media":161157,"comment_status":"","ping_status":"","sticky":false,"template":"","format":"standard","meta":{"footnotes":""},"categories":[92],"tags":[47818,1980,8174,6324,25,24,4344,165,32056,16261,47817,952,14637,166,13347,3829,47816,23],"class_list":{"0":"post-161156","1":"post","2":"type-post","3":"status-publish","4":"format-standard","5":"has-post-thumbnail","7":"category-salud","8":"tag-cat-en-comu","9":"tag-cataluna","10":"tag-cercanias","11":"tag-erc","12":"tag-es","13":"tag-espana","14":"tag-generalitat-cataluna","15":"tag-health","16":"tag-obras-ampliacion","17":"tag-pactos-politicos","18":"tag-parlament-cataluna","19":"tag-politica","20":"tag-psc","21":"tag-salud","22":"tag-salvador-illa","23":"tag-sarampion","24":"tag-silvia-paneque","25":"tag-spain"},"share_on_mastodon":{"url":"","error":""},"_links":{"self":[{"href":"https:\/\/www.europesays.com\/es\/wp-json\/wp\/v2\/posts\/161156","targetHints":{"allow":["GET"]}}],"collection":[{"href":"https:\/\/www.europesays.com\/es\/wp-json\/wp\/v2\/posts"}],"about":[{"href":"https:\/\/www.europesays.com\/es\/wp-json\/wp\/v2\/types\/post"}],"author":[{"embeddable":true,"href":"https:\/\/www.europesays.com\/es\/wp-json\/wp\/v2\/users\/2"}],"replies":[{"embeddable":true,"href":"https:\/\/www.europesays.com\/es\/wp-json\/wp\/v2\/comments?post=161156"}],"version-history":[{"count":0,"href":"https:\/\/www.europesays.com\/es\/wp-json\/wp\/v2\/posts\/161156\/revisions"}],"wp:featuredmedia":[{"embeddable":true,"href":"https:\/\/www.europesays.com\/es\/wp-json\/wp\/v2\/media\/161157"}],"wp:attachment":[{"href":"https:\/\/www.europesays.com\/es\/wp-json\/wp\/v2\/media?parent=161156"}],"wp:term":[{"taxonomy":"category","embeddable":true,"href":"https:\/\/www.europesays.com\/es\/wp-json\/wp\/v2\/categories?post=161156"},{"taxonomy":"post_tag","embeddable":true,"href":"https:\/\/www.europesays.com\/es\/wp-json\/wp\/v2\/tags?post=161156"}],"curies":[{"name":"wp","href":"https:\/\/api.w.org\/{rel}","templated":true}]}}