{"id":161158,"date":"2025-10-07T16:22:12","date_gmt":"2025-10-07T16:22:12","guid":{"rendered":"https:\/\/www.europesays.com\/es\/161158\/"},"modified":"2025-10-07T16:22:12","modified_gmt":"2025-10-07T16:22:12","slug":"maruja-mallo-la-imaginera-visual-de-la-generacion-del-27","status":"publish","type":"post","link":"https:\/\/www.europesays.com\/es\/161158\/","title":{"rendered":"Maruja Mallo, la imaginera visual de la Generaci\u00f3n del 27"},"content":{"rendered":"<p style=\"\">Tras su paso, con gran \u00e9xito de p\u00fablico, por el<strong> Centro Bot\u00edn de Santander<\/strong>, el <strong>Reina Sof\u00eda<\/strong> recibe por todo lo alto a<a href=\"https:\/\/www.abc.es\/cultura\/arte\/maruja-mallo-corazon-surrealista-alma-meiga-20250411153553-nt.html\" target=\"_self\" data-voc-vtm-id=\"in-text-traffic\" title=\" Maruja Mallo (Viveiro, Lugo, 1902-Madrid, 1995)\" data-mrf-link=\"www.abc.es\" rel=\"nofollow noopener\"> Maruja Mallo (Viveiro, Lugo, 1902-Madrid, 1995)<\/a>, una de las artistas m\u00e1s singulares y fascinantes del siglo XX en Espa\u00f1a,  &#8230; con la que este museo \u00abten\u00eda una deuda demasiado tiempo esperando ser saldada\u00bb, seg\u00fan su director, <a href=\"https:\/\/www.abc.es\/cultura\/arte\/maruja-mallo-corazon-surrealista-alma-meiga-20250411153553-nt.html\" target=\"_self\" data-voc-vtm-id=\"in-text-traffic\" title=\"Manuel Segade\" rel=\"nofollow noopener\">Manuel Segade<\/a>. Una monumental lona con una impresi\u00f3n de &#8216;La verbena&#8217;, uno de sus cuadros m\u00e1s famosos, que se halla en su colecci\u00f3n, cuelga en la fachada de Sabatini, cubierta de andamios por su puesta a punto. <\/p>\n<p class=\"voc-p\" style=\"\">En la entrada principal, artesanos de la Asociaci\u00f3n Conchas y Flores de Bueu (Pontevedra) se afanaban este martes para crear una <strong>alfombra ef\u00edmera de conchas<\/strong>, de doce metros de largo y dos de ancho, con algunas de sus creaciones m\u00e1s c\u00e9lebres. Dentro, un retrato de la artista realizado con p\u00f3sits de colores, creado en 2017 para la fiesta del Corpus en la localidad gallega.<\/p>\n<p class=\"voc-p\" style=\"\">Las salas de la primera planta del Reina Sof\u00eda despliegan, hasta el 16 de marzo de 2026, el enorme talento de una mujer que hizo de s\u00ed misma <strong>su mejor obra de arte<\/strong>. Es la mayor retrospectiva de esta artista hasta la fecha: un centenar de pinturas (trece, de los fondos del museo), setenta dibujos y un centenar de fotograf\u00edas y documentos, procedentes del <strong>Archivo Lafuente<\/strong> (comprado por el Estado por casi 29,8 millones de euros), que incluye entre sus fondos el <strong>Archivo Maruja Mallo<\/strong>. Parte de ese material no se vio en Santander. Hay <strong>dos piezas in\u00e9ditas<\/strong>: &#8216;Arquitectura f\u00f3sil I&#8217;, que estaba desaparecida, y un dibujo de 1933. <\/p>\n<p><img decoding=\"async\" loading=\"lazy\" src=\"https:\/\/www.europesays.com\/es\/wp-content\/uploads\/2025\/10\/verbe1-U78817781833DSE-758x470@diario_abc.jpg\" class=\"voc-d-c-combo-3__img\" width=\"758\" height=\"470\" alt=\"Imagen principal - Arriba, 'La verbena', del Museo Reina Sof\u00eda. Sobre estas l\u00edneas, a la izquierda, 'Kermesse, del Centro Pompidou de Par\u00eds. A la derecha, 'El Mago \/ Pim Pam Pum', del Art Institute de Chicago. Detalle\"\/><\/p>\n<p><img decoding=\"async\" loading=\"lazy\" src=\"https:\/\/www.europesays.com\/es\/wp-content\/uploads\/2025\/10\/verbe2-U58055272586OpY-464x329@diario_abc.jpg\" class=\"voc-d-c-combo-3__img\" width=\"464\" height=\"329\" alt=\"Imagen secundaria 1 - Arriba, 'La verbena', del Museo Reina Sof\u00eda. Sobre estas l\u00edneas, a la izquierda, 'Kermesse, del Centro Pompidou de Par\u00eds. A la derecha, 'El Mago \/ Pim Pam Pum', del Art Institute de Chicago. Detalle\"\/><\/p>\n<p><img decoding=\"async\" loading=\"lazy\" src=\"https:\/\/www.europesays.com\/es\/wp-content\/uploads\/2025\/10\/verbe3-U32173873844RFB-278x329@diario_abc.jpg\" class=\"voc-d-c-combo-3__img\" width=\"278\" height=\"329\" alt=\"Imagen secundaria 2 - Arriba, 'La verbena', del Museo Reina Sof\u00eda. Sobre estas l\u00edneas, a la izquierda, 'Kermesse, del Centro Pompidou de Par\u00eds. A la derecha, 'El Mago \/ Pim Pam Pum', del Art Institute de Chicago. Detalle\"\/><\/p>\n<p>Las verbenas<br \/>\nArriba, &#8216;La verbena&#8217;, del Museo Reina Sof\u00eda. Sobre estas l\u00edneas, a la izquierda, &#8216;Kermesse, del Centro Pompidou de Par\u00eds. A la derecha, &#8216;El Mago \/ Pim Pam Pum&#8217;, del Art Institute de Chicago. Detalle<br \/>\n\u00a9 Maruja Mallo, VEGAP, Madrid, 2025<\/p>\n<p class=\"voc-p\" style=\"\">La exposici\u00f3n es, para Manuel Segade, \u00abuna especie de caja de herramientas de su trabajo\u00bb. Advierte que Maruja Mallo es \u00abla<strong> imaginera visual de la Generaci\u00f3n del 27<\/strong>, una mujer <strong>muy avanzada a su tiempo<\/strong>, una &#8216;performer&#8217; de su imagen\u00bb. Menuda, con vestidos y maquillaje muy llamativos y gran desparpajo, us\u00f3 los autorretratos para promocionarse. Antes de su exilio en Argentina, fue una m\u00e1s  en la Generaci\u00f3n del 27. <strong>Lorca, Dal\u00ed, Alberti, Miguel Hern\u00e1ndez&#8230;<\/strong> la respetaban y admiraban. Con los dos \u00faltimos mantuvo escarceos amorosos. Tambi\u00e9n, con Neruda. Visionaria, su obra est\u00e1 de plena actualidad: abord\u00f3 en su trabajo asuntos como la mujer, el g\u00e9nero, el racismo, la ecolog\u00eda y la naturaleza&#8230; Es la <strong>artista total<\/strong>: pinturas, dibujos, escenograf\u00eda teatral, cer\u00e1micas, fotograf\u00edas&#8230;&#8217;Maruja Mallo: m\u00e1scara y comp\u00e1s&#8217; revisa una producci\u00f3n personal y heterog\u00e9nea, transgresora, <strong>entre lo popular y lo vanguardista<\/strong>, donde tienen cabida la ciencia, el arte, la mitolog\u00eda, el cosmos&#8230; <\/p>\n<p class=\"voc-p\" style=\"\">En la primera sala, <strong>sus cinco &#8216;Verbenas&#8217;,<\/strong> que se reunieron en Santander por vez primera desde su creaci\u00f3n y ahora lo hacen de nuevo. La dieron a conocer en la exposici\u00f3n que organiz\u00f3 <strong>Ortega y Gasset<\/strong> en 1928 en los salones de la &#8216;Revista de Occidente&#8217;. Contrasta esta serie tan festiva y colorista con las l\u00fagubres obras de sus<strong> &#8216;Cloacas y campanarios&#8217;<\/strong>: esqueletos, f\u00f3siles, excrementos&#8230; Cuelga &#8216;Espantap\u00e1jaros&#8217;, que fue comprada por Andr\u00e9 Breton y conserv\u00f3 en su colecci\u00f3n hasta su muerte. <\/p>\n<p><img decoding=\"async\" loading=\"lazy\" src=\"https:\/\/www.europesays.com\/es\/wp-content\/uploads\/2025\/10\/trigo-U42700646524fpt-758x470@diario_abc.jpg\" class=\"voc-d-c-combo-3__img\" width=\"758\" height=\"470\" alt=\"Imagen principal - Arriba, 'Sorpresa del trigo', colecci\u00f3n particular. Sobre estas l\u00edneas, a la izquierda, 'M\u00e1scaras. Naranja y lim\u00f3n', colecci\u00f3n particular, Santiago de Compostela. A la derecha, 'Naturaleza viva' del Malba, Buenos Aires\"\/><\/p>\n<p><img decoding=\"async\" loading=\"lazy\" src=\"https:\/\/www.europesays.com\/es\/wp-content\/uploads\/2025\/10\/mascaras-U53352063158qHD-464x329@diario_abc.jpg\" class=\"voc-d-c-combo-3__img\" width=\"464\" height=\"329\" alt=\"Imagen secundaria 1 - Arriba, 'Sorpresa del trigo', colecci\u00f3n particular. Sobre estas l\u00edneas, a la izquierda, 'M\u00e1scaras. Naranja y lim\u00f3n', colecci\u00f3n particular, Santiago de Compostela. A la derecha, 'Naturaleza viva' del Malba, Buenos Aires\"\/><\/p>\n<p><img decoding=\"async\" loading=\"lazy\" src=\"https:\/\/www.europesays.com\/es\/wp-content\/uploads\/2025\/10\/bodegon-U66347230484sYr-278x329@diario_abc.jpg\" class=\"voc-d-c-combo-3__img\" width=\"278\" height=\"329\" alt=\"Imagen secundaria 2 - Arriba, 'Sorpresa del trigo', colecci\u00f3n particular. Sobre estas l\u00edneas, a la izquierda, 'M\u00e1scaras. Naranja y lim\u00f3n', colecci\u00f3n particular, Santiago de Compostela. A la derecha, 'Naturaleza viva' del Malba, Buenos Aires\"\/><\/p>\n<p>&#8216;La religi\u00f3n del trabajo&#8217;, m\u00e1scaras y naturalezas vivas<br \/>\nArriba, &#8216;Sorpresa del trigo&#8217;, colecci\u00f3n particular. Sobre estas l\u00edneas, a la izquierda, &#8216;M\u00e1scaras. Naranja y lim\u00f3n&#8217;, colecci\u00f3n particular, Santiago de Compostela. A la derecha, &#8216;Naturaleza viva&#8217; del Malba, Buenos Aires<br \/>\n\u00a9 Maruja Mallo, VEGAP, Madrid, 2025<\/p>\n<p class=\"voc-p\" style=\"\">No faltan el<strong> &#8216;Cuaderno de Galicia<\/strong>&#8216;, de 1936; &#8216;La religi\u00f3n del trabajo&#8217;, sus estampas y m\u00e1scaras, sus naturalezas vivas, sus misteriosas arquitecturas minerales y vegetales, sus poderosas cabezas bidimensionales&#8230; Una de ellas,<strong> &#8216;Perfil de joven (Joven negra)&#8217;<\/strong>, fue adquirida hace unos meses por el Ministerio de Cultura por 300.000 euros para el Reina Sof\u00eda. En vitrinas, cartas, libros, revistas, cer\u00e1micas&#8230; Una peque\u00f1a sala est\u00e1 dedicada a su pasi\u00f3n por el<strong> teatro<\/strong>, aunque no lleg\u00f3 a ver la luz ninguno de sus proyectos, excepto un homenaje a Lorca. Como la escenograf\u00eda de &#8216;Clavile\u00f1o&#8217;, \u00f3pera-ballet de Rodolfo Halffter basada en el Quijote. En un espacio contiguo, sus <strong>fotograf\u00edas<\/strong>: Maruja, en Chile, con un manto de algas, con Neruda, rodeada por sus obras para publicitarlas&#8230; <\/p>\n<p><img decoding=\"async\" loading=\"lazy\" src=\"https:\/\/www.europesays.com\/es\/wp-content\/uploads\/2025\/10\/calle-U88513326148RBM-760x427@diario_abc.JPG\" class=\"voc-img\" width=\"760\" height=\"427\" alt=\"En la entrada principal del Reina Sof\u00eda, artesanos de la Asociaci\u00f3n Conchas y Flores de Bueu (Pontevedra) se afanaban este martes para crear una alfombra ef\u00edmera de conchas  de doce metros de largo y dos de ancho\" data-voc-vtm-id=\"in-text-traffic\"\/><\/p>\n<p>En la entrada principal del Reina Sof\u00eda, artesanos de la Asociaci\u00f3n Conchas y Flores de Bueu (Pontevedra) se afanaban este martes para crear una alfombra ef\u00edmera de conchas  de doce metros de largo y dos de ancho<\/p>\n<p>EFE<\/p>\n<p class=\"voc-p\" style=\"\">Patricia Molins, comisaria de la exposici\u00f3n, confiesa que \u00abes una de mis artistas favoritas porque me intriga: cuenta solo lo que quiere contar y <strong>oculta mucho<\/strong>. Control\u00f3 siempre su imagen y su obra.<strong> Se cambi\u00f3 de nombre<\/strong> (era Ana Mar\u00eda G\u00f3mez Gonz\u00e1lez) y<strong> se quit\u00f3 a\u00f1os<\/strong>\u00bb. De su trabajo, destaca la relaci\u00f3n entre lo animado y lo inanimado. \u00abCrea un mundo radicalmente nuevo, una cosmovisi\u00f3n propia desde una perspectiva in\u00e9dita. Ve <strong>el mundo a trav\u00e9s de una mirada femenina<\/strong>. Una mujer ligada a la tierra, a la naturaleza, como modelo de la mujer moderna. En la selecci\u00f3n de obras, dice la comisaria, \u00abhemos seguido b\u00e1sicamente el cat\u00e1logo razonado\u00bb. No est\u00e1 ninguna de las 17 obras que se expusieron en Lal\u00edn (Pontevedra) hace unos a\u00f1os y que, seg\u00fan los expertos encargados por la familia Mallo de catalogar sus cuadros, eran falsas.<\/p>\n","protected":false},"excerpt":{"rendered":"Tras su paso, con gran \u00e9xito de p\u00fablico, por el Centro Bot\u00edn de Santander, el Reina Sof\u00eda recibe&hellip;\n","protected":false},"author":2,"featured_media":161159,"comment_status":"","ping_status":"","sticky":false,"template":"","format":"standard","meta":{"footnotes":""},"categories":[91],"tags":[146,147,25,24,4936,47819,46041,46040,23,5706],"class_list":{"0":"post-161158","1":"post","2":"type-post","3":"status-publish","4":"format-standard","5":"has-post-thumbnail","7":"category-entretenimiento","8":"tag-entertainment","9":"tag-entretenimiento","10":"tag-es","11":"tag-espana","12":"tag-generacion","13":"tag-imaginera","14":"tag-mallo","15":"tag-maruja","16":"tag-spain","17":"tag-visual"},"share_on_mastodon":{"url":"","error":""},"_links":{"self":[{"href":"https:\/\/www.europesays.com\/es\/wp-json\/wp\/v2\/posts\/161158","targetHints":{"allow":["GET"]}}],"collection":[{"href":"https:\/\/www.europesays.com\/es\/wp-json\/wp\/v2\/posts"}],"about":[{"href":"https:\/\/www.europesays.com\/es\/wp-json\/wp\/v2\/types\/post"}],"author":[{"embeddable":true,"href":"https:\/\/www.europesays.com\/es\/wp-json\/wp\/v2\/users\/2"}],"replies":[{"embeddable":true,"href":"https:\/\/www.europesays.com\/es\/wp-json\/wp\/v2\/comments?post=161158"}],"version-history":[{"count":0,"href":"https:\/\/www.europesays.com\/es\/wp-json\/wp\/v2\/posts\/161158\/revisions"}],"wp:featuredmedia":[{"embeddable":true,"href":"https:\/\/www.europesays.com\/es\/wp-json\/wp\/v2\/media\/161159"}],"wp:attachment":[{"href":"https:\/\/www.europesays.com\/es\/wp-json\/wp\/v2\/media?parent=161158"}],"wp:term":[{"taxonomy":"category","embeddable":true,"href":"https:\/\/www.europesays.com\/es\/wp-json\/wp\/v2\/categories?post=161158"},{"taxonomy":"post_tag","embeddable":true,"href":"https:\/\/www.europesays.com\/es\/wp-json\/wp\/v2\/tags?post=161158"}],"curies":[{"name":"wp","href":"https:\/\/api.w.org\/{rel}","templated":true}]}}