{"id":161164,"date":"2025-10-07T16:25:17","date_gmt":"2025-10-07T16:25:17","guid":{"rendered":"https:\/\/www.europesays.com\/es\/161164\/"},"modified":"2025-10-07T16:25:17","modified_gmt":"2025-10-07T16:25:17","slug":"francia-pide-la-dimision-de-macron-hundido-y-escondido-en-el-eliseo","status":"publish","type":"post","link":"https:\/\/www.europesays.com\/es\/161164\/","title":{"rendered":"Francia pide la dimisi\u00f3n de Macron, hundido y escondido en el El\u00edseo"},"content":{"rendered":"<p style=\"\"><a href=\"https:\/\/www.abc.es\/internacional\/miles-personas-salen-calles-francia-ante-plan-20251002202514-nt.html\" target=\"_self\" data-voc-vtm-id=\"in-text-traffic\" title=\"La opini\u00f3n p\u00fablica\" data-mrf-link=\"www.abc.es\" rel=\"nofollow noopener\">La opini\u00f3n p\u00fablica<\/a>, todos los grandes partidos parlamentarios, todos los l\u00edderes nacionales, todos los analistas de referencia, estiman que <strong>Emmanuel Macron<\/strong> debiera dimitir como presidente de la Rep\u00fablica, para poder \u00absalir\u00bb de la hist\u00f3rica crisis pol\u00edtica nacional.<\/p>\n<p style=\"\">Seg\u00fan un sondeo publicado por el  &#8230; matutino conservador &#8216;Le Figaro&#8217;, el 70 % de los franceses son \u00abfavorables\u00bb a la dimisi\u00f3n de Macron.<\/p>\n<p class=\"voc-p\" style=\"\">Seg\u00fan un rosario de sondeos publicados en el \u00faltimo trimestre, entre el 65 y el 75 % de los franceses tienen mala opinion del jefe del Estado.<\/p>\n<p class=\"voc-p\" style=\"\">Coincidiendo con esa \u00abmarea\u00bb de fondo, partidos y l\u00edderes pol\u00edticos estiman que la dimisi\u00f3n o destituci\u00f3n de <a href=\"https:\/\/www.abc.es\/opinion\/editorial-macron-quema-gobiernos-alas-extremismo-20251007195555-nt.html\" target=\"_self\" data-voc-vtm-id=\"in-text-traffic\" title=\"Macron\" data-mrf-link=\"www.abc.es\" rel=\"nofollow noopener\">Macron<\/a> es \u00abindispensable\u00bb para sacar a <strong>Francia<\/strong> de la historia crisis provocada por las catastr\u00f3ficas decisiones presidenciales durante el \u00faltimo a\u00f1o y medio.<\/p>\n<p class=\"voc-p\" style=\"\">Entre sus amigos y colaboradores, <strong>\u00c9douard Philippe<\/strong>, que fue su primer ministro, durante tres a\u00f1os, entre 2017 y 2020, ha declarado: \u00abMacron debe dimitir para preparar una elecci\u00f3n presidencial anticipada\u00bb.<\/p>\n<p class=\"voc-p\" style=\"\">El portavoz de Los Republicanos (LR, derecha tradicional), <strong>Christophe Gomart<\/strong> razona de este modo la exigencia de la dimisi\u00f3n presidencial: \u00abLa incertidumbre y la inestabilidad son catastr\u00f3ficas, cuando <strong>Francia<\/strong> tiene una deuda p\u00fablica gigantesca. Si Macron desea el bien de Francia debe dimitir. Es necesario que se vaya\u00ab.<\/p>\n<p class=\"voc-p\" style=\"\"><strong>Olivier Faure<\/strong>, l\u00edder socialista, plantea esta alternativa: \u00abMacron tiene dos soluciones: dimitir o nombrar un jefe de gobierno socialista\u00bb. <strong>Marine Tordelier<\/strong>, l\u00edder ecologista, matiza: \u00abMacron tiene tres soluciones\u2026 dimitir, convocar elecciones anticipadas o cohabitar con la izquierda\u00bb.<\/p>\n<p class=\"voc-p\" style=\"\">Extrema izquierda y extrema derecha con mucho m\u00e1s brutales.<\/p>\n<p class=\"voc-p\" style=\"\"><strong>Jean-Luc M\u00e9lenchon<\/strong>, l\u00edder de La Rep\u00fablica Insumisa (LFI, extrema izquierda) repite incansablemente: \u00abMacron debe largarse. Si no dimite debemos iniciar un procedimiento de destituci\u00f3n\u00bb. <strong>Marine Le Pen<\/strong>, fundadora de Agrupaci\u00f3n Nacional (AN, extrema derecha) resume la situaci\u00f3n nacional de este modo: \u00abAnte el caos que \u00e9l mismo ha provocado, Macron debe dimitir o convocar elecciones anticipadas. O ambas cosas\u00bb.<\/p>\n<p class=\"voc-p\" style=\"\">Los analistas pol\u00edticos m\u00e1s moderados y respetables coinciden con esas sentencias sumar\u00edsimas contra el jefe del Estado.<\/p>\n<p class=\"voc-p\" style=\"\"><strong>Alain Minc<\/strong>, uno de los polit\u00f3logos m\u00e1s famosos e influyentes de Francia, consejero de varios jefes de Estado (Macron incluido), ha sentenciado: \u00ab<strong>Emmanuel Macron<\/strong> es el peor presidente de la V Rep\u00fablica. Esperemos que no sea el sepulturero del R\u00e9gimen fundado por el general de Gaulle entre 1958 y 1962\u00ab.<\/p>\n<p class=\"voc-p\" style=\"\"><strong>Alain Duhamel<\/strong>, decano de los analistas pol\u00edticos franceses, acad\u00e9mico, comenta con iron\u00eda mordaz: \u00abMacron ha dado muestras de ser un nombre inteligente, en casi todo. Salvo en pol\u00edtica. En ese terreno ha tomado decisiones catastr\u00f3ficas\u00bb.<\/p>\n<p class=\"voc-p\" style=\"\">Por su parte,<strong> Dominique Reyni\u00e9<\/strong>, presidente de FONDAPOL (Fondation pour l&#8217;innovation politique), \u00abthink tank\u00bb de referencia, liberal y europeo, resume la situaci\u00f3n nacional, provocada personalmente por Macron, de este modo: \u00abNuestra crisis pol\u00edtica amenaza en transformarse en crisis de r\u00e9gimen y crisis de Estado\u00bb.<\/p>\n<p class=\"voc-p\" style=\"\">Crisis de r\u00e9gimen o crisis de Estado que tambi\u00e9n es una amenaza para la zona euro, cuando <a href=\"https:\/\/www.abc.es\/opinion\/editorial-macron-quema-gobiernos-alas-extremismo-20251007195555-nt.html\" target=\"_self\" data-voc-vtm-id=\"in-text-traffic\" title=\"Macron\" data-mrf-link=\"www.abc.es\" rel=\"nofollow noopener\">Macron<\/a> prolonga la incertidumbre pol\u00edtica sin tomar decisiones que clarifiquen la incertidumbre m\u00e1s absoluta.<\/p>\n<p class=\"voc-p\" style=\"\">La tarde del lunes, el presidente pidi\u00f3 a su primer ministro dimitido, <strong>S\u00e9bastien Lecornu<\/strong>, que \u00abintentase\u00bb seguir negociando la formaci\u00f3n de un gobierno de imprevisible identidad pol\u00edtica, antes de verse forzado a \u00abasumir\u00bb sus \u00abresponsabilidades\u00bb.<\/p>\n<p class=\"voc-p\" style=\"\">M\u00e9lenchon y Le Pen, los l\u00edderes de las fuerzas pol\u00edticas mayoritarias, \u00abinvitan\u00bb a Macron a actuar. <strong>Jordan Bardella<\/strong>, presidente del partido de Le Pen subraya: \u00abFrancia necesita salir del caos. Deben convocarse elecciones con rapidez\u00bb. Todos los sondeos afirman que la extrema derecha francesa puede estar a las puertas del poder cuando haya elecciones, previsiblemente anticipadas.<\/p>\n","protected":false},"excerpt":{"rendered":"La opini\u00f3n p\u00fablica, todos los grandes partidos parlamentarios, todos los l\u00edderes nacionales, todos los analistas de referencia, estiman&hellip;\n","protected":false},"author":2,"featured_media":161165,"comment_status":"","ping_status":"","sticky":false,"template":"","format":"standard","meta":{"footnotes":""},"categories":[42],"tags":[17,18,11723,47820,25179,13,14,317,11,38077,61,62,63,64,19,20,24564,9,10,15,16,34,12,21,22,65,66,67],"class_list":{"0":"post-161164","1":"post","2":"type-post","3":"status-publish","4":"format-standard","5":"has-post-thumbnail","7":"category-internacional","8":"tag-breaking-news","9":"tag-breakingnews","10":"tag-dimision","11":"tag-eliseo","12":"tag-escondido","13":"tag-featured-news","14":"tag-featurednews","15":"tag-francia","16":"tag-headlines","17":"tag-hundido","18":"tag-internacional","19":"tag-international","20":"tag-international-news","21":"tag-internationalnews","22":"tag-latest-news","23":"tag-latestnews","24":"tag-macron","25":"tag-news","26":"tag-noticias","27":"tag-noticias-destacadas","28":"tag-noticiasdestacadas","29":"tag-pide","30":"tag-titulares","31":"tag-ultimas-noticias","32":"tag-ultimasnoticias","33":"tag-world","34":"tag-world-news","35":"tag-worldnews"},"share_on_mastodon":{"url":"","error":""},"_links":{"self":[{"href":"https:\/\/www.europesays.com\/es\/wp-json\/wp\/v2\/posts\/161164","targetHints":{"allow":["GET"]}}],"collection":[{"href":"https:\/\/www.europesays.com\/es\/wp-json\/wp\/v2\/posts"}],"about":[{"href":"https:\/\/www.europesays.com\/es\/wp-json\/wp\/v2\/types\/post"}],"author":[{"embeddable":true,"href":"https:\/\/www.europesays.com\/es\/wp-json\/wp\/v2\/users\/2"}],"replies":[{"embeddable":true,"href":"https:\/\/www.europesays.com\/es\/wp-json\/wp\/v2\/comments?post=161164"}],"version-history":[{"count":0,"href":"https:\/\/www.europesays.com\/es\/wp-json\/wp\/v2\/posts\/161164\/revisions"}],"wp:featuredmedia":[{"embeddable":true,"href":"https:\/\/www.europesays.com\/es\/wp-json\/wp\/v2\/media\/161165"}],"wp:attachment":[{"href":"https:\/\/www.europesays.com\/es\/wp-json\/wp\/v2\/media?parent=161164"}],"wp:term":[{"taxonomy":"category","embeddable":true,"href":"https:\/\/www.europesays.com\/es\/wp-json\/wp\/v2\/categories?post=161164"},{"taxonomy":"post_tag","embeddable":true,"href":"https:\/\/www.europesays.com\/es\/wp-json\/wp\/v2\/tags?post=161164"}],"curies":[{"name":"wp","href":"https:\/\/api.w.org\/{rel}","templated":true}]}}