{"id":161166,"date":"2025-10-07T16:26:14","date_gmt":"2025-10-07T16:26:14","guid":{"rendered":"https:\/\/www.europesays.com\/es\/161166\/"},"modified":"2025-10-07T16:26:14","modified_gmt":"2025-10-07T16:26:14","slug":"calle-de-las-hileras-al-menos-tres-heridos-y-cuatro-desaparecidos-en-el-derrumbe-de-un-edificio-en-obras-en-el-centro-de-madrid-note-un-temblor-terrible-noticias-de-madrid","status":"publish","type":"post","link":"https:\/\/www.europesays.com\/es\/161166\/","title":{"rendered":"Calle de las Hileras: Al menos tres heridos y cuatro desaparecidos en el derrumbe de un edificio en obras en el centro de Madrid: \u201cNot\u00e9 un temblor terrible\u201d | Noticias de Madrid"},"content":{"rendered":"<p class=\"\">Un edificio se ha derrumbado sobre las 13.00 en el centro de Madrid, ubicado en el n\u00famero 4 de la calle de Hileras, cerca de <a href=\"https:\/\/elpais.com\/noticias\/opera\/\" target=\"_self\" rel=\"nofollow noopener\" title=\"https:\/\/elpais.com\/noticias\/opera\/\">\u00d3pera<\/a>. Hasta el momento se sabe que hay cuatro personas desaparecidas, tres hombres y una mujer. Uno de los obreros asegura que la arquitecta, de 30 a\u00f1os, se encontraba en el edificio en el momento del derrumbe, aunque todav\u00eda no se ha hecho oficial si ella es la desaparecida. Seg\u00fan el capataz, en la obra han estado trabajando entre 30 y 40 personas. El inmueble, de seis plantas y un aparcamiento subterr\u00e1neo, se encontraba en proceso de reforma para crear un hotel de cuatro estrellas y ha sido parte de los forjados la que se ha desplomado.<\/p>\n<p class=\"\">En el lugar se encuentran 18 dotaciones de bomberos del Ayuntamiento de Madrid trabajando tras el derrumbe parcial de unos forjados en el edificio, que se encontraba en obras de rehabilitaci\u00f3n. Un dispositivo del Samur con 13 unidades tambi\u00e9n est\u00e1 presente, y ha atendido a varios de los obreros. Uno de ellos ha sido trasladado al hospital con una fractura en la pierna y los otros solo presentaban lesiones leves y han sido atendidos por psic\u00f3logos tras el shock, seg\u00fan informa Emergencias Madrid.<\/p>\n<p class=\"\">Seg\u00fan cuentan los obreros, adem\u00e1s de la mujer, los otros tres desaparecidos son tres hombres de edades comprendidas entre los 30 y los 50 a\u00f1os originarios de Mal\u00ed, Guinea y Ecuador. Presuntamente, todos son trabajadores de la empresa de construcci\u00f3n ANKA y aseguran que \u201cten\u00edan contrato y un salario de unos 1.100 euros mensuales\u201d.<\/p>\n<p class=\"\"> \u201cNo hemos podido ver nada, era todo polvo, no se pod\u00eda ni respirar\u201d, ha dicho el capataz de las obras del inmueble. En cuanto a los heridos, las cifras no son claras a\u00fan. El delegado de Gobierno en Madrid, Francisco Mart\u00edn, ha se\u00f1alado que hay al menos 10 heridos, \u201cen su mayor\u00eda leves\u201d, y la vicealcaldesa, Inma Sanz, ha apuntado que son tres. Emergencias ha explicado que varios de los trabajadores de la obra echan en falta a algunos compa\u00f1eros. <\/p>\n<p><img decoding=\"auto\" class=\"_re lazyload a_m-h\" height=\"276\"  width=\"414\"  src=\"https:\/\/www.europesays.com\/es\/wp-content\/uploads\/2025\/10\/AV55OFN54BDQLI2DH22OOOOOEQ.jpg\" loading=\"lazy\"\/>El delegado del Gobierno en Madrid, Francisco Mart\u00edn, ofrece declaraciones a los medios durante su visita al edificio que se ha derrumbado, este martes en Madrid.Alejandro Mart\u00ednez V\u00e9lez  (Europa Press)<\/p>\n<p class=\"\">La presidenta de la Comunidad de Madrid, Isabel D\u00edaz Ayuso, ha llegado hasta el lugar, aunque no ha ofrecido declaraciones. Por su parte, el alcalde de Madrid, Jos\u00e9 Luis Mart\u00ednez Almeida, ha informado a trav\u00e9s de su cuenta en X de que ha suspendido su participaci\u00f3n en la Bloomberg LSE European City Leadership Initiative, que tiene lugar en Londres, y ha decidido volver hoy a la capital tras el suceso de la calle Hileras.<\/p>\n<p class=\"\">El delegado de Gobierno ha confirmado en declaraciones a los medios que se trata de un accidente laboral, por lo que la Polic\u00eda Judicial se est\u00e1 encargando de la investigaci\u00f3n. Mart\u00edn ha explicado que a\u00fan est\u00e1 pendiente de confirmaci\u00f3n la cifra exacta de cu\u00e1ntos obreros se encontraban trabajando en el lugar.<\/p>\n<p><img decoding=\"auto\" class=\"_re lazyload a_m-h\" height=\"276\"  width=\"414\"  src=\"https:\/\/www.europesays.com\/es\/wp-content\/uploads\/2025\/10\/4G5SB65YRJCVFGERVC3S3ZJE5I.jpg\" loading=\"lazy\"\/>El interior en obras del edificio, en una imagen de la empresa Rehbilita. <\/p>\n<p class=\"\">Por el momento, ha a\u00f1adido el delegado, \u201cse est\u00e1 analizando el posible impacto en los edificios colindantes para tomar las medidas oportunas\u201d. Todo el per\u00edmetro del edificio est\u00e1 desalojado y se ha instalado un cord\u00f3n de seguridad para facilitar el movimiento delos veh\u00edculos de Emergencias.<\/p>\n<p class=\"\">En este momento se est\u00e1 estabilizando la fachada para poder comenzar a desescombrar los restos del forjado ca\u00eddo, incluso con maquinaria, para que puedan entrar los perros de la Unidad Canina de la Polic\u00eda Municipal para buscar a los desaparecidos. La Unidad de Apoyo A\u00e9reo de la Polic\u00eda Municipal ha llevado drones para recabar im\u00e1genes del interior que faciliten las labores del rescate.<\/p>\n<p><img decoding=\"auto\" class=\"_re lazyload a_m-h\" height=\"276\"  width=\"414\"  src=\"https:\/\/www.europesays.com\/es\/wp-content\/uploads\/2025\/10\/HSQWY4JNXFCEBIKVFJXDC35YOU.jpg\" loading=\"lazy\"\/>Una lona de obras en el edificio que se ha derrumbado, en la zona de \u00d3pera, este martes en Madrid.Alejandro Mart\u00ednez V\u00e9lez &#8211; Eur (Europa Press)<\/p>\n<p class=\"\">El edificio estaba siendo rehabilitado para construir un hotel de cuatro estrellas, y era propiedad del fondo saud\u00ed RSR. Las reformas estaban siendo ejecutadas por la constructora Grupo Rehbilita desde principios de este a\u00f1o. \u201cSe ha escuchado un ruido en el forjado y despu\u00e9s solo vimos una nube de humo\u201d, asegura uno de los trabajadores, que no ha querido dar su nombre. <\/p>\n<p class=\"\">La encargada de la conocida chocolater\u00eda San Gin\u00e9s, justo en la calle de al lado, ha relatado por tel\u00e9fono a este peri\u00f3dico que \u201cse cay\u00f3 todo el edificio\u201d y que inmediatamente les han prohibido el paso al resto de vecinos. \u201cEl edificio que se ha ca\u00eddo llevaba mucho tiempo abandonado y estaba en obras; hab\u00edan instalado una gr\u00faa a lo bestia en el andamio. Me hab\u00edan dicho que iban a hacer un hotel y que las obras iban a tardar dos a\u00f1os\u201d, asegura una vecina de la calle que sinti\u00f3 el estruendo. \u201cHace media hora not\u00e9 un temblor terrible en la calle y se levant\u00f3 much\u00edsimo polvo enfrente del inmueble, una nube que dej\u00f3 a la gente asustada y confundida\u201d, afirma. <\/p>\n<p class=\"\">Por su parte, Miguel trabaja en el restaurante El Cogollo, en el centro de Madrid, y cuenta que, sobre las 12.45, una nube de polvo invadi\u00f3 el local y tuvieron que evacuar a todos. \u201cPor fuera no se ve nada, la fachada est\u00e1 igual, todo ha sido por dentro\u201d. Miguel asegura que ha sentido que temblaba el suelo de su casa y se han asomado y solo han visto una nube de polvo enorme que ha llegado hasta \u00d3pera.<\/p>\n<p class=\"\">Milagros Garc\u00eda Benito, la due\u00f1a de una peluquer\u00eda frente al edificio derrumbado, cuenta que estaba abriendo su negocio cuando el edificio colaps\u00f3. \u201cHa sido un estruendo horroroso, fort\u00edsimo. Se ha llenado todo de polvo blanco que parec\u00eda humo, pero no lo era\u201d.<\/p>\n<p class=\"\">La Polic\u00eda Municipal est\u00e1 dejando entrar a familiares de los alba\u00f1iles que trabajaban en la obra en el momento del colapso del edificio. Dos hombres que no han querido dar su nombre han accedido a la calle Hileras porque, seg\u00fan cuentan, su hermano estaba all\u00ed. Aseguran que toda la ma\u00f1ana han estado llam\u00e1ndole y no les ha cogido el tel\u00e9fono, sin ofrecer m\u00e1s datos al respecto.<\/p>\n<p class=\"\">El edificio derrumbado fue construido en el a\u00f1o 1965, seg\u00fan los datos del Catastro, y cuenta con seis plantas y un aparcamiento en el s\u00f3tano. La parcela donde se ubica tiene una superficie de 1.070 metros cuadrados y 6745 construidos \u00fatiles.<\/p>\n","protected":false},"excerpt":{"rendered":"Un edificio se ha derrumbado sobre las 13.00 en el centro de Madrid, ubicado en el n\u00famero 4&hellip;\n","protected":false},"author":2,"featured_media":161167,"comment_status":"","ping_status":"","sticky":false,"template":"","format":"standard","meta":{"footnotes":""},"categories":[8],"tags":[47823,17,18,1467,47821,4978,25,24,13,14,11,19,20,205,9,10,15,16,47822,23,257,12,21,22],"class_list":{"0":"post-161166","1":"post","2":"type-post","3":"status-publish","4":"format-standard","5":"has-post-thumbnail","7":"category-espana","8":"tag-ambulancias","9":"tag-breaking-news","10":"tag-breakingnews","11":"tag-comunidad-de-madrid","12":"tag-derrumbamiento-edificios","13":"tag-emergencias","14":"tag-es","15":"tag-espana","16":"tag-featured-news","17":"tag-featurednews","18":"tag-headlines","19":"tag-latest-news","20":"tag-latestnews","21":"tag-madrid","22":"tag-news","23":"tag-noticias","24":"tag-noticias-destacadas","25":"tag-noticiasdestacadas","26":"tag-samur","27":"tag-spain","28":"tag-sucesos","29":"tag-titulares","30":"tag-ultimas-noticias","31":"tag-ultimasnoticias"},"share_on_mastodon":{"url":"","error":""},"_links":{"self":[{"href":"https:\/\/www.europesays.com\/es\/wp-json\/wp\/v2\/posts\/161166","targetHints":{"allow":["GET"]}}],"collection":[{"href":"https:\/\/www.europesays.com\/es\/wp-json\/wp\/v2\/posts"}],"about":[{"href":"https:\/\/www.europesays.com\/es\/wp-json\/wp\/v2\/types\/post"}],"author":[{"embeddable":true,"href":"https:\/\/www.europesays.com\/es\/wp-json\/wp\/v2\/users\/2"}],"replies":[{"embeddable":true,"href":"https:\/\/www.europesays.com\/es\/wp-json\/wp\/v2\/comments?post=161166"}],"version-history":[{"count":0,"href":"https:\/\/www.europesays.com\/es\/wp-json\/wp\/v2\/posts\/161166\/revisions"}],"wp:featuredmedia":[{"embeddable":true,"href":"https:\/\/www.europesays.com\/es\/wp-json\/wp\/v2\/media\/161167"}],"wp:attachment":[{"href":"https:\/\/www.europesays.com\/es\/wp-json\/wp\/v2\/media?parent=161166"}],"wp:term":[{"taxonomy":"category","embeddable":true,"href":"https:\/\/www.europesays.com\/es\/wp-json\/wp\/v2\/categories?post=161166"},{"taxonomy":"post_tag","embeddable":true,"href":"https:\/\/www.europesays.com\/es\/wp-json\/wp\/v2\/tags?post=161166"}],"curies":[{"name":"wp","href":"https:\/\/api.w.org\/{rel}","templated":true}]}}