{"id":161172,"date":"2025-10-07T16:29:08","date_gmt":"2025-10-07T16:29:08","guid":{"rendered":"https:\/\/www.europesays.com\/es\/161172\/"},"modified":"2025-10-07T16:29:08","modified_gmt":"2025-10-07T16:29:08","slug":"exfigura-de-teletica-ahora-estara-en-los-toros-de-canal-1-es-el-mejor-del-pais","status":"publish","type":"post","link":"https:\/\/www.europesays.com\/es\/161172\/","title":{"rendered":"Exfigura de Teletica ahora estar\u00e1 en los toros de Canal 1: \u2018Es el mejor del pa\u00eds\u2019"},"content":{"rendered":"<p class=\"default__StyledText-sc-oqc75h-0 kDYpOE body-paragraph\">Una de las <b>figuras m\u00e1s reconocidas y con m\u00e1s experiencia en la producci\u00f3n <\/b><a href=\"https:\/\/www.nacion.com\/viva\/adios-a-los-toros-asi-se-despediran-de-las\/NHUUB6VEKRBUJNDS3CGWN36AZQ\/story\/\" target=\"_blank\" rel=\"nofollow noopener\" title=\"https:\/\/www.nacion.com\/viva\/adios-a-los-toros-asi-se-despediran-de-las\/NHUUB6VEKRBUJNDS3CGWN36AZQ\/story\/\"><b>televisiva de los toros a la tica<\/b><\/a><b> <\/b>vuelve a la pantalla chica gracias a <a href=\"https:\/\/www.nacion.com\/viva\/television\/canal-1-la-nueva-televisora-costarricense-empezara\/3DAMV6TKMBCINPPDDPIVTSWXVI\/story\/\" target=\"_blank\" rel=\"nofollow noopener\" title=\"https:\/\/www.nacion.com\/viva\/television\/canal-1-la-nueva-televisora-costarricense-empezara\/3DAMV6TKMBCINPPDDPIVTSWXVI\/story\/\"><b>Canal 1.<\/b><\/a><b> <\/b><\/p>\n<p class=\"default__StyledText-sc-oqc75h-0 kDYpOE body-paragraph\">En un comunicado de prensa, la televisora confirm\u00f3 que este productor, quien <a href=\"https:\/\/www.nacion.com\/el-pais\/televisora-de-costa-rica-anuncia-su-postura\/2BFIS6O6KNAHXPBNC5B7GJYBBE\/story\/\" target=\"_blank\" rel=\"nofollow noopener\" title=\"https:\/\/www.nacion.com\/el-pais\/televisora-de-costa-rica-anuncia-su-postura\/2BFIS6O6KNAHXPBNC5B7GJYBBE\/story\/\"><b>trabaj\u00f3 durante m\u00e1s de 21 a\u00f1os en Teletica<\/b><\/a>, ser\u00e1 el encargado de todos los pormenores del montaje de las transmisiones taurinas, que se presentar\u00e1n del 25 de diciembre al 4 de enero.<\/p>\n<p class=\"default__StyledText-sc-oqc75h-0 kDYpOE body-paragraph\">Se trata de <a href=\"https:\/\/www.nacion.com\/viva\/television\/productor-de-toros-de-teletica-no-creo-que-nadie\/KXLVM7DGTBBC3GS6DLRIY3RGLM\/story\/\" target=\"_blank\" rel=\"nofollow noopener\" title=\"https:\/\/www.nacion.com\/viva\/television\/productor-de-toros-de-teletica-no-creo-que-nadie\/KXLVM7DGTBBC3GS6DLRIY3RGLM\/story\/\"><b>Fernando Artavia<\/b><\/a>, quien durante m\u00e1s de dos d\u00e9cadas fue el encargado de los <b>toros de Zapote<\/b> y el <b>Verano toreado<\/b>, con el que recorri\u00f3 todo Costa Rica.<\/p>\n<p class=\"interstitial-link block-margin-bottom\" style=\"min-height:20px;display:inline-block\">LEA M\u00c1S: <a target=\"_blank\" href=\"https:\/\/www.nacion.com\/viva\/television\/veterano-productor-fernando-artavia-de-verano\/WGLYDV4BGFAWPEKMSQH6GCEIFU\/story\/\" aria-label=\"Abrir historia relacionada\" class=\"default__StyledLink-sc-oqc75h-1 lnjDHE\" rel=\"nofollow noopener\">Veterano productor Fernando Artavia, de \u2018Verano Toreado\u2019, fue despedido ayer de Canal 7<\/a><\/p>\n<p class=\"default__StyledText-sc-oqc75h-0 kDYpOE body-paragraph\">Seg\u00fan Artavia, las corridas por Canal 1 tendr\u00e1n <b>toros de casta y de monta <\/b>que llegar\u00e1n de todo el pa\u00eds. Adem\u00e1s, como era su sello, se realizar\u00e1n juegos y din\u00e1micas que pondr\u00e1n a prueba a los toreros improvisados y har\u00e1n las delicias del p\u00fablico.<\/p>\n<p class=\"default__StyledText-sc-oqc75h-0 kDYpOE body-paragraph\">La cobertura de las fiestas de fin y principio de a\u00f1o en Canal 1 tambi\u00e9n contar\u00e1 con la<b> transmisi\u00f3n del Festival de la Luz. <\/b><\/p>\n<p class=\"default__StyledText-sc-oqc75h-0 kDYpOE body-paragraph\">\u201cPara este fin de a\u00f1o, Canal 1 hace una apuesta con grandes talentos y <a href=\"https:\/\/www.nacion.com\/viva\/television\/canero-se-aparta-de-toros-teletica-no-calzo-en\/ZOHGVRJXYFCKPAPGILDITPUQYM\/story\/\" target=\"_blank\" rel=\"nofollow noopener\" title=\"https:\/\/www.nacion.com\/viva\/television\/canero-se-aparta-de-toros-teletica-no-calzo-en\/ZOHGVRJXYFCKPAPGILDITPUQYM\/story\/\"><b>el mejor productor de toros del pa\u00eds,<\/b><\/a> con el prop\u00f3sito de llevarles la mejor transmisi\u00f3n de toros de diciembre. Adem\u00e1s, venimos con una nueva programaci\u00f3n que estamos seguros har\u00e1 el disfrute de toda la familia\u201d, indic\u00f3 Jorge Abarca, gerente del canal, en la informaci\u00f3n de prensa.<\/p>\n<p class=\"default__StyledText-sc-oqc75h-0 kDYpOE body-paragraph\">Noticia en desarrollo.<\/p>\n<p><img decoding=\"async\" data-chromatic=\"ignore\" alt=\"\" class=\"c-image\" loading=\"lazy\" src=\"https:\/\/www.europesays.com\/es\/wp-content\/uploads\/2025\/10\/EYJKED77JVEPHCS2UGSTTQSNZA.jpg\"  width=\"600\" height=\"400\"\/>Fernando Artavia trabaj\u00f3 durante 21 a\u00f1os en la producci\u00f3n de los toros de Teletica.  En el 2020 fue despedido del canal. (Archivo) <\/p>\n","protected":false},"excerpt":{"rendered":"Una de las figuras m\u00e1s reconocidas y con m\u00e1s experiencia en la producci\u00f3n televisiva de los toros a&hellip;\n","protected":false},"author":2,"featured_media":161173,"comment_status":"","ping_status":"","sticky":false,"template":"","format":"standard","meta":{"footnotes":""},"categories":[277],"tags":[373,47824,1904,168,25,24,47825,23,167,15770,374,444],"class_list":{"0":"post-161172","1":"post","2":"type-post","3":"status-publish","4":"format-standard","5":"has-post-thumbnail","7":"category-toreo","8":"tag-bullfighting","9":"tag-canal-1","10":"tag-corridas-de-toros","11":"tag-deportes","12":"tag-es","13":"tag-espana","14":"tag-fernando-artavia","15":"tag-spain","16":"tag-sports","17":"tag-teletica","18":"tag-toreo","19":"tag-toros"},"share_on_mastodon":{"url":"","error":""},"_links":{"self":[{"href":"https:\/\/www.europesays.com\/es\/wp-json\/wp\/v2\/posts\/161172","targetHints":{"allow":["GET"]}}],"collection":[{"href":"https:\/\/www.europesays.com\/es\/wp-json\/wp\/v2\/posts"}],"about":[{"href":"https:\/\/www.europesays.com\/es\/wp-json\/wp\/v2\/types\/post"}],"author":[{"embeddable":true,"href":"https:\/\/www.europesays.com\/es\/wp-json\/wp\/v2\/users\/2"}],"replies":[{"embeddable":true,"href":"https:\/\/www.europesays.com\/es\/wp-json\/wp\/v2\/comments?post=161172"}],"version-history":[{"count":0,"href":"https:\/\/www.europesays.com\/es\/wp-json\/wp\/v2\/posts\/161172\/revisions"}],"wp:featuredmedia":[{"embeddable":true,"href":"https:\/\/www.europesays.com\/es\/wp-json\/wp\/v2\/media\/161173"}],"wp:attachment":[{"href":"https:\/\/www.europesays.com\/es\/wp-json\/wp\/v2\/media?parent=161172"}],"wp:term":[{"taxonomy":"category","embeddable":true,"href":"https:\/\/www.europesays.com\/es\/wp-json\/wp\/v2\/categories?post=161172"},{"taxonomy":"post_tag","embeddable":true,"href":"https:\/\/www.europesays.com\/es\/wp-json\/wp\/v2\/tags?post=161172"}],"curies":[{"name":"wp","href":"https:\/\/api.w.org\/{rel}","templated":true}]}}