{"id":161178,"date":"2025-10-07T16:36:21","date_gmt":"2025-10-07T16:36:21","guid":{"rendered":"https:\/\/www.europesays.com\/es\/161178\/"},"modified":"2025-10-07T16:36:21","modified_gmt":"2025-10-07T16:36:21","slug":"el-mirandes-el-equipo-que-mas-disparos-recibe","status":"publish","type":"post","link":"https:\/\/www.europesays.com\/es\/161178\/","title":{"rendered":"El Mirand\u00e9s, el equipo que m\u00e1s disparos recibe"},"content":{"rendered":"<p>El Mirand\u00e9s sigue por el mismo camino desde que comenz\u00f3 la temporada: lo que consigue como visitante no lo logra consolidar como local. Los rojillos a\u00fan no han puntuado delante de su p\u00fablico y Mendizorroza no sienta bien al equipo de Fran Justo. En estos momentos, el cuadro burgal\u00e9s es el peor equipo en casa, junto al Granada, y el segundo mejor visitante de la categor\u00eda solo superado por el Deportivo de La Coru\u00f1a, l\u00edder de la Segunda Divisi\u00f3n y equipo que a\u00fan no conoce la derrota en esta campa\u00f1a.<\/p>\n<p>Aunque el an\u00e1lisis de lo que le est\u00e1 sucediendo al Mirand\u00e9s va m\u00e1s all\u00e1 de los fr\u00edos n\u00fameros. Est\u00e1 claro que no carbura cuando juega en su feudo y que le cuesta crear peligro cuando tiene que llevar la iniciativa, aunque tambi\u00e9n uno de los problemas lo tiene en su \u00e1rea. En tres partidos en casa ha encajado 7 dianas, una cifra excesiva que supone recibir m\u00e1s de dos goles por partido.<\/p>\n<p>Si se profundiza m\u00e1s en la estad\u00edstica, se puede comprobar que es el conjunto de toda la Liga Hypermotion al que m\u00e1s le chutan. La porter\u00eda rojilla ya ha recibido 113 disparos, lo que significa que en cada partido son m\u00e1s de 16 veces las que el contrario intenta batir a la escuadra rojilla.<\/p>\n<blockquote class=\"QuoteComentario\">\n<p>Es el peor local, junto al Granada, y el segundo mejor visitante, solo superado por el Deportivo\u00a0<\/p>\n<\/blockquote>\n<p>Este dato no solo tiene que ver con la l\u00ednea defensiva, sino con la contenci\u00f3n de todo el equipo. El bal\u00f3n merodea demasiado el \u00e1rea mirandesista, por lo que las probabilidades de que llegue el gol del rival son m\u00e1s amplias.<\/p>\n<p>Otro de los datos que hace entender lo anterior es que el Mirand\u00e9s es el equipo que menos porcentaje de posesi\u00f3n tiene en estos primeros encuentros ligueros. El conjunto de Fran Justo no tiene el bal\u00f3n, lo que complica su juego en cada choque. La media en este apartado es de poco m\u00e1s del 40%, lo que permite que sea su oponente el que tenga m\u00e1s minutos el bal\u00f3n.<\/p>\n<p>Adem\u00e1s, el conjunto burgal\u00e9s tambi\u00e9n est\u00e1 en la parte de abajo en cuanto al n\u00famero de pases buenos y solo el Legan\u00e9s est\u00e1 por debajo en esta tabla. Este c\u00famulo de n\u00fameros impide que se pueda ver el verdadero potencial del equipo.<\/p>\n","protected":false},"excerpt":{"rendered":"El Mirand\u00e9s sigue por el mismo camino desde que comenz\u00f3 la temporada: lo que consigue como visitante no&hellip;\n","protected":false},"author":2,"featured_media":161179,"comment_status":"","ping_status":"","sticky":false,"template":"","format":"standard","meta":{"footnotes":""},"categories":[268],"tags":[25168,12898,168,7793,25,24,280,47826,282,18015,7640,281,23,167],"class_list":{"0":"post-161178","1":"post","2":"type-post","3":"status-publish","4":"format-standard","5":"has-post-thumbnail","7":"category-futbol","8":"tag-cd-leganes","9":"tag-cd-mirandes","10":"tag-deportes","11":"tag-deportivo-de-la-coruna","12":"tag-es","13":"tag-espana","14":"tag-football","15":"tag-fran-justo","16":"tag-futbol","17":"tag-granada-cf","18":"tag-segunda-division","19":"tag-soccer","20":"tag-spain","21":"tag-sports"},"share_on_mastodon":{"url":"","error":""},"_links":{"self":[{"href":"https:\/\/www.europesays.com\/es\/wp-json\/wp\/v2\/posts\/161178","targetHints":{"allow":["GET"]}}],"collection":[{"href":"https:\/\/www.europesays.com\/es\/wp-json\/wp\/v2\/posts"}],"about":[{"href":"https:\/\/www.europesays.com\/es\/wp-json\/wp\/v2\/types\/post"}],"author":[{"embeddable":true,"href":"https:\/\/www.europesays.com\/es\/wp-json\/wp\/v2\/users\/2"}],"replies":[{"embeddable":true,"href":"https:\/\/www.europesays.com\/es\/wp-json\/wp\/v2\/comments?post=161178"}],"version-history":[{"count":0,"href":"https:\/\/www.europesays.com\/es\/wp-json\/wp\/v2\/posts\/161178\/revisions"}],"wp:featuredmedia":[{"embeddable":true,"href":"https:\/\/www.europesays.com\/es\/wp-json\/wp\/v2\/media\/161179"}],"wp:attachment":[{"href":"https:\/\/www.europesays.com\/es\/wp-json\/wp\/v2\/media?parent=161178"}],"wp:term":[{"taxonomy":"category","embeddable":true,"href":"https:\/\/www.europesays.com\/es\/wp-json\/wp\/v2\/categories?post=161178"},{"taxonomy":"post_tag","embeddable":true,"href":"https:\/\/www.europesays.com\/es\/wp-json\/wp\/v2\/tags?post=161178"}],"curies":[{"name":"wp","href":"https:\/\/api.w.org\/{rel}","templated":true}]}}