{"id":161180,"date":"2025-10-07T16:37:25","date_gmt":"2025-10-07T16:37:25","guid":{"rendered":"https:\/\/www.europesays.com\/es\/161180\/"},"modified":"2025-10-07T16:37:25","modified_gmt":"2025-10-07T16:37:25","slug":"angela-aguilar-dedica-conmovedor-mensaje-tras-asesinato-de-su-estilista-micky-hair","status":"publish","type":"post","link":"https:\/\/www.europesays.com\/es\/161180\/","title":{"rendered":"\u00c1ngela Aguilar dedica conmovedor mensaje tras asesinato de su estilista Micky Hair"},"content":{"rendered":"<p>La constante pol\u00e9mica hacia <strong>\u00c1ngela Aguilar <\/strong>queda de lado en estos d\u00edas debido a que ahora se ha sumado a los mensajes para despedir al<strong> estilista Micky Hair,<\/strong> quien falleci\u00f3 esta semana en la Ciudad de M\u00e9xico.<\/p>\n<p>Esto debido a que el mencionado y reconocido<strong> estilista Miguel \u00c1ngel de la Mora Larios, mejor conocido como Micky Hair<\/strong>, era una de las personas cercanas a <strong>\u00c1ngela Aguilar<\/strong>, adem\u00e1s de que se encargaba de su cabello y necesidades para las especiales presentaciones que tiene en su carrera art\u00edstica.<\/p>\n<p>Micky Hair, el famoso estilista asesinado en Polanco<\/p>\n<p>Esto se da luego de que <strong>Micky Hair fue asesinado durante la madrugada del lunes en Polanco,<\/strong> considerada una de las zonas m\u00e1s exclusivas de la Ciudad de M\u00e9xico.<\/p>\n<p>Estilista de \u00c1ngela Aguilar y Kenia Os, Miguel \u00c1ngel de la Mora, es asesinado en PolancoX<\/p>\n<p>\u00c1ngela Aguilar env\u00eda mensaje emotivo tras muerte de Micky Hair<\/p>\n<p>Es as\u00ed como, una vez que perdi\u00f3 la vida el estilista, <strong>Micky Hair<\/strong>, de 28 a\u00f1os, en su mismo lugar de trabajo,<strong> Micky Hair Sal\u00f3n Masaryk<\/strong>, la cantante estadounidense<strong> \u00c1ngela Aguilar <\/strong>ha decidido compartir un emotivo mensaje para despedirlo.<\/p>\n<p>Hay que recordar que <strong>Micky Hair era el estilista de confianza para \u00c1ngela Aguilar y hasta para su esposo, el tambi\u00e9n cantante mexicano Christian Nodal<\/strong>, as\u00ed como para otras celebridades de M\u00e9xico.<\/p>\n<p><strong>\u00abQu\u00e9 duro es aceptar que ya no est\u00e1s, Micky. Contigo nunca fue solo el peinado. <\/strong>Me acompa\u00f1aste en el proceso de cambiar mi imagen, me diste seguridad cuando m\u00e1s lo necesitaba y estuviste ah\u00ed incluso en los momentos en los que me daba miedo salir o que me vieran. Siempre encontraste la manera de hacerme sentir c\u00f3moda y de impulsarme a seguir adelante&#8230; Tu obsesi\u00f3n con el gimnasio, tu amor por los viajes y tus ganas constantes de crecer son recuerdos que se quedan conmigo. Gracias por tu amistad, por tus consejos y por estar a mi lado en cada etapa. <strong>Vuela alto, Micky, siempre te vamos a extra\u00f1ar\u00bb, ha sido el mensaje de \u00c1ngela Aguilar para Micky Hair <\/strong>durante este martes 30 de septiembre del 2025.<\/p>\n<p><img loading=\"lazy\" decoding=\"async\" width=\"1980\" height=\"1320\" class=\"ue-c-article__image\" alt=\"La cantante \u00c1ngela Aguilar ha compartido su sentir tras la tr\u00e1gica muerte de su amigo Micky Hair en Polanco\" src=\"https:\/\/www.europesays.com\/es\/wp-content\/uploads\/2025\/10\/17592750199629.jpg\"\/><\/p>\n<p>La cantante \u00c1ngela Aguilar ha compartido su sentir tras la tr\u00e1gica muerte de su amigo Micky Hair en PolancoINSTAGRAM<\/p>\n<p>Christian Nodal y \u00c1ngela Aguilar, m\u00e1s enamorados que nunca<\/p>\n<p>Todo esto se da cuando el amor entre <strong>\u00c1ngela Aguilar y Christian Nodal <\/strong>se hab\u00eda puesto en duda y se lleg\u00f3 a alimentar rumores acerca de un posible divorcio. Sin embargo, nada de eso ha pasado, al menos, de momento, ya que no ha habido un comunicado al respecto, por lo que tanto <strong>Nodal <\/strong>como <strong>\u00c1ngela Aguilar<\/strong> siguen m\u00e1s enamorados que nunca.<\/p>\n<p>\u00c1ngela Aguilar y Christian Nodal preparan su boda por la Iglesia<\/p>\n<p>Por otro lado y de acuerdo con informaci\u00f3n de la revista TVNotas, tanto <strong>\u00c1ngela Aguilar<\/strong> como <strong>Christian Nodal<\/strong> ya tendr\u00edan en mente cu\u00e1ndo ser\u00e1 su boda por la Iglesia. De hecho, lo que cuenta la publicaci\u00f3n incluye al periodista Javier Ceriani, quien ha estado cerca de la pareja.<\/p>\n<p>Es as\u00ed que <strong>Christian Nodal y \u00c1ngela Aguilar<\/strong> ya est\u00e1n planeando casarse por la iglesia y eso estar\u00eda ocurriendo a finales de este a\u00f1o: \u00abSupuesta y alegadamente, seguro pueden cambiar los planes para llevarme la contraria, despu\u00e9s de terminar sus giras, sus promociones, juntar dinero y planear la log\u00edstica, el mes de casamiento. Se casan, \u00c1ngela y Nodal, supuesta y alegadamente, por la iglesia. El plan es para el mes de diciembre. El 12, el d\u00eda de la Virgen\u00bb.<\/p>\n","protected":false},"excerpt":{"rendered":"La constante pol\u00e9mica hacia \u00c1ngela Aguilar queda de lado en estos d\u00edas debido a que ahora se ha&hellip;\n","protected":false},"author":2,"featured_media":161181,"comment_status":"","ping_status":"","sticky":false,"template":"","format":"standard","meta":{"footnotes":""},"categories":[174],"tags":[255,146,147,25,24,256,23,15522],"class_list":{"0":"post-161180","1":"post","2":"type-post","3":"status-publish","4":"format-standard","5":"has-post-thumbnail","7":"category-famosos","8":"tag-celebrities","9":"tag-entertainment","10":"tag-entretenimiento","11":"tag-es","12":"tag-espana","13":"tag-famosos","14":"tag-spain","15":"tag-trending-celebrities"},"share_on_mastodon":{"url":"","error":""},"_links":{"self":[{"href":"https:\/\/www.europesays.com\/es\/wp-json\/wp\/v2\/posts\/161180","targetHints":{"allow":["GET"]}}],"collection":[{"href":"https:\/\/www.europesays.com\/es\/wp-json\/wp\/v2\/posts"}],"about":[{"href":"https:\/\/www.europesays.com\/es\/wp-json\/wp\/v2\/types\/post"}],"author":[{"embeddable":true,"href":"https:\/\/www.europesays.com\/es\/wp-json\/wp\/v2\/users\/2"}],"replies":[{"embeddable":true,"href":"https:\/\/www.europesays.com\/es\/wp-json\/wp\/v2\/comments?post=161180"}],"version-history":[{"count":0,"href":"https:\/\/www.europesays.com\/es\/wp-json\/wp\/v2\/posts\/161180\/revisions"}],"wp:featuredmedia":[{"embeddable":true,"href":"https:\/\/www.europesays.com\/es\/wp-json\/wp\/v2\/media\/161181"}],"wp:attachment":[{"href":"https:\/\/www.europesays.com\/es\/wp-json\/wp\/v2\/media?parent=161180"}],"wp:term":[{"taxonomy":"category","embeddable":true,"href":"https:\/\/www.europesays.com\/es\/wp-json\/wp\/v2\/categories?post=161180"},{"taxonomy":"post_tag","embeddable":true,"href":"https:\/\/www.europesays.com\/es\/wp-json\/wp\/v2\/tags?post=161180"}],"curies":[{"name":"wp","href":"https:\/\/api.w.org\/{rel}","templated":true}]}}