{"id":161200,"date":"2025-10-07T16:53:11","date_gmt":"2025-10-07T16:53:11","guid":{"rendered":"https:\/\/www.europesays.com\/es\/161200\/"},"modified":"2025-10-07T16:53:11","modified_gmt":"2025-10-07T16:53:11","slug":"dana-white-prepara-el-bombazo-dentro-de-la-ufc-en-la-casa-blanca-y-con-alex-pereira-como-protago","status":"publish","type":"post","link":"https:\/\/www.europesays.com\/es\/161200\/","title":{"rendered":"Dana White prepara el bombazo dentro de la UFC, en la Casa Blanca y con Alex Pereira como protago&#8230;"},"content":{"rendered":"<p><strong>Dana White no ha tenido el a\u00f1o que esperaba.<\/strong> Aunque la UFC ha seguido creciendo, no oculta la decepci\u00f3n por la incre\u00edble cantidad de peleas que se han tenido que cancelar por culpa de lesiones de \u00faltima hora, y que han provocado una p\u00e9rdida de ingresos importante. Y la m\u00e1s destacada fue la de Islam Makhachev contra Arman Tsarukyan, en el mes de enero, que tuvo que cambiarse a \u00faltima hora, por la baja del peleador armenio, quien sigue sin volver al ring.<\/p>\n<p>Tambi\u00e9n se tuvo que suspender el enfrentamiento por el t\u00edtulo entre Shavkat Rakhmonov vs Belal Muhammad, por el t\u00edtulo de peso w\u00e9lter, o la de Dan Hooker vs Justin Gaethje, una de las m\u00e1s esperadas por el p\u00fablico. Aunque, sin ning\u00fan tipo de duda,<strong> la m\u00e1s dolorosa ha sido la de Jon Jones contra Tom Aspinall,<\/strong> por el cintur\u00f3n de los pesos pesados, y que promet\u00eda ser una de las peleas m\u00e1s vistas y recordadas de todos los tiempos.<\/p>\n<blockquote class=\"instagram-media\" data-instgrm-captioned=\"\" data-instgrm-permalink=\"https:\/\/www.instagram.com\/p\/C99KSo5Mlzo\/?utm_source=ig_embed&amp;utm_campaign=loading\" data-instgrm-version=\"14\" style=\" background:#FFF; border:0; border-radius:3px; box-shadow:0 0 1px 0 rgba(0,0,0,0.5),0 1px 10px 0 rgba(0,0,0,0.15); margin: 1px; max-width:540px; min-width:326px; padding:0; width:99.375%; width:-webkit-calc(100% - 2px); width:calc(100% - 2px);\"><p>&#13;<br \/>\n&#13;\n<\/p><\/blockquote>\n<p><strong>Porque mucha gente cre\u00eda que el peleador ingl\u00e9s ten\u00eda el nivel y las habilidades necesarias para imponerse a \u2018Bones\u2019,<\/strong> considerado como el mejor de la historia, y que nunca ha perdido en el ring. Pero cuando ya se especulaba con la fecha de este enfrentamiento, White sorprendi\u00f3 a la hora de comunicar en rueda de prensa que el pol\u00e9mico luchador norteamericano le hab\u00eda comunicado que se retiraba, dejando su cintur\u00f3n vacante, y que pas\u00f3 a ser propiedad del brit\u00e1nico, quien ten\u00eda el cintur\u00f3n interino, y esperaba su oportunidad por el t\u00edtulo.<\/p>\n<p>Aspinall defender\u00e1 por primera vez su condici\u00f3n de campe\u00f3n indiscutido en tres semanas, contra Ciryl Gane, una pelea donde es el claro favorito. Y la intenci\u00f3n de Dana es que su siguiente defensa de t\u00edtulo llegue en el primer semestre, nada m\u00e1s y nada menos que en la Casa Blanca. <strong>Y el rival que tiene en mente es Alex Pereira<\/strong>, una de las caras m\u00e1s solicitadas dentro de UFC, gracias a su estilo tan entretenido para los espectadores, por su facilidad para noquear a los oponentes.<\/p>\n<blockquote class=\"instagram-media\" data-instgrm-captioned=\"\" data-instgrm-permalink=\"https:\/\/www.instagram.com\/p\/DPelpNWkoqy\/?utm_source=ig_embed&amp;utm_campaign=loading\" data-instgrm-version=\"14\" style=\" background:#FFF; border:0; border-radius:3px; box-shadow:0 0 1px 0 rgba(0,0,0,0.5),0 1px 10px 0 rgba(0,0,0,0.15); margin: 1px; max-width:540px; min-width:326px; padding:0; width:99.375%; width:-webkit-calc(100% - 2px); width:calc(100% - 2px);\"><p>&#13;<br \/>\n&#13;\n<\/p><\/blockquote>\n<p><strong>\u2018Poat\u00e1n\u2019 recuper\u00f3 su cintur\u00f3n el \u00faltimo fin de semana, veng\u00e1ndose de Magomed Ankalaev,<\/strong> y proclam\u00e1ndose como el rey del peso semipesado, donde ahora mismo no tiene un claro rival a superarle. Y la intenci\u00f3n es que suba al peso pesado.<\/p>\n<p><strong>Dana White prepara una pelea entre Aspinall y Pereira en la Casa Blanca<\/strong><\/p>\n<p><strong>Dana White cree que la mejor pelea que se puede ver en estos momentos ser\u00eda entre Aspinall y Pereira, <\/strong>y tiene previsto que se produzca en la Casa Blanca, debido al deseo de Donald Trump, fiel seguidor de la UFC, a organizar una velada all\u00ed.<\/p>\n<p><strong>Ilia Topuria contra Makhachev ser\u00eda otra de las opciones<\/strong>, aunque se tendr\u00edan que cumplir una serie de condiciones para que se celebre, y que hace que sea m\u00e1s complicado.<\/p>\n<p>                    <script async src=\"\/\/www.instagram.com\/embed.js\"><\/script><\/p>\n","protected":false},"excerpt":{"rendered":"Dana White no ha tenido el a\u00f1o que esperaba. Aunque la UFC ha seguido creciendo, no oculta la&hellip;\n","protected":false},"author":2,"featured_media":161201,"comment_status":"","ping_status":"","sticky":false,"template":"","format":"standard","meta":{"footnotes":""},"categories":[276],"tags":[168,25,24,23,167,343],"class_list":{"0":"post-161200","1":"post","2":"type-post","3":"status-publish","4":"format-standard","5":"has-post-thumbnail","7":"category-ufc","8":"tag-deportes","9":"tag-es","10":"tag-espana","11":"tag-spain","12":"tag-sports","13":"tag-ufc"},"share_on_mastodon":{"url":"","error":""},"_links":{"self":[{"href":"https:\/\/www.europesays.com\/es\/wp-json\/wp\/v2\/posts\/161200","targetHints":{"allow":["GET"]}}],"collection":[{"href":"https:\/\/www.europesays.com\/es\/wp-json\/wp\/v2\/posts"}],"about":[{"href":"https:\/\/www.europesays.com\/es\/wp-json\/wp\/v2\/types\/post"}],"author":[{"embeddable":true,"href":"https:\/\/www.europesays.com\/es\/wp-json\/wp\/v2\/users\/2"}],"replies":[{"embeddable":true,"href":"https:\/\/www.europesays.com\/es\/wp-json\/wp\/v2\/comments?post=161200"}],"version-history":[{"count":0,"href":"https:\/\/www.europesays.com\/es\/wp-json\/wp\/v2\/posts\/161200\/revisions"}],"wp:featuredmedia":[{"embeddable":true,"href":"https:\/\/www.europesays.com\/es\/wp-json\/wp\/v2\/media\/161201"}],"wp:attachment":[{"href":"https:\/\/www.europesays.com\/es\/wp-json\/wp\/v2\/media?parent=161200"}],"wp:term":[{"taxonomy":"category","embeddable":true,"href":"https:\/\/www.europesays.com\/es\/wp-json\/wp\/v2\/categories?post=161200"},{"taxonomy":"post_tag","embeddable":true,"href":"https:\/\/www.europesays.com\/es\/wp-json\/wp\/v2\/tags?post=161200"}],"curies":[{"name":"wp","href":"https:\/\/api.w.org\/{rel}","templated":true}]}}