{"id":161218,"date":"2025-10-07T17:11:10","date_gmt":"2025-10-07T17:11:10","guid":{"rendered":"https:\/\/www.europesays.com\/es\/161218\/"},"modified":"2025-10-07T17:11:10","modified_gmt":"2025-10-07T17:11:10","slug":"maduro-dice-que-investigan-un-supuesto-plan-de-ataque-terrorista-contra-la-embajada-de-ee-uu-en-caracas","status":"publish","type":"post","link":"https:\/\/www.europesays.com\/es\/161218\/","title":{"rendered":"Maduro dice que investigan un supuesto plan de \u201cataque terrorista\u201d contra la embajada de EE.UU. en Caracas"},"content":{"rendered":"<p>      CNN Espa\u00f1ol<br \/>\n        \u00a0\u2014\u00a0<\/p>\n<p class=\"paragraph inline-placeholder vossi-paragraph\" data-uri=\"es.cms.cnn.com\/_components\/paragraph\/instances\/cmgglqm6w002p27nq22s0a8t0@published\" data-editable=\"text\" data-component-name=\"paragraph\" data-article-gutter=\"true\">\n            El presidente de Venezuela, Nicol\u00e1s Maduro, afirm\u00f3 este lunes que su Gobierno busca a los presuntos responsables de planificar un supuesto \u201cataque terrorista\u201d contra la embajada de Estados Unidos en Caracas, y agreg\u00f3 que transmitieron la informaci\u00f3n al Gobierno del presidente Donald Trump.\n    <\/p>\n<p class=\"paragraph inline-placeholder vossi-paragraph\" data-uri=\"es.cms.cnn.com\/_components\/paragraph\/instances\/cmgglr2kj0003356nlkq22c8w@published\" data-editable=\"text\" data-component-name=\"paragraph\" data-article-gutter=\"true\">\n            Sin presentar evidencias, el l\u00edder chavista denunci\u00f3 \u201cla posibilidad de que un grupo terrorista, extremista, local, colocara una carga explosiva\u201d contra la sede diplom\u00e1tica, basado en informaci\u00f3n de \u201cdos fuentes\u201d del sistema de inteligencia, seg\u00fan dijo en su programa semanal \u201cCon Maduro+\u201d, transmitido por el canal estatal Venezolana de Televisi\u00f3n (VTV).\n    <\/p>\n<p class=\"paragraph inline-placeholder vossi-paragraph\" data-uri=\"es.cms.cnn.com\/_components\/paragraph\/instances\/cmgglr2kk0004356na0m227fd@published\" data-editable=\"text\" data-component-name=\"paragraph\" data-article-gutter=\"true\">\n            Caracas y Washington rompieron relaciones formales <a href=\"https:\/\/cnnespanol.cnn.com\/2019\/01\/23\/maduro-rompe-relaciones-con-ee-uu-y-da-72-horas-para-que-el-personal-diplomatico-abandone-el-pais\" rel=\"nofollow noopener\" target=\"_blank\">en 2019<\/a> y desde entonces la embajada estadounidense <a href=\"https:\/\/cnnespanol.cnn.com\/2019\/03\/12\/estados-unidos-ordena-el-retiro-de-todo-el-personal-restante-de-su-embajada-en-venezuela\/\" rel=\"nofollow noopener\" target=\"_blank\">no cuenta<\/a> con personal diplom\u00e1tico. Desde hace unas semanas, la tensi\u00f3n entre ambos gobiernos crece sin cesar ante el despliegue naval de Estados Unidos en el Caribe. La escalada condujo a Maduro a enviar <a href=\"https:\/\/cnnespanol.cnn.com\/2025\/09\/21\/venezuela\/maduro-carta-trump-trax\" rel=\"nofollow noopener\" target=\"_blank\">una carta<\/a> al presidente Trump, en la que lo invitaba a abrir un di\u00e1logo de paz. La misiva, sin embargo, fue rechazada por la Casa Blanca por estar \u201cllena de mentiras\u201d, seg\u00fan dijo la vocera de Trump, Karoline Leavitt.\n    <\/p>\n<p class=\"paragraph inline-placeholder vossi-paragraph\" data-uri=\"es.cms.cnn.com\/_components\/paragraph\/instances\/cmgglr2kk0005356ngrxdqjy7@published\" data-editable=\"text\" data-component-name=\"paragraph\" data-article-gutter=\"true\">\n            Consultado si considera que se trata de una operaci\u00f3n que pueda propiciar un ataque de EE.UU. en Venezuela, el mandatario respondi\u00f3: \u201cSeguro que s\u00ed, es una operaci\u00f3n t\u00edpica de falsa bandera, de provocaci\u00f3n para despu\u00e9s armar el esc\u00e1ndalo y utilizar el poder comunicacional a trav\u00e9s de redes y medios para culpar al Gobierno bolivariano y comenzar una escalada de enfrentamientos donde nadie va a preguntar c\u00f3mo lo hizo, qui\u00e9n lo hizo\u201d.\n    <\/p>\n<p>       <img decoding=\"async\" src=\"https:\/\/www.europesays.com\/es\/wp-content\/uploads\/2025\/10\/2025-10-07t013108z-643798326-rc2b6hah25rx-rtrmadp-3-venezuela-united-states-embassy.JPG\" alt=\"Entrada de la embajada de EE.UU. en Caracas, el 6 de octubre.\" class=\"image__dam-img image__dam-img--loading\" onload=\"this.classList.remove('image__dam-img--loading')\" onerror=\"imageLoadError(this)\" height=\"2832\" width=\"4267\" loading=\"lazy\"\/><\/p>\n<p class=\"paragraph inline-placeholder vossi-paragraph\" data-uri=\"es.cms.cnn.com\/_components\/paragraph\/instances\/cmgglr2kk0006356n58jc5sh6@published\" data-editable=\"text\" data-component-name=\"paragraph\" data-article-gutter=\"true\">\n            Maduro apunt\u00f3 que las autoridades est\u00e1n en la b\u00fasqueda de los implicados \u201cque est\u00e1n en territorio venezolano\u201d y afirm\u00f3 que durante la tarde su Gobierno inform\u00f3 \u201coficialmente\u201d a Washington los detalles de los supuestos planes. \u201cEstados Unidos tiene la informaci\u00f3n, nombre y apellido, hora de reuni\u00f3n y qu\u00e9 conversaron y d\u00f3nde conversaron sobre este atentado, que fue avalado y pedido por una persona que ya se sabr\u00e1\u201d, se\u00f1al\u00f3 sin dar m\u00e1s detalles.\n    <\/p>\n<p class=\"paragraph inline-placeholder vossi-paragraph\" data-uri=\"es.cms.cnn.com\/_components\/paragraph\/instances\/cmgglr2kk0007356nefzi54j5@published\" data-editable=\"text\" data-component-name=\"paragraph\" data-article-gutter=\"true\">\n            CNN solicit\u00f3 comentarios al Departamento de Estado de EE.UU. sobre el tema y espera respuesta.\n    <\/p>\n<p class=\"paragraph inline-placeholder vossi-paragraph\" data-uri=\"es.cms.cnn.com\/_components\/paragraph\/instances\/cmgglr2kk0008356nnxhciu4t@published\" data-editable=\"text\" data-component-name=\"paragraph\" data-article-gutter=\"true\">\n            Venezuela viene denunciando las \u201camenazas\u201d que, seg\u00fan sostiene, representa el despliegue naval de Estados Unidos, de al menos ocho buques de guerra y un submarino de ataque r\u00e1pido cerca de las costas de Venezuela bajo el argumento de combatir al narcotr\u00e1fico. La tensi\u00f3n crece desde agosto, en especial luego de <a href=\"https:\/\/cnnespanol.cnn.com\/2025\/10\/03\/eeuu\/ataque-bote-frente-costa-venezuela-mata-cuatro-secretario-defensa-trax\" rel=\"nofollow noopener\" target=\"_blank\">al menos cuatro ataques<\/a> de EE.UU. a embarcaciones que se desplazaban en aguas internacionales el Caribe y que, seg\u00fan Washington, transportaban droga cerca de las costas de Venezuela.\n    <\/p>\n<p class=\"paragraph inline-placeholder vossi-paragraph\" data-uri=\"es.cms.cnn.com\/_components\/paragraph\/instances\/cmgglr2kk0009356ntm1y2xw2@published\" data-editable=\"text\" data-component-name=\"paragraph\" data-article-gutter=\"true\">\n            Maduro tambi\u00e9n dijo en su programa semanal que envi\u00f3 <a href=\"https:\/\/cnnespanol.cnn.com\/2025\/10\/07\/venezuela\/maduro-carta-papa-leon-paz-eeuu-efe\" rel=\"nofollow noopener\" target=\"_blank\">una carta<\/a> al papa Le\u00f3n XIV en la que le pidi\u00f3 que \u201cayude a Venezuela a preservar la paz, la estabilidad\u201d.\n    <\/p>\n","protected":false},"excerpt":{"rendered":"CNN Espa\u00f1ol \u00a0\u2014\u00a0 El presidente de Venezuela, Nicol\u00e1s Maduro, afirm\u00f3 este lunes que su Gobierno busca a los&hellip;\n","protected":false},"author":2,"featured_media":161219,"comment_status":"","ping_status":"","sticky":false,"template":"","format":"standard","meta":{"footnotes":""},"categories":[42],"tags":[17,18,13,14,11,61,62,63,64,19,20,9,1194,10,15,16,12,21,22,65,66,67],"class_list":{"0":"post-161218","1":"post","2":"type-post","3":"status-publish","4":"format-standard","5":"has-post-thumbnail","7":"category-internacional","8":"tag-breaking-news","9":"tag-breakingnews","10":"tag-featured-news","11":"tag-featurednews","12":"tag-headlines","13":"tag-internacional","14":"tag-international","15":"tag-international-news","16":"tag-internationalnews","17":"tag-latest-news","18":"tag-latestnews","19":"tag-news","20":"tag-nicolas-maduro","21":"tag-noticias","22":"tag-noticias-destacadas","23":"tag-noticiasdestacadas","24":"tag-titulares","25":"tag-ultimas-noticias","26":"tag-ultimasnoticias","27":"tag-world","28":"tag-world-news","29":"tag-worldnews"},"share_on_mastodon":{"url":"","error":""},"_links":{"self":[{"href":"https:\/\/www.europesays.com\/es\/wp-json\/wp\/v2\/posts\/161218","targetHints":{"allow":["GET"]}}],"collection":[{"href":"https:\/\/www.europesays.com\/es\/wp-json\/wp\/v2\/posts"}],"about":[{"href":"https:\/\/www.europesays.com\/es\/wp-json\/wp\/v2\/types\/post"}],"author":[{"embeddable":true,"href":"https:\/\/www.europesays.com\/es\/wp-json\/wp\/v2\/users\/2"}],"replies":[{"embeddable":true,"href":"https:\/\/www.europesays.com\/es\/wp-json\/wp\/v2\/comments?post=161218"}],"version-history":[{"count":0,"href":"https:\/\/www.europesays.com\/es\/wp-json\/wp\/v2\/posts\/161218\/revisions"}],"wp:featuredmedia":[{"embeddable":true,"href":"https:\/\/www.europesays.com\/es\/wp-json\/wp\/v2\/media\/161219"}],"wp:attachment":[{"href":"https:\/\/www.europesays.com\/es\/wp-json\/wp\/v2\/media?parent=161218"}],"wp:term":[{"taxonomy":"category","embeddable":true,"href":"https:\/\/www.europesays.com\/es\/wp-json\/wp\/v2\/categories?post=161218"},{"taxonomy":"post_tag","embeddable":true,"href":"https:\/\/www.europesays.com\/es\/wp-json\/wp\/v2\/tags?post=161218"}],"curies":[{"name":"wp","href":"https:\/\/api.w.org\/{rel}","templated":true}]}}