{"id":161226,"date":"2025-10-07T17:15:16","date_gmt":"2025-10-07T17:15:16","guid":{"rendered":"https:\/\/www.europesays.com\/es\/161226\/"},"modified":"2025-10-07T17:15:16","modified_gmt":"2025-10-07T17:15:16","slug":"fotos-de-la-retirada-de-javier-castano-salamancartv-al-dia","status":"publish","type":"post","link":"https:\/\/www.europesays.com\/es\/161226\/","title":{"rendered":"Fotos de la retirada de Javier Casta\u00f1o &#8211; SALAMANCArtv AL D\u00cdA"},"content":{"rendered":"<p class=\"prip\">El <strong>domingo 5 de octubre<\/strong> pasar\u00e1 a la historia de la tauromaquia por ser la fecha en la que <strong>Javier Casta\u00f1o dijo adi\u00f3s a los ruedos<\/strong>. La plaza de toros de <strong>Zaragoza<\/strong> fue el escenario de la \u00faltima tarde del torero salmantino, que a partir de ahora goza del descanso del guerrero. Curtido en mil batallas, muy duras por cierto, Casta\u00f1o se march\u00f3 del toreo sin grandes alardes y en silencio. Su \u00faltima actuaci\u00f3n podr\u00eda resumirse en estas <strong>diez im\u00e1genes<\/strong>.<\/p>\n<p>1.- El \u00faltimo viaje de <strong>un fund\u00f3n y un botijo<\/strong> que han recorrido todas las ciudades del panorama taurino.<\/p>\n<p><img loading=\"lazy\" decoding=\"async\" class=\"tinymceimage\"   width=\"714\" height=\"476\" src=\"https:\/\/www.europesays.com\/es\/wp-content\/uploads\/2025\/10\/01.jpg\" alt=\"Javier Casta\u00f1o, un adi\u00f3s en 10 im\u00e1genes | Imagen 1\"\/><\/p>\n<p>2.- La \u00faltima vez que Javier Casta\u00f1o se li\u00f3 en su<strong> capote de paseo<\/strong>.<\/p>\n<p><img loading=\"lazy\" decoding=\"async\" class=\"tinymceimage\"   src=\"https:\/\/www.europesays.com\/es\/wp-content\/uploads\/2025\/10\/03.jpg\" width=\"714\" height=\"1071\" alt=\"Javier Casta\u00f1o, un adi\u00f3s en 10 im\u00e1genes | Imagen 2\"\/><\/p>\n<p>3.- El \u00faltimo <strong>pase\u00edllo<\/strong>, acompa\u00f1ado de Pepe Moral y G\u00f3mez del Pilar, que sustitu\u00eda a Antonio Ferrera. Casta\u00f1o, a la derecha de la imagen, con un traje de luces<strong> caldero y oro, <\/strong>el mismo que utiliz\u00f3 en Guijuelo en su despedida de la provincia de Salamanca.<\/p>\n<p><img loading=\"lazy\" decoding=\"async\" class=\"tinymceimage\"   width=\"714\" height=\"476\" src=\"https:\/\/www.europesays.com\/es\/wp-content\/uploads\/2025\/10\/04.jpg\" alt=\"Javier Casta\u00f1o, un adi\u00f3s en 10 im\u00e1genes | Imagen 3\"\/><\/p>\n<p>4.- <strong>Pundonor y entrega<\/strong> hasta el \u00faltimo momento frente a dos toros, de Concha y Sierra (1\u00ba) y Julio de la Puerta (4\u00ba) que no prestaron opciones para el triunfo.<\/p>\n<p><img loading=\"lazy\" decoding=\"async\" class=\"tinymceimage\"   width=\"714\" height=\"476\" src=\"https:\/\/www.europesays.com\/es\/wp-content\/uploads\/2025\/10\/05.jpg\" alt=\"Javier Casta\u00f1o, un adi\u00f3s en 10 im\u00e1genes | Imagen 4\"\/><\/p>\n<p>5.- <strong>Riguroso<\/strong>, n\u00famero 80, nacido en diciembre de 2020, de 557 kilos y negro, fue el \u00faltimo astado de la carrera de Javier Casta\u00f1o.<\/p>\n<p><img loading=\"lazy\" decoding=\"async\" class=\"tinymceimage\"   width=\"714\" height=\"476\" src=\"https:\/\/www.europesays.com\/es\/wp-content\/uploads\/2025\/10\/06.jpg\" alt=\"Javier Casta\u00f1o, un adi\u00f3s en 10 im\u00e1genes | Imagen 5\"\/><\/p>\n<p>6.- Su <strong>\u00faltima faena<\/strong>.<\/p>\n<p><img loading=\"lazy\" decoding=\"async\" class=\"tinymceimage\"   width=\"714\" height=\"476\" src=\"https:\/\/www.europesays.com\/es\/wp-content\/uploads\/2025\/10\/07.jpg\" alt=\"Javier Casta\u00f1o, un adi\u00f3s en 10 im\u00e1genes | Imagen 6\"\/><\/p>\n<p>7.- Su hija <strong>Sabela fue la encargada de cortarle la coleta<\/strong> en un momento muy emotivo que se desarroll\u00f3 ante la mirada de su abuelo Enrique, padre del torero.<\/p>\n<p><img loading=\"lazy\" decoding=\"async\" class=\"tinymceimage\"   width=\"714\" height=\"1071\" src=\"https:\/\/www.europesays.com\/es\/wp-content\/uploads\/2025\/10\/08.jpg\" alt=\"Javier Casta\u00f1o, un adi\u00f3s en 10 im\u00e1genes | Imagen 7\"\/><\/p>\n<p>8.- La \u00faltima ovaci\u00f3n vestido de luces la recogi\u00f3 Javier Casta\u00f1o con el <strong>a\u00f1adido en su mano derecha<\/strong>.<\/p>\n<p><img loading=\"lazy\" decoding=\"async\" class=\"tinymceimage\"   width=\"714\" height=\"476\" src=\"https:\/\/www.europesays.com\/es\/wp-content\/uploads\/2025\/10\/09.jpg\" alt=\"Javier Casta\u00f1o, un adi\u00f3s en 10 im\u00e1genes | Imagen 8\"\/><\/p>\n<p>9.- El <strong>\u00faltimo reconocimiento<\/strong> lleg\u00f3 por parte de la Diputaci\u00f3n provincial de Zaragoza, la Empresa Z\u00fa\u00f1iga y Toros y la Pe\u00f1a Taurina de Gij\u00f3n.<\/p>\n<p><img loading=\"lazy\" decoding=\"async\" class=\"tinymceimage\"   width=\"714\" height=\"476\" src=\"https:\/\/www.europesays.com\/es\/wp-content\/uploads\/2025\/10\/11_23.jpg\" alt=\"Javier Casta\u00f1o, un adi\u00f3s en 10 im\u00e1genes | Imagen 9\"\/><\/p>\n<p>10.- <strong>\u00a1Hasta siempre, torero!<\/strong><\/p>\n<p><img loading=\"lazy\" decoding=\"async\" class=\"tinymceimage\"   width=\"714\" height=\"1071\" src=\"https:\/\/www.europesays.com\/es\/wp-content\/uploads\/2025\/10\/10_23.jpg\" alt=\"Javier Casta\u00f1o, un adi\u00f3s en 10 im\u00e1genes | Imagen 10\"\/><\/p>\n<p>FOTOS: Plaza de toros de Zaragoza<\/p>\n","protected":false},"excerpt":{"rendered":"El domingo 5 de octubre pasar\u00e1 a la historia de la tauromaquia por ser la fecha en la&hellip;\n","protected":false},"author":2,"featured_media":161227,"comment_status":"","ping_status":"","sticky":false,"template":"","format":"standard","meta":{"footnotes":""},"categories":[277],"tags":[47830,6831,373,168,25,24,1641,47829,1367,23,167,374,444,491],"class_list":{"0":"post-161226","1":"post","2":"type-post","3":"status-publish","4":"format-standard","5":"has-post-thumbnail","7":"category-toreo","8":"tag-10-fotos","9":"tag-adios","10":"tag-bullfighting","11":"tag-deportes","12":"tag-es","13":"tag-espana","14":"tag-imagenes","15":"tag-javier-castano","16":"tag-retirada","17":"tag-spain","18":"tag-sports","19":"tag-toreo","20":"tag-toros","21":"tag-zaragoza"},"share_on_mastodon":{"url":"","error":""},"_links":{"self":[{"href":"https:\/\/www.europesays.com\/es\/wp-json\/wp\/v2\/posts\/161226","targetHints":{"allow":["GET"]}}],"collection":[{"href":"https:\/\/www.europesays.com\/es\/wp-json\/wp\/v2\/posts"}],"about":[{"href":"https:\/\/www.europesays.com\/es\/wp-json\/wp\/v2\/types\/post"}],"author":[{"embeddable":true,"href":"https:\/\/www.europesays.com\/es\/wp-json\/wp\/v2\/users\/2"}],"replies":[{"embeddable":true,"href":"https:\/\/www.europesays.com\/es\/wp-json\/wp\/v2\/comments?post=161226"}],"version-history":[{"count":0,"href":"https:\/\/www.europesays.com\/es\/wp-json\/wp\/v2\/posts\/161226\/revisions"}],"wp:featuredmedia":[{"embeddable":true,"href":"https:\/\/www.europesays.com\/es\/wp-json\/wp\/v2\/media\/161227"}],"wp:attachment":[{"href":"https:\/\/www.europesays.com\/es\/wp-json\/wp\/v2\/media?parent=161226"}],"wp:term":[{"taxonomy":"category","embeddable":true,"href":"https:\/\/www.europesays.com\/es\/wp-json\/wp\/v2\/categories?post=161226"},{"taxonomy":"post_tag","embeddable":true,"href":"https:\/\/www.europesays.com\/es\/wp-json\/wp\/v2\/tags?post=161226"}],"curies":[{"name":"wp","href":"https:\/\/api.w.org\/{rel}","templated":true}]}}