{"id":161242,"date":"2025-10-07T17:33:11","date_gmt":"2025-10-07T17:33:11","guid":{"rendered":"https:\/\/www.europesays.com\/es\/161242\/"},"modified":"2025-10-07T17:33:11","modified_gmt":"2025-10-07T17:33:11","slug":"un-todoterreno-que-muy-pocos-en-espana-pueden-permitirse","status":"publish","type":"post","link":"https:\/\/www.europesays.com\/es\/161242\/","title":{"rendered":"un todoterreno que muy pocos en Espa\u00f1a pueden permitirse"},"content":{"rendered":"<p><strong>David Broncano<\/strong> se ha convertido en uno de los protagonistas de la televisi\u00f3n espa\u00f1ola, especialmente desde su fichaje por RTVE. Noche tras noche lleva su estilo a La revuelta,   aunque todav\u00eda con la pol\u00e9mica que supuso el hecho de que el <strong>consejo de administraci\u00f3n de RTVE aprobara el programa,<\/strong> una decisi\u00f3n que supone un coste anual <strong>de 14 millones de euros <\/strong>para el ente p\u00fablico.<\/p>\n<p>Aunque, como es l\u00f3gico, esos fondos no van a parar al presentador y, de hecho, ni siquiera se sabe <strong>cu\u00e1l es el sueldo que cobra, <\/strong>en las redes es bastante com\u00fan la pregunta de <strong>\u00bfcu\u00e1l es el coche de David Broncano?<\/strong><\/p>\n<p>El presentador no suele dar datos sobre su vida privada, pero en m\u00e1s de una ocasi\u00f3n se le ha visto a los mandos de un <a href=\"https:\/\/motor.elpais.com\/supercoches\/el-land-rover-defender-vuelve-pero-a-un-precio-estratosferico\/\" target=\"_blank\" rel=\"noreferrer noopener nofollow\">Land Rover Defender,<\/a> concretamente de un ejemplar de la \u00faltima generaci\u00f3n del modelo, <\/p>\n<p>No se sabe a ciencia cierta que versi\u00f3n es, ya que el 4\u00d74 tiene una gama bastante variada con tres carrocer\u00edas diferentes y una oferta de motores que va <strong>desde los 249 hasta los 500 CV de potencia<\/strong>. Su horquilla de precios va de <strong>78.700 euros<\/strong> a<strong> 210.050 euros.<\/strong><\/p>\n<p><img decoding=\"async\" loading=\"lazy\" width=\"1536\" height=\"864\" src=\"https:\/\/www.europesays.com\/es\/wp-content\/uploads\/2025\/10\/Land-Rover-Defender.jpg\" alt=\"Land Rover Defender\" class=\"wp-image-310750\"  \/><\/p>\n<p>El coche deportivo de David Broncano<\/p>\n<p>Aunque sea con el todoterreno con el que se le haya visto, tambi\u00e9n se tiene constancia de al menos otro veh\u00edculo. En el programa En tu casa o en la m\u00eda de Bert\u00edn Osborne habl\u00f3 sobre \u00e9l<\/p>\n<p>Comentando cu\u00e1l era uno de los caprichos m\u00e1s caros que se hab\u00eda permitido en su carrera, se\u00f1al\u00f3 que era un deportivo, \u201calgo peque\u00f1o\u201d y cuyo precio era <strong>inferior a los 120.000 euros<\/strong>, pero no dio m\u00e1s detalles.<\/p>\n","protected":false},"excerpt":{"rendered":"David Broncano se ha convertido en uno de los protagonistas de la televisi\u00f3n espa\u00f1ola, especialmente desde su fichaje&hellip;\n","protected":false},"author":2,"featured_media":161243,"comment_status":"","ping_status":"","sticky":false,"template":"","format":"standard","meta":{"footnotes":""},"categories":[80],"tags":[82,28052,9029,95,94,25,24,47833,23,47834],"class_list":{"0":"post-161242","1":"post","2":"type-post","3":"status-publish","4":"format-standard","5":"has-post-thumbnail","7":"category-economia","8":"tag-business","9":"tag-coches-de-famosos","10":"tag-david-broncano","11":"tag-economia","12":"tag-economy","13":"tag-es","14":"tag-espana","15":"tag-land-rover-defender","16":"tag-spain","17":"tag-todoterrenos"},"share_on_mastodon":{"url":"","error":""},"_links":{"self":[{"href":"https:\/\/www.europesays.com\/es\/wp-json\/wp\/v2\/posts\/161242","targetHints":{"allow":["GET"]}}],"collection":[{"href":"https:\/\/www.europesays.com\/es\/wp-json\/wp\/v2\/posts"}],"about":[{"href":"https:\/\/www.europesays.com\/es\/wp-json\/wp\/v2\/types\/post"}],"author":[{"embeddable":true,"href":"https:\/\/www.europesays.com\/es\/wp-json\/wp\/v2\/users\/2"}],"replies":[{"embeddable":true,"href":"https:\/\/www.europesays.com\/es\/wp-json\/wp\/v2\/comments?post=161242"}],"version-history":[{"count":0,"href":"https:\/\/www.europesays.com\/es\/wp-json\/wp\/v2\/posts\/161242\/revisions"}],"wp:featuredmedia":[{"embeddable":true,"href":"https:\/\/www.europesays.com\/es\/wp-json\/wp\/v2\/media\/161243"}],"wp:attachment":[{"href":"https:\/\/www.europesays.com\/es\/wp-json\/wp\/v2\/media?parent=161242"}],"wp:term":[{"taxonomy":"category","embeddable":true,"href":"https:\/\/www.europesays.com\/es\/wp-json\/wp\/v2\/categories?post=161242"},{"taxonomy":"post_tag","embeddable":true,"href":"https:\/\/www.europesays.com\/es\/wp-json\/wp\/v2\/tags?post=161242"}],"curies":[{"name":"wp","href":"https:\/\/api.w.org\/{rel}","templated":true}]}}