{"id":161249,"date":"2025-10-07T17:37:18","date_gmt":"2025-10-07T17:37:18","guid":{"rendered":"https:\/\/www.europesays.com\/es\/161249\/"},"modified":"2025-10-07T17:37:18","modified_gmt":"2025-10-07T17:37:18","slug":"el-zonzamas-plus-car-lanzarote-destituye-a-juanmi-perez-como-entrenador","status":"publish","type":"post","link":"https:\/\/www.europesays.com\/es\/161249\/","title":{"rendered":"El Zonzamas Plus Car Lanzarote destituye a Juanmi P\u00e9rez como entrenador"},"content":{"rendered":"<p><strong>LanzaroteDeportiva.com<\/strong><\/p>\n<p>La paciencia se ha agotado en la direcci\u00f3n deportiva del CB Zonzamas Plus Car Lanzarote y tras solo cinco jornadas de competici\u00f3n ha tomado una dr\u00e1stica decisi\u00f3n. En la noche del lunes comunic\u00f3 a Juanmi P\u00e9rez su destituci\u00f3n al frente del banquillo batatero, cerrando la etapa del entrenador lanzarote\u00f1o, y de su ayudante Casimiro Tejera, como responsables t\u00e9cnicos del conjunto de la Liga Guerreras Iberdrola.<\/p>\n<p>El CB Zonzamas Plus Car Lanzarote sufri\u00f3 el pasado s\u00e1bado una dura derrota ante el Grafometal Sporting La Rioja (26-19), cayendo en la cancha de uno de los rivales directos en la lucha por la permanencia en la m\u00e1xima categor\u00eda del balonmano femenino espa\u00f1ol. La imagen mostrada por el equipo y la falta de soluciones, preocup\u00f3 a la direcci\u00f3n deportiva de la entidad.<\/p>\n<p>LanzaroteDeportiva ha podido confirmar la noticia que ha corrido como la p\u00f3lvora en la ma\u00f1ana de este martes. El propio entrenador confirm\u00f3 que en la noche del lunes fue cesado de sus funciones al frente del equipo.<\/p>\n<p>A trav\u00e9s del comunicado de prensa difundido este martes por el club, se se\u00f1ala que \u00abestamos convencidos de que el equipo tiene potencial de sobra para lograr la permanencia en la categor\u00eda, pero entendemos que el actual cuerpo t\u00e9cnico mo estaba consiguiendo ensamblar las piezas de un grupo con muchas jugadoras nuevas\u00bb<\/p>\n<p>\u00abSabemos que el reto es complicado y tanto Juanmi como Casimiro lo han dado todo, pero con los resultados en la mano est\u00e1 claro que no estaban encontrando la f\u00f3rmula. El equipo merece que esta directiva reaccione y busque soluciones antes de que sea demasiado tarde y la salvaci\u00f3n se convierta en un ejercicio de hero\u00edsmo\u00bb, concluye el comunicado.<\/p>\n<p>Con un partido oficial a la vuelta de la esquina, recibiendo en la noche del mi\u00e9rcoles al Super Amara Bera Bera, ser\u00e1 Juan Rivera el que se ponga al frente del equipo, volviendo de esta manera al banquillo del Zonzamas Plus Car Lanzarote. Se desconoce si la presencia de Juan Rivera en el banquillo ser\u00e1 de manera interina o el club trabaja en la posibilidad de cerrar a un nuevo cuerpo t\u00e9cnico.<\/p>\n","protected":false},"excerpt":{"rendered":"LanzaroteDeportiva.com La paciencia se ha agotado en la direcci\u00f3n deportiva del CB Zonzamas Plus Car Lanzarote y tras&hellip;\n","protected":false},"author":2,"featured_media":161250,"comment_status":"","ping_status":"","sticky":false,"template":"","format":"standard","meta":{"footnotes":""},"categories":[278],"tags":[376,168,4007,25,24,375,8202,23,167,26079],"class_list":{"0":"post-161249","1":"post","2":"type-post","3":"status-publish","4":"format-standard","5":"has-post-thumbnail","7":"category-balonmano","8":"tag-balonmano","9":"tag-deportes","10":"tag-destacado","11":"tag-es","12":"tag-espana","13":"tag-handball","14":"tag-liga-guerreras-iberdrola","15":"tag-spain","16":"tag-sports","17":"tag-zonzamas"},"share_on_mastodon":{"url":"","error":""},"_links":{"self":[{"href":"https:\/\/www.europesays.com\/es\/wp-json\/wp\/v2\/posts\/161249","targetHints":{"allow":["GET"]}}],"collection":[{"href":"https:\/\/www.europesays.com\/es\/wp-json\/wp\/v2\/posts"}],"about":[{"href":"https:\/\/www.europesays.com\/es\/wp-json\/wp\/v2\/types\/post"}],"author":[{"embeddable":true,"href":"https:\/\/www.europesays.com\/es\/wp-json\/wp\/v2\/users\/2"}],"replies":[{"embeddable":true,"href":"https:\/\/www.europesays.com\/es\/wp-json\/wp\/v2\/comments?post=161249"}],"version-history":[{"count":0,"href":"https:\/\/www.europesays.com\/es\/wp-json\/wp\/v2\/posts\/161249\/revisions"}],"wp:featuredmedia":[{"embeddable":true,"href":"https:\/\/www.europesays.com\/es\/wp-json\/wp\/v2\/media\/161250"}],"wp:attachment":[{"href":"https:\/\/www.europesays.com\/es\/wp-json\/wp\/v2\/media?parent=161249"}],"wp:term":[{"taxonomy":"category","embeddable":true,"href":"https:\/\/www.europesays.com\/es\/wp-json\/wp\/v2\/categories?post=161249"},{"taxonomy":"post_tag","embeddable":true,"href":"https:\/\/www.europesays.com\/es\/wp-json\/wp\/v2\/tags?post=161249"}],"curies":[{"name":"wp","href":"https:\/\/api.w.org\/{rel}","templated":true}]}}