{"id":161251,"date":"2025-10-07T17:38:07","date_gmt":"2025-10-07T17:38:07","guid":{"rendered":"https:\/\/www.europesays.com\/es\/161251\/"},"modified":"2025-10-07T17:38:07","modified_gmt":"2025-10-07T17:38:07","slug":"antonio-bienvenida-hombria-de-bien","status":"publish","type":"post","link":"https:\/\/www.europesays.com\/es\/161251\/","title":{"rendered":"Antonio Bienvenida, hombr\u00eda de bien"},"content":{"rendered":"<p style=\"\">El 8 de octubre de 1975 llevaba ABC a su portada la noticia de la muerte de Antonio Bienvenida. Un malhadado percance durante una tienta, la tarde del s\u00e1bado anterior, hab\u00eda tra\u00eddo ese final impensable, tan triste, tan ingrato. Se cumpl\u00eda un a\u00f1o justo de  &#8230; la retirada definitiva de los ruedos del maestro. Su figura, vestida de luces y envuelta en el capote de lujo, se alzaba con su porte se\u00f1orial en la primera plana de la edici\u00f3n de Madrid. Con su elegancia natural, el andar desenvuelto pisando el albero vente\u00f1o, el gesto vivaz, la mirada inteligente, risue\u00f1a, y pintada en el rostro la sonrisa, <a href=\"https:\/\/www.abc.es\/cultura\/toros\/cien-anos-antonio-bienvenida-sonrisa-toreo-20221001122556-nt.html\" target=\"_self\" data-voc-vtm-id=\"in-text-traffic\" title=\"esa inconfundible sonrisa de los Bienvenida\" data-mrf-link=\"www.abc.es\" rel=\"nofollow noopener\">esa inconfundible sonrisa de los Bienvenida<\/a>. La viva imagen de la alegr\u00eda serena y luminosa que Manuel Mej\u00edas Rapela, el &#8216;Papa Negro&#8217;, hab\u00eda inspirado de siempre en sus hijos para que estos revistieran con su gracia, ante el p\u00fablico, la seriedad tremenda de la profesi\u00f3n. \u00ab\u00a1Qu\u00e9 pena!\u00bb, titulaba Vicente Zabala su cr\u00f3nica con un nudo en la garganta. La afici\u00f3n despidi\u00f3 a Antonio Bienvenida, la tarde de ese 8 de octubre, en la plaza de Las Ventas al clamor un\u00e1nime de \u00ab\u00a1torero, torero, torero!\u00bb.<\/p>\n<p class=\"voc-p\" style=\"\">La comitiva f\u00fanebre hab\u00eda partido de la casa familiar de los Bienvenida. Esa misma casa, que ahora acog\u00eda el \u00faltimo adi\u00f3s de tantos amigos, toreros y aficionados, hab\u00eda sido escuela de torear. \u00abEn el jard\u00edn de General Mola, 3 \u2013recuerda Rafael G\u00f3mez L\u00f3pez-Egea en su biograf\u00eda de Antonio Bienvenida\u2013 el Papa Negro impart\u00eda lecciones: &#8216;Esa mano, Antonio, esa mano. Parece mentira\u2026 y eso que os lo digo veces. La mu\u00f1eca, atenci\u00f3n\u2026 ahora, sigue, eso lo has hecho bien\u2026 \u00bfves c\u00f3mo tengo raz\u00f3n?\u00bb. Bien pudiera ser que el toreo, por una magn\u00edfica paradoja, en puridad no se ense\u00f1e, sino que sencillamente se aprenda. Los hermanos Bienvenida no s\u00f3lo aprendieron de su padre la t\u00e9cnica indispensable, el oficio. Crecieron en el abrazo de su vocaci\u00f3n inmensa, que, de manera ejemplar, prolong\u00f3 esa vida torera \u2013la imagen es de Vicente Zabala\u2013 en la de sus hijos: Manuel, Pepe, Rafael, Antonio, \u00c1ngel Luis y Juan. Cada uno con sus dones y su personalidad taurina. Pero todos acordes en el sentido de la torer\u00eda.<\/p>\n<p class=\"voc-p\" style=\"\">Los primeros pasos en la vida son siempre los decisivos. Mucho m\u00e1s a\u00fan han de serlo en la vida de un torero. Felipe Sassone acompa\u00f1\u00f3 a Antonio Bienvenida desde sus albores como becerrista. Precoz, como lo fueron su padre y sus hermanos Manuel y Pepe, que tant\u00edsimos \u00e9xitos cosecharon ya de chicos. En su excepcional &#8216;Pasos de toreo&#8217; cuenta Sassone de cuando, en la finca de don F\u00e9lix G\u00f3mez, en Colmenar, vio dar a Anto\u00f1ito un pase largo a un \u00abbecerrete, mansurr\u00f3n e incierto\u00bb, despu\u00e9s de sacarlo con arte y porf\u00eda de su querencia en el muro. \u00ab\u00bfQui\u00e9n le ha ense\u00f1ado eso?\u00bb, pregunt\u00f3 el asombrado Sassone al Papa Negro. \u00abLo trae en la barriga, lo trae en la sangre\u00bb, fue la r\u00e9plica de este. Es como si el episodio anunciase ese tirar lentamente de los toros que caracterizar\u00e1 m\u00e1s tarde el toreo de Antonio. Casta y clase.<\/p>\n<p class=\"voc-p\" style=\"\">Fueron luego los triunfos como novillero. El 15 de junio de 1940, en Sevilla, en un mano a mano con Paquito Casado, este es cogido por su fiero primero y Antonio tiene que matar la encastad\u00edsima corrida de Manuel Arranz. El dominio, la serenidad y la maestr\u00eda que exhibe en ese trance no dejan lugar a dudas de su categor\u00eda lidiadora. El 3 de noviembre de ese mismo a\u00f1o, tambi\u00e9n en Sevilla, es la tarde de su famoso &#8216;quite de la escoba&#8217; (o &#8216;del milagro&#8217;), templando y bajando las manos al torear por chicuelinas. El propio Antonio le dir\u00e1 a Filiberto Mira: \u00abM\u00e1s que con el cuerpo aquello fue torear con el alma\u00bb. Finalmente, el 18 de septiembre de 1941, en Madrid, su faena de los tres pases cambiados a Naranjito, de Antonio P\u00e9rez, supone su consagraci\u00f3n. Hasta la alternativa, que le otorga su hermano Pepote en Madrid, el 9 de abril de 1942, toreando mano a mano la aplazada corrida de los miuras.<\/p>\n<p class=\"voc-p\" style=\"\">Sabemos sin embargo que el verdadero maestro, si bien es cierto que se fragua en las tardes triunfales, s\u00f3lo se templa en la dificultad. Vino la terrible cogida de Barcelona, el 26 de julio de 1942, al citar de lejos para el pase cambiado, con la muleta plegada en la mano izquierda, a Buenacara (un &#8216;trespalacios&#8217;, como aquel que hab\u00eda malogrado la carrera de su padre). Antonio salva la vida y se recupera para, el 12 de octubre, en la misma plaza, dar el cambio a muleta plegada a su primer toro. Su desempe\u00f1o como matador hasta su primera despedida en Madrid, el 16 de octubre de 1966, en que lidia en solitario, en una tarde de intensa emoci\u00f3n, una corrida de seis ganader\u00edas, pasa por altibajos. Y son numerosas y graves las cogidas a las que ha de sobreponerse. Pero <a href=\"https:\/\/www.abc.es\/cultura\/toros\/abci-antonio-bienvenida-sirena-y-misterio-naturalidad-mejor-tarde-202205041143_noticia.html\" target=\"_self\" data-voc-vtm-id=\"in-text-traffic\" title=\"conoce hitos inigualables\" data-mrf-link=\"www.abc.es\" rel=\"nofollow noopener\">conoce hitos inigualables<\/a>, como la gesta repetida de lidiar seis toros en Madrid (en Las Ventas y en Vista Alegre), o la que es considerada su mejor faena, el 5 de septiembre de 1964, en San Sebasti\u00e1n de los Reyes, a Parlador, de los hermanos Cembrano. Seg\u00fan relata Rafael G\u00f3mez L\u00f3pez-Egea, las palabras del Papa Negro, que asisti\u00f3 al acontecimiento desde la barrera, fueron estas: \u00abHijo m\u00edo, ya me puedo morir tranquilo, porque he visto lo mejor que se ha hecho y se har\u00e1 en el toreo\u00bb.<\/p>\n<p class=\"voc-p\" style=\"\">Tras su reaparici\u00f3n en Las Ventas, el 18 de mayo de 1971, la naturalidad del toreo de Antonio Bienvenida se depura a\u00fan m\u00e1s. Son el temple y la despaciosidad. Son la variedad de los remates, el desplante elegante, el caminar en el ruedo con el gesto feliz, como en la maravillosa foto de El Puerto, el 18 de julio de 1971. Pero el compromiso de Antonio y de los Bienvenida con la Fiesta fue m\u00e1s all\u00e1 del empe\u00f1o de hacer bien el arte de torear. Son incontables los festivales que organizaron. Una bonita muestra este pasado mes de septiembre rememoraba, por ejemplo, la vinculaci\u00f3n de la familia Bienvenida con Arganda del Rey. Y en el Montep\u00edo de Toreros Antonio prosigui\u00f3 la labor de Bombita y de Marcial Lalanda. Tampoco fue ajeno a este compromiso, no s\u00f3lo como matador sino en calidad de aficionado, el protagonismo de Antonio en la denuncia del afeitado, que tantos sinsabores y hasta ostracismo le ocasion\u00f3.  <\/p>\n<p class=\"voc-p\" style=\"\">&#8216;Torero de Madrid&#8217; como pocos han merecido ese t\u00edtulo, aunque sin dejar de llevar a Sevilla en el alma, Antonio Bienvenida representa, <a href=\"https:\/\/www.abc.es\/cultura\/toros\/abci-cuando-antonio-bienvenida-y-abc-lanzaron-campana-contra-afeitado-202006240056_noticia.html\" target=\"_self\" data-voc-vtm-id=\"in-text-traffic\" title=\"en todas las facetas de su vida\" data-mrf-link=\"www.abc.es\" rel=\"nofollow noopener\">en todas las facetas de su vida<\/a> (incluida la del creyente), lo que con una bella expresi\u00f3n denominamos hombr\u00eda de bien. Hombre de bien es aquel dispuesto a arrostrar peligros (y, en el caso del toreo, el peligro de muerte) en nombre del valor y de la dignidad. Una abnegaci\u00f3n que hoy (perm\u00edtaseme este inciso) parece inconcebible en nuestra vida p\u00fablica espa\u00f1ola. \u00abMe voy acercando a hacerlo mejor\u00bb, dec\u00eda. Pero tanto o m\u00e1s verdadera es esta otra declaraci\u00f3n suya: \u00abEs el toro el que muchas veces te hace ser mejor como persona\u00bb. Ha transcurrido medio siglo desde la muerte de Antonio Bienvenida. Ejemplos como el suyo hacen que la Fiesta de los toros persista. Gracias, maestro.<\/p>\n<p>SOBRE EL AUTOR<\/p>\n<p>Alejandro del R\u00edo Herrmann<\/p>\n<p class=\"voc-about-author__paragraph\">es editor<\/p>\n","protected":false},"excerpt":{"rendered":"El 8 de octubre de 1975 llevaba ABC a su portada la noticia de la muerte de Antonio&hellip;\n","protected":false},"author":2,"featured_media":161252,"comment_status":"","ping_status":"","sticky":false,"template":"","format":"standard","meta":{"footnotes":""},"categories":[277],"tags":[1247,14649,5228,373,168,25,24,47837,23,167,374],"class_list":{"0":"post-161251","1":"post","2":"type-post","3":"status-publish","4":"format-standard","5":"has-post-thumbnail","7":"category-toreo","8":"tag-antonio","9":"tag-bien","10":"tag-bienvenida","11":"tag-bullfighting","12":"tag-deportes","13":"tag-es","14":"tag-espana","15":"tag-hombria","16":"tag-spain","17":"tag-sports","18":"tag-toreo"},"share_on_mastodon":{"url":"","error":""},"_links":{"self":[{"href":"https:\/\/www.europesays.com\/es\/wp-json\/wp\/v2\/posts\/161251","targetHints":{"allow":["GET"]}}],"collection":[{"href":"https:\/\/www.europesays.com\/es\/wp-json\/wp\/v2\/posts"}],"about":[{"href":"https:\/\/www.europesays.com\/es\/wp-json\/wp\/v2\/types\/post"}],"author":[{"embeddable":true,"href":"https:\/\/www.europesays.com\/es\/wp-json\/wp\/v2\/users\/2"}],"replies":[{"embeddable":true,"href":"https:\/\/www.europesays.com\/es\/wp-json\/wp\/v2\/comments?post=161251"}],"version-history":[{"count":0,"href":"https:\/\/www.europesays.com\/es\/wp-json\/wp\/v2\/posts\/161251\/revisions"}],"wp:featuredmedia":[{"embeddable":true,"href":"https:\/\/www.europesays.com\/es\/wp-json\/wp\/v2\/media\/161252"}],"wp:attachment":[{"href":"https:\/\/www.europesays.com\/es\/wp-json\/wp\/v2\/media?parent=161251"}],"wp:term":[{"taxonomy":"category","embeddable":true,"href":"https:\/\/www.europesays.com\/es\/wp-json\/wp\/v2\/categories?post=161251"},{"taxonomy":"post_tag","embeddable":true,"href":"https:\/\/www.europesays.com\/es\/wp-json\/wp\/v2\/tags?post=161251"}],"curies":[{"name":"wp","href":"https:\/\/api.w.org\/{rel}","templated":true}]}}