{"id":161268,"date":"2025-10-07T17:57:07","date_gmt":"2025-10-07T17:57:07","guid":{"rendered":"https:\/\/www.europesays.com\/es\/161268\/"},"modified":"2025-10-07T17:57:07","modified_gmt":"2025-10-07T17:57:07","slug":"bruselas-propone-subir-al-50-los-aranceles-al-acero-para-proteger-al-sector-siderurgico-de-la-ue","status":"publish","type":"post","link":"https:\/\/www.europesays.com\/es\/161268\/","title":{"rendered":"Bruselas propone subir al 50% los aranceles al acero para \u00abproteger al sector sider\u00fargico de la UE\u00bb"},"content":{"rendered":"<p class=\"article-text\">\n        \u201cProteger al sector sider\u00fargico de la UE de las consecuencias injustas del exceso de capacidad mundial\u201d. Este es el argumento que ha utilizado la Comisi\u00f3n Europea para proponer un incremento hasta el 50% de aranceles sobre el acero, frente al 25% de salvaguardia que hab\u00eda hasta el momento. Bruselas asegura que  se trata de \u201cun paso fundamental para garantizar la viabilidad a largo plazo de una industria estrat\u00e9gica\u201d. Si sale adelante la medida sustituir\u00e1 la salvaguardia actual de la UE para el acero que expira en junio de 2026.\n    <\/p>\n<p>    <a href=\"https:\/\/www.eldiario.es\/economia\/trump-anuncia-aumento-aranceles-acero-25-50_1_12345475.html\" data-mrf-recirculation=\"saber-mas\" data-dl-event=\"saber-mas\" rel=\"nofollow noopener\" target=\"_blank\"><\/p>\n<p class=\"know-more__title\">Trump anuncia un aumento de los aranceles al acero y el aluminio del 25% al 50%<\/p>\n<p>            <img decoding=\"async\" class=\"lazy\" loading=\"lazy\" data-src=\"https:\/\/static.eldiario.es\/clip\/bb33b248-b1df-484b-8efc-f268fefa9e20_16-9-aspect-ratio_default_0.jpg\" src=\"data:image\/svg+xml,%3Csvg xmlns=\" http:=\"\" viewbox=\"0 0 880 495\" alt=\"Trump anuncia un aumento de los aranceles al acero y el aluminio del 25% al 50%\"\/><\/p>\n<p>                        <\/a><\/p>\n<p class=\"article-text\">\n        La propuesta de la Comisi\u00f3n reduce los vol\u00famenes de importaci\u00f3n libres de aranceles a 18,3 millones de toneladas anuales, lo que supone una rebaja del 47% en comparaci\u00f3n con los contingentes de acero de 2024. Adem\u00e1s, se realizar\u00e1n m\u00e1s una trazabilidad de los mercados del acero m\u00e1s profunda mediante la introducci\u00f3n de un requisito de fundici\u00f3n y vertido para evitar la elusi\u00f3n. La Comisi\u00f3n asegura que \u201clos propios productores de acero de la UE solicitaron un sistema de contingentes arancelarios\u201d.\n    <\/p>\n<p class=\"article-text\">\n        El comisario europeo de Comercio, Maros Sefcovic, ya anunci\u00f3 en septiembre que estaban negociando un acuerdo comercial conjunto con Estados Unidos para \u201caumentar las medidas de protecci\u00f3n comercial del acero\u201d ante la sobreproducci\u00f3n de China. \u201cHemos perdido 60 millones de toneladas de nuestra capacidad de producci\u00f3n desde 2008. Somos la \u00fanica regi\u00f3n del mundo en la que la producci\u00f3n est\u00e1 disminuyendo\u201d, argument\u00f3 entonces el comisario de Comercio.\n    <\/p>\n<p class=\"article-text\">\n        El objetivo de esta medida es frenar a China y la India, primer y segundo productores de acero del mundo. De hecho, la Comisi\u00f3n Europea admite que \u201ccomparte muchas de las preocupaciones de EEUU sobre este sector\u201d y mantiene su compromiso de \u201ccolaborar con la administraci\u00f3n estadounidense para mejorar el acceso de nuestra industria al mercado estadounidense\u201d.\n    <\/p>\n<p class=\"article-text\">\n        Seg\u00fan datos aportados por la Comisi\u00f3n europea, \u201cla UE es el tercer mayor productor de acero del mundo. Emplea directamente a unas 300.000 personas y genera unos 2,5 millones de empleos indirectos, con plantas de producci\u00f3n de acero en m\u00e1s de 20 Estados miembros de la UE\u201d.\n    <\/p>\n<p class=\"article-text\">\n        La patronal europea del acero, Eurofer, ya avis\u00f3 el mes pasado que con los aranceles del 50% en EEUU tem\u00edan \u201cel desv\u00edo de importaciones baratas de acero hacia la UE\u201d, con el consecuente cierre de f\u00e1bricas y despidos mientras los competidores directos de EEUU, Asia y Oriente Medio se ve\u00edan beneficiados.\n    <\/p>\n<p class=\"article-text\">\n        Bruselas subraya la importancia socioecon\u00f3mica y pol\u00edtica de la industria sider\u00fargica europea. La Comisi\u00f3n insiste en que esta industria \u201cse enfrenta actualmente a una presi\u00f3n considerable debido a los insostenibles niveles de sobrecapacidad global, que supera en m\u00e1s de cinco veces el consumo anual de acero de la UE (actualmente 620 millones de toneladas y se prev\u00e9 que aumente a 721 millones de toneladas para 2027)\u201d.\n    <\/p>\n<p class=\"article-text\">\n        \u201cEl aumento de las medidas restrictivas al comercio en terceros pa\u00edses, los elevados costes energ\u00e9ticos y de fabricaci\u00f3n en la UE, y la disminuci\u00f3n de la demanda interna son desaf\u00edos que debilitan la competitividad de la industria de la UE en un mercado global, socavando su capacidad para invertir, especialmente en la descarbonizaci\u00f3n, y amenazando su viabilidad a largo plazo\u201d, explica un portavoz de la Comisi\u00f3n.\n    <\/p>\n<p class=\"article-text\">\n        UNESID, la patronal espa\u00f1ola de empresas sider\u00fargicas, mand\u00f3 un comunicado en el que \u201cvalora muy positivamente la propuesta presentada por la Comisi\u00f3n Europea para reforzar la defensa comercial del acero europeo frente al exceso de importaciones procedentes de terceros pa\u00edses\u201d. La asociaci\u00f3n considera que se trata de \u201cun paso decisivo para garantizar la competitividad, la sostenibilidad y el empleo en la industria sider\u00fargica espa\u00f1ola y europea, y urge a su r\u00e1pida adopci\u00f3n para que entre en vigor a comienzos de 2026\u201d.\n    <\/p>\n<p class=\"article-text\">\n        Las empresas siderurgicas espa\u00f1olas piden que la medida alcance tambi\u00e9n a los productos transformados, \u201cexpuestos a la competencia desleal y a los aranceles del 50% en Estados Unidos\u201d.\n    <\/p>\n<p>    <a href=\"https:\/\/www.eldiario.es\/economia\/bruselas-negocia-estados-unidos-acuerdo-proteccion-conjunto-acero-frente-china_1_12613751.html\" data-mrf-recirculation=\"saber-mas-abajo\" data-dl-event=\"saber-mas-abajo\" rel=\"nofollow noopener\" target=\"_blank\"><\/p>\n<p class=\"know-more__title\">Bruselas negocia con Estados Unidos un acuerdo de protecci\u00f3n conjunto para el acero frente a China\n<\/p>\n<p>            <img decoding=\"async\" class=\"lazy\" loading=\"lazy\" data-src=\"https:\/\/static.eldiario.es\/clip\/eb4c4d8a-d99c-4f8e-8dd2-cb83a38c53d0_16-9-aspect-ratio_default_0.jpg\" src=\"data:image\/svg+xml,%3Csvg xmlns=\" http:=\"\" viewbox=\"0 0 880 495\" alt=\"Bruselas negocia con Estados Unidos un acuerdo de protecci\u00f3n conjunto para el acero frente a China\"\/><\/p>\n<p>                        <\/a><\/p>\n<p class=\"article-text\">\n         La propuesta de la Comisi\u00f3n se someter\u00e1 ahora al procedimiento legislativo ordinario con el necesario acuerdo del reglamento final con el Parlamento Europeo y el Consejo. Solo es necesaria mayor\u00eda cualificada de los pa\u00edses para su adopci\u00f3n. La medida sustituir\u00e1 la salvaguardia de la UE para el acero, que expira en junio de 2026.\n    <\/p>\n","protected":false},"excerpt":{"rendered":"\u201cProteger al sector sider\u00fargico de la UE de las consecuencias injustas del exceso de capacidad mundial\u201d. Este es&hellip;\n","protected":false},"author":2,"featured_media":161269,"comment_status":"","ping_status":"","sticky":false,"template":"","format":"standard","meta":{"footnotes":""},"categories":[42],"tags":[1721,30126,4135,17,18,2317,13,14,11,61,62,63,64,19,20,9,10,15,16,918,9660,12081,47843,20716,12,943,21,22,65,66,67],"class_list":{"0":"post-161268","1":"post","2":"type-post","3":"status-publish","4":"format-standard","5":"has-post-thumbnail","7":"category-internacional","8":"tag-1721","9":"tag-acero","10":"tag-aranceles","11":"tag-breaking-news","12":"tag-breakingnews","13":"tag-bruselas","14":"tag-featured-news","15":"tag-featurednews","16":"tag-headlines","17":"tag-internacional","18":"tag-international","19":"tag-international-news","20":"tag-internationalnews","21":"tag-latest-news","22":"tag-latestnews","23":"tag-news","24":"tag-noticias","25":"tag-noticias-destacadas","26":"tag-noticiasdestacadas","27":"tag-propone","28":"tag-proteger","29":"tag-sector","30":"tag-siderurgico","31":"tag-subir","32":"tag-titulares","33":"tag-ue","34":"tag-ultimas-noticias","35":"tag-ultimasnoticias","36":"tag-world","37":"tag-world-news","38":"tag-worldnews"},"share_on_mastodon":{"url":"","error":""},"_links":{"self":[{"href":"https:\/\/www.europesays.com\/es\/wp-json\/wp\/v2\/posts\/161268","targetHints":{"allow":["GET"]}}],"collection":[{"href":"https:\/\/www.europesays.com\/es\/wp-json\/wp\/v2\/posts"}],"about":[{"href":"https:\/\/www.europesays.com\/es\/wp-json\/wp\/v2\/types\/post"}],"author":[{"embeddable":true,"href":"https:\/\/www.europesays.com\/es\/wp-json\/wp\/v2\/users\/2"}],"replies":[{"embeddable":true,"href":"https:\/\/www.europesays.com\/es\/wp-json\/wp\/v2\/comments?post=161268"}],"version-history":[{"count":0,"href":"https:\/\/www.europesays.com\/es\/wp-json\/wp\/v2\/posts\/161268\/revisions"}],"wp:featuredmedia":[{"embeddable":true,"href":"https:\/\/www.europesays.com\/es\/wp-json\/wp\/v2\/media\/161269"}],"wp:attachment":[{"href":"https:\/\/www.europesays.com\/es\/wp-json\/wp\/v2\/media?parent=161268"}],"wp:term":[{"taxonomy":"category","embeddable":true,"href":"https:\/\/www.europesays.com\/es\/wp-json\/wp\/v2\/categories?post=161268"},{"taxonomy":"post_tag","embeddable":true,"href":"https:\/\/www.europesays.com\/es\/wp-json\/wp\/v2\/tags?post=161268"}],"curies":[{"name":"wp","href":"https:\/\/api.w.org\/{rel}","templated":true}]}}