{"id":161270,"date":"2025-10-07T17:58:14","date_gmt":"2025-10-07T17:58:14","guid":{"rendered":"https:\/\/www.europesays.com\/es\/161270\/"},"modified":"2025-10-07T17:58:14","modified_gmt":"2025-10-07T17:58:14","slug":"la-uco-prepara-un-nuevo-informe-que-afecta-a-la-vida-intima-de-abalos","status":"publish","type":"post","link":"https:\/\/www.europesays.com\/es\/161270\/","title":{"rendered":"La UCO prepara un nuevo informe que afecta a la \u00abvida \u00edntima\u00bb de \u00c1balos"},"content":{"rendered":"<p style=\"\">\u00abGastos relacionados con billetes de transporte sufragados por <a href=\"https:\/\/www.abc.es\/noticias\/caso-koldo\/\" title=\"www.abc.es\" data-voc-vtm-id=\"in-text-traffic\" data-mrf-link=\"www.abc.es\" rel=\"nofollow noopener\" target=\"_blank\">Koldo (Garc\u00eda)<\/a> a favor de personas que mantuvieron con (Jos\u00e9 Luis) \u00c1balos encuentros de car\u00e1cter personal\u00bb. Esta frase, est\u00e1 incluida en el informe de la <strong>Unidad Central Operativa (UCO)<\/strong> de la Guardia Civil referente  &#8230; al patrimonio del exministro de Transportes en un apartado en el que se analizan otros gastos personales del pol\u00edtico que sirve para delimitar o acotar \u00abaquellos desembolsos que, aun no siendo dirigidos a personas de su entorno familiar directo, presentan indicios suficientes de haber sido realizados por su voluntad\u00bb.<\/p>\n<p class=\"voc-p\" style=\"\">Dado que esos gastos <strong>\u00abtienen una afectaci\u00f3n a la vida \u00edntima del investigado\u00bb<\/strong>, los agentes explicaban que el asunto deb\u00eda abordarse en un oficio aparte. Pero ya adelantaban que en esas conversaciones de wasap intervenidas al que fuera asesor del ministro se expon\u00eda que \u00abhabr\u00eda transferido\u00bb cantidades dinerarias a tres personas vinculadas a \u00c1balos, \u00abcon quienes manten\u00eda una relaci\u00f3n lo suficientemente cercana como para que, en varias ocasiones, este atendiera sus demandas de dinero\u00bb.<\/p>\n<p class=\"voc-p\" style=\"\">Se refiere <strong>en concreto a tres mujeres<\/strong>. Una primera a la que habr\u00eda hecho llegar por Koldo aproximadamente 900 euros en varias remesas, m\u00e1s de 2.360 euros a una segunda a la que denominan Michel los investigados y otros 300 euros que habr\u00eda pagado a una tercera mujer. \u00abA partir de esta correlaci\u00f3n entre las conversaciones y los apuntes bancarios localizados, los <strong>pagos acreditados por orden de \u00c1balos<\/strong> en favor de estas personas ascienden a un total de 3.623,75 euros\u00bb, indica la UCO.<\/p>\n<p class=\"voc-p\" style=\"\">Adem\u00e1s de lo anterior, la UCO incid\u00eda en que se ha constatado que, de forma recurrente, <a href=\"https:\/\/www.abc.es\/espana\/soles-lechugas-chistorras-mensajes-koldo-sobre-victor-20251003155229-nt.html\" title=\"www.abc.es\" data-voc-vtm-id=\"in-text-traffic\" data-mrf-link=\"www.abc.es\" rel=\"nofollow noopener\" target=\"_blank\">Koldo Garc\u00eda y su exmujer Patricia Uriz<\/a> \u00abadquirieron billetes de transporte y abonaron el alojamiento de terceras personas vinculadas a \u00c1balos con motivo de distintos encuentros de car\u00e1cter personal\u00bb. Una pr\u00e1ctica que supuso <strong>un desembolso total de al menos 4.975,65 euros<\/strong>. <\/p>\n<p class=\"voc-p\" style=\"\">Los investigadores detallan el &#8216;modus operandi&#8217; de esos encuentros: primero Koldo \u00abacordaba con las personas que participaban en estos encuentros la fecha y hora de su traslado hasta el lugar de la reuni\u00f3n\u00bb y luego <strong>Uriz \u00abgestionaba la compra de los pasajes y la reserva del alojamiento\u00bb<\/strong>. Esos viajes pagados a terceras personas fueron a destinos como M\u00e1laga, Sevilla, Almer\u00eda, Bilbao, Barcelona o Madrid. <\/p>\n<p>\nUn viaje al parador\n<\/p>\n<p class=\"voc-p\" style=\"\">Fuentes jur\u00eddicas, consultadas por ABC, se fijan en un gasto de transporte (Renfe) de 490,25 euros que est\u00e1 recogido en el informe y que fue abonado por Koldo Garc\u00eda. Tuvo lugar el 15 y 16 de septiembre de 2020 y el destino, <strong>\u00abvinculado a encuentros en los que particip\u00f3 \u00c1balos\u00bb<\/strong>, era Teruel.<\/p>\n<p class=\"voc-p\" style=\"\">Cabe recordar que el PP solicit\u00f3 al PSOE un aclaraci\u00f3n urgente para conocer si, como determinados digitales publicaron, el exministro aprovech\u00f3 un viaje oficial a esa provincia para celebrar <strong>\u00abuna fiesta en el parador\u00bb<\/strong> en plena pandemia de coronavirus en la que se habr\u00edan producido desperfectos. Paradores de Turismo desminti\u00f3 en abril de 2025 \u00abcateg\u00f3ricamente\u00bb que se produjeran esos da\u00f1os en las instalaciones del Parador de Teruel en septiembre de 2020, coincidiendo con una supuesta estancia del exministro.<\/p>\n<p class=\"voc-p\" style=\"\">La portavoz del Gobierno y <a href=\"https:\/\/www.abc.es\/noticias\/pilar-alegria\/\" title=\"www.abc.es\" data-voc-vtm-id=\"in-text-traffic\" data-mrf-link=\"www.abc.es\" rel=\"nofollow noopener\" target=\"_blank\">ministra de Educaci\u00f3n y Deportes,\u00a0Pilar Alegr\u00eda<\/a>, que tambi\u00e9n es la l\u00edder del PSOE en Arag\u00f3n y que en 2020 era delegada del Gobierno en Arag\u00f3n, tambi\u00e9n neg\u00f3 que esa fiesta se produjera.<\/p>\n","protected":false},"excerpt":{"rendered":"\u00abGastos relacionados con billetes de transporte sufragados por Koldo (Garc\u00eda) a favor de personas que mantuvieron con (Jos\u00e9&hellip;\n","protected":false},"author":2,"featured_media":161271,"comment_status":"","ping_status":"","sticky":false,"template":"","format":"standard","meta":{"footnotes":""},"categories":[8],"tags":[32397,5505,17,18,25,24,13,14,11,8803,36551,19,20,9,10,15,16,524,5936,23,12,2155,21,22,2606],"class_list":{"0":"post-161270","1":"post","2":"type-post","3":"status-publish","4":"format-standard","5":"has-post-thumbnail","7":"category-espana","8":"tag-abalos","9":"tag-afecta","10":"tag-breaking-news","11":"tag-breakingnews","12":"tag-es","13":"tag-espana","14":"tag-featured-news","15":"tag-featurednews","16":"tag-headlines","17":"tag-informe","18":"tag-intima","19":"tag-latest-news","20":"tag-latestnews","21":"tag-news","22":"tag-noticias","23":"tag-noticias-destacadas","24":"tag-noticiasdestacadas","25":"tag-nuevo","26":"tag-prepara","27":"tag-spain","28":"tag-titulares","29":"tag-uco","30":"tag-ultimas-noticias","31":"tag-ultimasnoticias","32":"tag-vida"},"share_on_mastodon":{"url":"","error":""},"_links":{"self":[{"href":"https:\/\/www.europesays.com\/es\/wp-json\/wp\/v2\/posts\/161270","targetHints":{"allow":["GET"]}}],"collection":[{"href":"https:\/\/www.europesays.com\/es\/wp-json\/wp\/v2\/posts"}],"about":[{"href":"https:\/\/www.europesays.com\/es\/wp-json\/wp\/v2\/types\/post"}],"author":[{"embeddable":true,"href":"https:\/\/www.europesays.com\/es\/wp-json\/wp\/v2\/users\/2"}],"replies":[{"embeddable":true,"href":"https:\/\/www.europesays.com\/es\/wp-json\/wp\/v2\/comments?post=161270"}],"version-history":[{"count":0,"href":"https:\/\/www.europesays.com\/es\/wp-json\/wp\/v2\/posts\/161270\/revisions"}],"wp:featuredmedia":[{"embeddable":true,"href":"https:\/\/www.europesays.com\/es\/wp-json\/wp\/v2\/media\/161271"}],"wp:attachment":[{"href":"https:\/\/www.europesays.com\/es\/wp-json\/wp\/v2\/media?parent=161270"}],"wp:term":[{"taxonomy":"category","embeddable":true,"href":"https:\/\/www.europesays.com\/es\/wp-json\/wp\/v2\/categories?post=161270"},{"taxonomy":"post_tag","embeddable":true,"href":"https:\/\/www.europesays.com\/es\/wp-json\/wp\/v2\/tags?post=161270"}],"curies":[{"name":"wp","href":"https:\/\/api.w.org\/{rel}","templated":true}]}}