{"id":161274,"date":"2025-10-07T18:01:08","date_gmt":"2025-10-07T18:01:08","guid":{"rendered":"https:\/\/www.europesays.com\/es\/161274\/"},"modified":"2025-10-07T18:01:08","modified_gmt":"2025-10-07T18:01:08","slug":"diez-orejas-dos-rabos-y-un-novillo-de-vuelta-en-el-festival-de-lozoya","status":"publish","type":"post","link":"https:\/\/www.europesays.com\/es\/161274\/","title":{"rendered":"Diez orejas, dos rabos y un novillo de vuelta en el festival de Lozoya"},"content":{"rendered":"<p dir=\"auto\"><strong>Lozoya (Madrid)<\/strong>. Martes 7 de octubre de 2025. Festival sin picadores. Novillos de <b>Eladio Vegas<\/b>, bien presentados y manejables en general. El cuarto, N\u00ba 4, Garlitero de nombre, fue premiado con la vuelta al ruedo en el arrastre.\u00a0<strong>V\u00edctor Puerto<\/strong>, dos orejas; <strong>Sebasti\u00e1n Ritter,<\/strong> dos orejas y rabo;<strong>\u00a0Diego Garc\u00eda,<\/strong> dos orejas;\u00a0<strong>Alejandro Chicharro,<\/strong> dos orejas y rabo; y el novillero <strong>Julio Aparicio,<\/strong> dos orejas . <strong>Entrada<\/strong>: Lleno.<strong> Incidencias: Diego Garc\u00eda<\/strong> result\u00f3 lesionado en el dorso de la mano derecha y precis\u00f3 cinco puntos de sutura. Pron\u00f3stico reservado.<\/p>\n","protected":false},"excerpt":{"rendered":"Lozoya (Madrid). Martes 7 de octubre de 2025. Festival sin picadores. Novillos de Eladio Vegas, bien presentados y&hellip;\n","protected":false},"author":2,"featured_media":161275,"comment_status":"","ping_status":"","sticky":false,"template":"","format":"standard","meta":{"footnotes":""},"categories":[277],"tags":[45,373,168,25,24,3931,47844,23,167,374],"class_list":{"0":"post-161274","1":"post","2":"type-post","3":"status-publish","4":"format-standard","5":"has-post-thumbnail","7":"category-toreo","8":"tag-45","9":"tag-bullfighting","10":"tag-deportes","11":"tag-es","12":"tag-espana","13":"tag-festival","14":"tag-lozoya","15":"tag-spain","16":"tag-sports","17":"tag-toreo"},"share_on_mastodon":{"url":"","error":""},"_links":{"self":[{"href":"https:\/\/www.europesays.com\/es\/wp-json\/wp\/v2\/posts\/161274","targetHints":{"allow":["GET"]}}],"collection":[{"href":"https:\/\/www.europesays.com\/es\/wp-json\/wp\/v2\/posts"}],"about":[{"href":"https:\/\/www.europesays.com\/es\/wp-json\/wp\/v2\/types\/post"}],"author":[{"embeddable":true,"href":"https:\/\/www.europesays.com\/es\/wp-json\/wp\/v2\/users\/2"}],"replies":[{"embeddable":true,"href":"https:\/\/www.europesays.com\/es\/wp-json\/wp\/v2\/comments?post=161274"}],"version-history":[{"count":0,"href":"https:\/\/www.europesays.com\/es\/wp-json\/wp\/v2\/posts\/161274\/revisions"}],"wp:featuredmedia":[{"embeddable":true,"href":"https:\/\/www.europesays.com\/es\/wp-json\/wp\/v2\/media\/161275"}],"wp:attachment":[{"href":"https:\/\/www.europesays.com\/es\/wp-json\/wp\/v2\/media?parent=161274"}],"wp:term":[{"taxonomy":"category","embeddable":true,"href":"https:\/\/www.europesays.com\/es\/wp-json\/wp\/v2\/categories?post=161274"},{"taxonomy":"post_tag","embeddable":true,"href":"https:\/\/www.europesays.com\/es\/wp-json\/wp\/v2\/tags?post=161274"}],"curies":[{"name":"wp","href":"https:\/\/api.w.org\/{rel}","templated":true}]}}