{"id":161278,"date":"2025-10-07T18:08:13","date_gmt":"2025-10-07T18:08:13","guid":{"rendered":"https:\/\/www.europesays.com\/es\/161278\/"},"modified":"2025-10-07T18:08:13","modified_gmt":"2025-10-07T18:08:13","slug":"has-regresado-a-un-club-de-tu-nivel","status":"publish","type":"post","link":"https:\/\/www.europesays.com\/es\/161278\/","title":{"rendered":"Has regresado a un club de tu nivel"},"content":{"rendered":"<p class=\"c-paragraph\">Jos\u00e9 Mourinho es el nuevo t\u00e9cnico Benfica tras haber sido destituido como entrenador de Fenerbah\u00e7e. El portugu\u00e9s regresa al equipo que le dio su primera oportunidad en el 2000, <b>algo por lo que el propio Florentino P\u00e9rez le ha escrito un mensaje.\u00a0<\/b><\/p>\n<p class=\"c-paragraph\">El Benfica jug\u00f3 este martes en Stamford Bridge contra el Chelsea, uno encuentro que perdi\u00f3 por 1-0, <b>pero que dej\u00f3 una confesi\u00f3n por parte del t\u00e9cnico portugu\u00e9s.\u00a0<\/b><\/p>\n<p class=\"c-paragraph\">Al t\u00e9rmino del encuentro, el luso habl\u00f3 sobre el encuentro y tambi\u00e9n sobre su llegada al Benfica, desvelando que <b>recibi\u00f3 un mensaje del presidente del Real Madrid para felicitarle por su nuevo puesto.\u00a0<\/b><\/p>\n<p class=\"c-paragraph\">\u00abYo estaba tranquilo en casa despu\u00e9s del Fenerbah\u00e7e, sin pensar que ser\u00eda Portugal y el Benfica. No se trataba de volver por la familia, porque la familia est\u00e1 en Londres.<b> Acept\u00e9 ir al Benfica porque era el Benfica\u00bb, comienza explicando.\u00a0<\/b><\/p>\n<p class=\"c-paragraph\">\u00abFlorentino P\u00e9rez\u00a0me mandado un mensaje y me dijo: &#8216;estoy muy contento <b>porque has regresado a un club de tu nivel'\u00bb,<\/b> conclus\u00f3 el entrenadroo del Benfica.\u00a0<\/p>\n<p class=\"c-paragraph\">Asimismo, Mourinho tambi\u00e9n habl\u00f3 sobre el aprecio que tiene por el Chelsea: \u00abCuando sal\u00ed de Portugal estuve tres a\u00f1os. Despu\u00e9s del Real Madrid regres\u00e9 y volvimos a ganar Copa y el campeonato. <b>Es una relaci\u00f3n de amor amor, pero continuamos enamorados un poquito\u00bb.\u00a0\u00a0<\/b><\/p>\n","protected":false},"excerpt":{"rendered":"Jos\u00e9 Mourinho es el nuevo t\u00e9cnico Benfica tras haber sido destituido como entrenador de Fenerbah\u00e7e. El portugu\u00e9s regresa&hellip;\n","protected":false},"author":2,"featured_media":161279,"comment_status":"","ping_status":"","sticky":false,"template":"","format":"standard","meta":{"footnotes":""},"categories":[268],"tags":[23359,168,25,24,13335,280,282,8079,15442,2074,281,23,167],"class_list":{"0":"post-161278","1":"post","2":"type-post","3":"status-publish","4":"format-standard","5":"has-post-thumbnail","7":"category-futbol","8":"tag-confiesa","9":"tag-deportes","10":"tag-es","11":"tag-espana","12":"tag-florentino","13":"tag-football","14":"tag-futbol","15":"tag-mensaje","16":"tag-mourinho","17":"tag-que","18":"tag-soccer","19":"tag-spain","20":"tag-sports"},"share_on_mastodon":{"url":"","error":""},"_links":{"self":[{"href":"https:\/\/www.europesays.com\/es\/wp-json\/wp\/v2\/posts\/161278","targetHints":{"allow":["GET"]}}],"collection":[{"href":"https:\/\/www.europesays.com\/es\/wp-json\/wp\/v2\/posts"}],"about":[{"href":"https:\/\/www.europesays.com\/es\/wp-json\/wp\/v2\/types\/post"}],"author":[{"embeddable":true,"href":"https:\/\/www.europesays.com\/es\/wp-json\/wp\/v2\/users\/2"}],"replies":[{"embeddable":true,"href":"https:\/\/www.europesays.com\/es\/wp-json\/wp\/v2\/comments?post=161278"}],"version-history":[{"count":0,"href":"https:\/\/www.europesays.com\/es\/wp-json\/wp\/v2\/posts\/161278\/revisions"}],"wp:featuredmedia":[{"embeddable":true,"href":"https:\/\/www.europesays.com\/es\/wp-json\/wp\/v2\/media\/161279"}],"wp:attachment":[{"href":"https:\/\/www.europesays.com\/es\/wp-json\/wp\/v2\/media?parent=161278"}],"wp:term":[{"taxonomy":"category","embeddable":true,"href":"https:\/\/www.europesays.com\/es\/wp-json\/wp\/v2\/categories?post=161278"},{"taxonomy":"post_tag","embeddable":true,"href":"https:\/\/www.europesays.com\/es\/wp-json\/wp\/v2\/tags?post=161278"}],"curies":[{"name":"wp","href":"https:\/\/api.w.org\/{rel}","templated":true}]}}