{"id":161292,"date":"2025-10-07T18:20:12","date_gmt":"2025-10-07T18:20:12","guid":{"rendered":"https:\/\/www.europesays.com\/es\/161292\/"},"modified":"2025-10-07T18:20:12","modified_gmt":"2025-10-07T18:20:12","slug":"milei-denunciado-por-sus-dichos-sobre-la-condena-a-cristina-kirchner-soy-el-primer-presidente-que-tomo-la-decision-de-que-vaya-presa-afirmo-en-una-entrevista","status":"publish","type":"post","link":"https:\/\/www.europesays.com\/es\/161292\/","title":{"rendered":"Milei, denunciado por sus dichos sobre la condena a Cristina Kirchner | \u00abSoy el primer presidente que tom\u00f3 la decisi\u00f3n de que vaya presa\u00bb, afirm\u00f3 en una entrevista"},"content":{"rendered":"<p><b>El abogado de la expresidenta Cristina Kirchner, Gregorio Dalb\u00f3n<\/b>, present\u00f3 una <b>denuncia penal contra el presidente Javier Milei<\/b> por el delito de abuso de autoridad, tras las declaraciones hechas anoche cuando asegur\u00f3 que el narcoesc\u00e1ndalo de Jos\u00e9 Luis Espert era una operaci\u00f3n en su contra como \u00abvenganza porque soy el primer presidente que tom\u00f3 la decisi\u00f3n de que vaya presa\u00bb.\u00a0<\/p>\n<p>\u00abEsa frase no es una opini\u00f3n pol\u00edtica:<b> es la admisi\u00f3n de un acto de poder ilegal, una decisi\u00f3n manifiestamente contraria al orden constitucional y a la independencia del Poder Judicial\u00bb<\/b>, denunci\u00f3 Dalb\u00f3n al anunciar la presentaci\u00f3n de la denuncia penal bajo el art\u00edculo 248 del C\u00f3digo Penal, que castiga con prisi\u00f3n e inhabilitaci\u00f3n a todo funcionario p\u00fablico que dicte resoluciones u \u00f3rdenes contrarias a la Constituci\u00f3n o a las leyes.\u00a0<\/p>\n<p>El abogado sostuvo tambi\u00e9n que la declaraci\u00f3n de Milei queda encuadrada tambi\u00e9n en el art\u00edculo 366, inciso b, del C\u00f3digo Procesal Penal Federal que sostiene que \u00ab<b>si un jefe de Estado reconoce haber influido en un proceso judicial, resulta evidente la falsedad o la ilegitimidad de la prueba y de la sentencia dictada bajo esa influencia, habilitando su revisi\u00f3n aun cuando sea firme\u00bb.\u00a0<\/b><\/p>\n<p>\u00abEsta denuncia no s\u00f3lo busca sancionar un delito, sino<b> defender el Estado de Derecho y la divisi\u00f3n de poderes<\/b>, frente a un presidente que p\u00fablicamente se arroga el poder de encarcelar a una dirigente opositora\u00bb, sostuvo Dalb\u00f3n sobre la denuncia.\u00a0\u00a0<\/p>\n<p>                <a data-iframely-url=\"\" href=\"https:\/\/twitter.com\/Gregoriodalbon\/status\/1975139748701204863\" rel=\"nofollow noopener\" target=\"_blank\">https:\/\/twitter.com\/Gregoriodalbon\/status\/1975139748701204863<\/a><\/p>\n<p>El abogado de la expresidenta denunci\u00f3 que las declaraciones de Milei evidencian que <b>\u00abel lawfare existi\u00f3, que la persecuci\u00f3n fue pol\u00edtica, y que \u00e9l la avala\u00bb<\/b>. <b>\u00abConfes\u00f3 que la Justicia no es independiente.<br \/>\nConfes\u00f3 que la prisi\u00f3n de Cristina fue pol\u00edtica<\/b>.<br \/>\nConfes\u00f3 que el poder sigue usando el C\u00f3digo Penal como arma.<\/p>\n<p>Y esa confesi\u00f3n, en cualquier pa\u00eds serio,<br \/>\nbastar\u00eda para abrirle un juicio pol\u00edtico al presidente\u00bb, asegur\u00f3.\u00a0<\/p>\n<p>Las declaraciones de Milei ocurrieron anoche, en una entrevista con Luis Majul en LN+, cuando el presidente insisti\u00f3 con el argumento de que las denuncias contra Espert por su relaci\u00f3n con Fred Machado, investigado por narcotr\u00e1fico en Estados Unidos, eran parte de una operaci\u00f3n opositora. <b>Tras la confesi\u00f3n respecto de su decisi\u00f3n de \u00abmetar presa\u00bb a Cristina, Majul intent\u00f3 salvarlo: \u00abPero usted no se mete con la justicia&#8230;\u00bb. \u00a0<\/b><\/p>\n<p>En ese sentido, Dalb\u00f3n apunt\u00f3 que lo ocurrido demuestra que<b> \u00abel Poder Ejecutivo y el Poder Judicial actuaron en forma conjunta afectando el debido proceso y la garant\u00eda de defensa <\/b>en juicio de Cristina Kirchner\u00bb y consider\u00f3 que son\u00a0motivos para la anulaci\u00f3n de la sentencia contra la ex presidenta.\u00a0<\/p>\n<p>\u00abEl lawfare fue confesado y ahora est\u00e1 claro que en la Argentina Cristina es una presa pol\u00edtica.<br \/>\nVamos a pulverizar el lawfare y salen todas las denuncias contra los que participaron del lawfare\u00bb, sostuvo Dalb\u00f3n.<\/p>\n<p>En tanto, el candidato a diputado nacional por Proyecto Sur Ricardo Alfons\u00edn cuestion\u00f3 las declaraciones del presidente Javier Milei, quien en medio del esc\u00e1ndalo por las presuntas vinculaciones del diputado Jos\u00e9 Luis Espert con una red narco, sugiri\u00f3 que, de haber querido, podr\u00eda haber influido en causas judiciales contra la expresidenta Cristina Fern\u00e1ndez de Kirchner. \u201cMilei debe explicar qu\u00e9 podr\u00eda haber hecho \u00e9l para que la presidenta vaya o no vaya presa. \u00bfQu\u00e9 art\u00edculo de la Constituci\u00f3n le otorga esa competencia?\u201d, se\u00f1al\u00f3 Alfons\u00edn.<\/p>\n<p>Por otra parte, el exembajador en Espa\u00f1a advirti\u00f3 que \u201cla sociedad cree que la Justicia no es independiente de la pol\u00edtica, pero nunca antes un presidente hab\u00eda sido tan expl\u00edcito\u201d.<\/p>\n<p>En tanto, el intendente de Lomas de Zamora, Federico Otermin calific\u00f3 esos dichos como \u00abgrav\u00edsimo\u201d. El jefe comunal considera que la declaraci\u00f3n presidencial \u00abmuestra la decisi\u00f3n deliberada de usar el poder contra la principal dirigente de la oposici\u00f3n y como este gobierno est\u00e1 poniendo en riesgo la democracia y las instituciones\u201d, advirti\u00f3.<\/p>\n<p><script async src=\"https:\/\/platform.twitter.com\/widgets.js\" charset=\"utf-8\"><\/script><\/p>\n","protected":false},"excerpt":{"rendered":"El abogado de la expresidenta Cristina Kirchner, Gregorio Dalb\u00f3n, present\u00f3 una denuncia penal contra el presidente Javier Milei&hellip;\n","protected":false},"author":2,"featured_media":161293,"comment_status":"","ping_status":"","sticky":false,"template":"","format":"standard","meta":{"footnotes":""},"categories":[42],"tags":[17,18,47849,17847,13,14,11,61,62,63,64,4245,19,20,9,10,15,16,12,21,22,65,66,67],"class_list":{"0":"post-161292","1":"post","2":"type-post","3":"status-publish","4":"format-standard","5":"has-post-thumbnail","7":"category-internacional","8":"tag-breaking-news","9":"tag-breakingnews","10":"tag-cristina-kirchner","11":"tag-el-pais","12":"tag-featured-news","13":"tag-featurednews","14":"tag-headlines","15":"tag-internacional","16":"tag-international","17":"tag-international-news","18":"tag-internationalnews","19":"tag-javier-milei","20":"tag-latest-news","21":"tag-latestnews","22":"tag-news","23":"tag-noticias","24":"tag-noticias-destacadas","25":"tag-noticiasdestacadas","26":"tag-titulares","27":"tag-ultimas-noticias","28":"tag-ultimasnoticias","29":"tag-world","30":"tag-world-news","31":"tag-worldnews"},"share_on_mastodon":{"url":"","error":""},"_links":{"self":[{"href":"https:\/\/www.europesays.com\/es\/wp-json\/wp\/v2\/posts\/161292","targetHints":{"allow":["GET"]}}],"collection":[{"href":"https:\/\/www.europesays.com\/es\/wp-json\/wp\/v2\/posts"}],"about":[{"href":"https:\/\/www.europesays.com\/es\/wp-json\/wp\/v2\/types\/post"}],"author":[{"embeddable":true,"href":"https:\/\/www.europesays.com\/es\/wp-json\/wp\/v2\/users\/2"}],"replies":[{"embeddable":true,"href":"https:\/\/www.europesays.com\/es\/wp-json\/wp\/v2\/comments?post=161292"}],"version-history":[{"count":0,"href":"https:\/\/www.europesays.com\/es\/wp-json\/wp\/v2\/posts\/161292\/revisions"}],"wp:featuredmedia":[{"embeddable":true,"href":"https:\/\/www.europesays.com\/es\/wp-json\/wp\/v2\/media\/161293"}],"wp:attachment":[{"href":"https:\/\/www.europesays.com\/es\/wp-json\/wp\/v2\/media?parent=161292"}],"wp:term":[{"taxonomy":"category","embeddable":true,"href":"https:\/\/www.europesays.com\/es\/wp-json\/wp\/v2\/categories?post=161292"},{"taxonomy":"post_tag","embeddable":true,"href":"https:\/\/www.europesays.com\/es\/wp-json\/wp\/v2\/tags?post=161292"}],"curies":[{"name":"wp","href":"https:\/\/api.w.org\/{rel}","templated":true}]}}