{"id":161294,"date":"2025-10-07T18:21:15","date_gmt":"2025-10-07T18:21:15","guid":{"rendered":"https:\/\/www.europesays.com\/es\/161294\/"},"modified":"2025-10-07T18:21:15","modified_gmt":"2025-10-07T18:21:15","slug":"la-escritora-remedios-zafra-gana-el-premio-nacional-de-ensayo-cultura","status":"publish","type":"post","link":"https:\/\/www.europesays.com\/es\/161294\/","title":{"rendered":"La escritora Remedios Zafra gana el Premio Nacional de Ensayo | Cultura"},"content":{"rendered":"<p class=\"\">La escritora y profesora universitaria <a href=\"https:\/\/elpais.com\/noticias\/remedios-zafra-alcaraz\/\" target=\"_self\" rel=\"nofollow noopener\" title=\"https:\/\/elpais.com\/noticias\/remedios-zafra-alcaraz\/\">Remedios Zafra Alcaraz<\/a> (Zuheros, C\u00f3rdoba, 51 a\u00f1os) ha sido galardonada este martes con el <a href=\"https:\/\/elpais.com\/noticias\/premio-nacional-ensayo\/\" target=\"_self\" rel=\"nofollow noopener\" title=\"https:\/\/elpais.com\/noticias\/premio-nacional-ensayo\/\">Premio Nacional de Ensayo<\/a> 2025 por su obra El informe. Trabajo intelectual y tristeza burocr\u00e1tica (Anagrama). El premio, concedido por el Ministerio de Cultura, est\u00e1 dotado con 30.000 euros.<\/p>\n<p class=\"\">El jurado ha elegido su obra por \u201cser una reflexi\u00f3n sobre los objetos de la modernidad tard\u00eda, un homenaje a la libertad y a la pasi\u00f3n creativa y, a la vez, una fuerte cr\u00edtica de las condiciones del rendimiento del trabajo intelectual en el presente por su violencia burocr\u00e1tica, tristeza administrativa y deshumanizaci\u00f3n tecnol\u00f3gica\u201d, se\u00f1ala la nota enviada por Cultura.<\/p>\n<p>M\u00e1s informaci\u00f3n<\/p>\n<p class=\"\">Adem\u00e1s, el jurado ha indicado que esta obra propone una \u201crevuelta radical, la de la reapropiaci\u00f3n del tiempo y de la cultura como reactivadores del disfrute y del goce intelectual\u201d. \u201cDesde la belleza de su prosa po\u00e9tica, Remedios Zafra denuncia, con agudeza, los mecanismos de producci\u00f3n del presente que, desatendiendo lo humano, conducen a una autodisciplina que mata despacio la actividad creativa y que atentan, principalmente, contra la salud de los empleos con la consiguiente precarizaci\u00f3n del sector\u201d, agrega el comunicado.<\/p>\n<p class=\"\">Remedios Zafra es tambi\u00e9n investigadora del Instituto de Filosof\u00eda del Consejo Superior de Investigaciones Cient\u00edficas (CSIC). Ha sido profesora de Antropolog\u00eda, Pol\u00edticas de la Mirada y Estudios de G\u00e9nero.<\/p>\n<p class=\"\">Entre sus obras est\u00e1n El bucle invisible, Fr\u00e1giles, <a href=\"https:\/\/elpais.com\/ccaa\/2017\/09\/27\/catalunya\/1506505141_231625.html\" target=\"_self\" rel=\"nofollow noopener\" title=\"https:\/\/elpais.com\/ccaa\/2017\/09\/27\/catalunya\/1506505141_231625.html\">El entusiasmo. Precariedad y trabajo creativo en la era digital<\/a>, Ojos y capital, (h)adas, Un cuarto propio conectado y Netianas.<\/p>\n<p class=\"\">Con El entusiasmo, Zafra ya hab\u00eda ganado el <a href=\"https:\/\/elpais.com\/ccaa\/2017\/09\/27\/catalunya\/1506505141_231625.html\" target=\"_self\" rel=\"nofollow noopener\" title=\"https:\/\/elpais.com\/ccaa\/2017\/09\/27\/catalunya\/1506505141_231625.html\">Premio Anagrama de Ensayo en 2017<\/a>. Fue una obra con gran impacto que, impugnando las ideas meritocr\u00e1ticas, retrata c\u00f3mo los trabajadores culturales e intelectuales (escritores, artistas, dise\u00f1adores, periodistas&#8230;) aceptan algunas formas de \u201cautoexplotaci\u00f3n\u201d, con salarios bajos o incluso trabajo gratuito, forzados por el \u201centusiasmo\u201d relacionado con la constante exposici\u00f3n en las redes sociales, la cultura del esfuerzo, la ilusi\u00f3n de tener vidas trepidantes o la promesa eterna de un futuro de \u00e9xito, al menos retribuido con prestigio, <b>informa Sergio C. Fanjul.<\/b><\/p>\n<p class=\"\">El jurado ha estado presidido por Jes\u00fas Gonz\u00e1lez Gonz\u00e1lez, subdirector general de Promoci\u00f3n del Libro, la Lectura y las Letras Espa\u00f1olas, de la Direcci\u00f3n General del Libro, del C\u00f3mic y de la Lectura del Ministerio de Cultura. Como vocales han actuado Jos\u00e9 Mar\u00eda Berm\u00fadez de Castro Risue\u00f1o, propuesto por la Real Academia Espa\u00f1ola (RAE); Mar\u00eda Pilar Jim\u00e9nez Aleixandre, por la Real Academia Gallega \/ Real Academia Galega; Nerea Azurmendi Zabaleta, por la Real Academia de la Lengua Vasca \/ Euskaltzaindia; Josepa Cuc\u00f3 Giner, por el Instituto de Estudios Catalanes \/ Institut d\u2019Estudis Catalans; Maria Josep Mar\u00edn Jord\u00e0, por la Academia Valenciana de la Lengua \/ Acad\u00e8mia Valenciana de la Llengua; Jaime Olmedo Ramos, por la Conferencia de Rectores de las Universidades Espa\u00f1olas (CRUE); Mar\u00eda Pilar Fraile Amador (Pilar Fraile), por la Asociaci\u00f3n Colegial de Escritores de Espa\u00f1a (ACE); Emilio Pascual Mart\u00edn, por la Asociaci\u00f3n Espa\u00f1ola de Cr\u00edticos Literarios; Juan Fernando Gonz\u00e1lez Urbaneja, por la Federaci\u00f3n de Asociaciones de Periodistas de Espa\u00f1a (FAPE); Roc\u00edo Pe\u00f1alta Catal\u00e1n, por el Instituto de Investigaciones Feministas de la Universidad Complutense de Madrid; Marta Segarra Montaner, por el Ministerio de Cultura, y Alfredo Gonz\u00e1lez-Ruibal, autor galardonado en la convocatoria anterior.<\/p>\n","protected":false},"excerpt":{"rendered":"La escritora y profesora universitaria Remedios Zafra Alcaraz (Zuheros, C\u00f3rdoba, 51 a\u00f1os) ha sido galardonada este martes con&hellip;\n","protected":false},"author":2,"featured_media":161295,"comment_status":"","ping_status":"","sticky":false,"template":"","format":"standard","meta":{"footnotes":""},"categories":[8],"tags":[17,18,10475,209,25,24,13,14,11,19,20,671,251,9,10,15,16,47851,33469,9608,47850,23,12,21,22],"class_list":{"0":"post-161294","1":"post","2":"type-post","3":"status-publish","4":"format-standard","5":"has-post-thumbnail","7":"category-espana","8":"tag-breaking-news","9":"tag-breakingnews","10":"tag-csic","11":"tag-cultura","12":"tag-es","13":"tag-espana","14":"tag-featured-news","15":"tag-featurednews","16":"tag-headlines","17":"tag-latest-news","18":"tag-latestnews","19":"tag-literatura","20":"tag-ministerio-de-cultura","21":"tag-news","22":"tag-noticias","23":"tag-noticias-destacadas","24":"tag-noticiasdestacadas","25":"tag-premio-nacional-ensayo","26":"tag-premios-literarios","27":"tag-produccion","28":"tag-remedios-zafra","29":"tag-spain","30":"tag-titulares","31":"tag-ultimas-noticias","32":"tag-ultimasnoticias"},"share_on_mastodon":{"url":"","error":""},"_links":{"self":[{"href":"https:\/\/www.europesays.com\/es\/wp-json\/wp\/v2\/posts\/161294","targetHints":{"allow":["GET"]}}],"collection":[{"href":"https:\/\/www.europesays.com\/es\/wp-json\/wp\/v2\/posts"}],"about":[{"href":"https:\/\/www.europesays.com\/es\/wp-json\/wp\/v2\/types\/post"}],"author":[{"embeddable":true,"href":"https:\/\/www.europesays.com\/es\/wp-json\/wp\/v2\/users\/2"}],"replies":[{"embeddable":true,"href":"https:\/\/www.europesays.com\/es\/wp-json\/wp\/v2\/comments?post=161294"}],"version-history":[{"count":0,"href":"https:\/\/www.europesays.com\/es\/wp-json\/wp\/v2\/posts\/161294\/revisions"}],"wp:featuredmedia":[{"embeddable":true,"href":"https:\/\/www.europesays.com\/es\/wp-json\/wp\/v2\/media\/161295"}],"wp:attachment":[{"href":"https:\/\/www.europesays.com\/es\/wp-json\/wp\/v2\/media?parent=161294"}],"wp:term":[{"taxonomy":"category","embeddable":true,"href":"https:\/\/www.europesays.com\/es\/wp-json\/wp\/v2\/categories?post=161294"},{"taxonomy":"post_tag","embeddable":true,"href":"https:\/\/www.europesays.com\/es\/wp-json\/wp\/v2\/tags?post=161294"}],"curies":[{"name":"wp","href":"https:\/\/api.w.org\/{rel}","templated":true}]}}