{"id":161296,"date":"2025-10-07T18:22:17","date_gmt":"2025-10-07T18:22:17","guid":{"rendered":"https:\/\/www.europesays.com\/es\/161296\/"},"modified":"2025-10-07T18:22:17","modified_gmt":"2025-10-07T18:22:17","slug":"mi-familia-trabajo-alli-durante-mas-de-50-anos","status":"publish","type":"post","link":"https:\/\/www.europesays.com\/es\/161296\/","title":{"rendered":"\u00abMi familia trabaj\u00f3 all\u00ed durante m\u00e1s de 50 a\u00f1os\u00bb"},"content":{"rendered":"<p style=\"\">A mediod\u00eda de este martes, en el c\u00e9ntrico barrio de \u00d3pera en Madrid, se ha producido el derrumbamiento parcial de un <a href=\"https:\/\/www.abc.es\/espana\/madrid\/derrumba-edificio-obras-opera-20251007133303-nt.html\" data-voc-vtm-id=\"in-text-traffic\" title=\"edificio en rehabilitaci\u00f3n en la calle Hileras 4\" rel=\"nofollow noopener\" target=\"_blank\">edificio en rehabilitaci\u00f3n en la calle Hileras 4<\/a>. La preocupaci\u00f3n ha recorrido la ciudad entre noticias de desaparecidos y operarios heridos. Los servicios  &#8230; de Emergencias han acordonado la zona y desalojado a varias personas. De momento, se desconocen las causas del siniestro. \u00abEl edifico era muy antiguo y su <strong>estado de conservaci\u00f3n era muy lamentable\u00bb<\/strong>, ha explicado en declaraciones a ABC Susana G\u00f3mez, cuya familia trabaj\u00f3 en el inmueble durante m\u00e1s de 50 a\u00f1os.<\/p>\n<p class=\"voc-p\" style=\"\">De hecho, G\u00f3mez ha explicado que en aquel edificio trabajaron varias generaciones de su familia, adem\u00e1s de ella misma: <strong>\u00abLo cerraron en el a\u00f1o 2014,<\/strong> cuando se traslad\u00f3 la sede del Colegio Profesional de Habilitados de Clases Pasivas\u00bb. Una historia que conoce bien, ya que forma parte de este gremio de expertos en tramitaci\u00f3n y asesoramiento de pensiones y prestaciones desde hace muchos a\u00f1os. En otra planta del edificio se encontraba el Consejo General de Habilitados, hasta que se mud\u00f3 en 2013. La construcci\u00f3n aloj\u00f3, adem\u00e1s, diferentes negocios y oficinas durante a\u00f1os, pero nunca fue usado oficialmente para vivienda desde su construcci\u00f3n en 1965.<\/p>\n<p class=\"voc-p\" style=\"\">\u00abMi padre tuvo su oficina all\u00ed hasta el a\u00f1o 1986 y antes, mi abuelo\u00bb, ha afirmado G\u00f3mez. <strong>\u00abEn ese edificio he pasado media vida\u00bb,<\/strong> asegura. \u00abMi padre dec\u00eda que Hileras era la \u00fanica calle de Madrid donde le conoc\u00edan en todos los bares\u00bb, ha dicho, nost\u00e1lgica de recordar el barrio que tanto la ha marcado.<\/p>\n<p class=\"voc-p\" style=\"\">Tambi\u00e9n ha mostrado su consternaci\u00f3n por el estado de los negocios de los alrededores, donde acostumbra a hacer vida social. Tras conocer el suceso, ha llamado a su amiga &#8216;Mili&#8217;, que regenta una peluquer\u00eda frente al <a href=\"https:\/\/www.abc.es\/espana\/madrid\/derrumbe-edificio-centro-madrid-imagenes-20251007145051-ga.html\" data-voc-vtm-id=\"in-text-traffic\" title=\"inmueble siniestrado.\" rel=\"nofollow noopener\" target=\"_blank\">inmueble siniestrado.<\/a> All\u00ed la Polic\u00eda ha desalojado a la due\u00f1a, junto al resto de trabajadoras, y afortunadamente no ha tenido que lamentar da\u00f1os personales ni materiales, ha comentado aliviada G\u00f3mez.<\/p>\n<p><a class=\"voc-img-link\" href=\"https:\/\/www.abc.es\/espana\/madrid\/derrumbe-edificio-centro-madrid-imagenes-20251007145051-ga.html\" data-voc-vtm-id=\"in-text-traffic\" title=\"Galer\u00eda: El derrumbe del edificio en el centro de Madrid, en im\u00e1genes\" rel=\"nofollow noopener\" target=\"_blank\"><\/p>\n<p><img decoding=\"async\" loading=\"lazy\" src=\"https:\/\/www.europesays.com\/es\/wp-content\/uploads\/2025\/10\/2-kkDB--760x427@diario_abc.jpg\" class=\"voc-img\" width=\"760\" height=\"427\" alt=\"Galer\u00eda: El derrumbe del edificio en el centro de Madrid, en im\u00e1genes\" data-voc-vtm-id=\"in-text-traffic\"\/><\/p>\n<p><\/a><\/p>\n<p>Galer\u00eda.<\/p>\n<p>Galer\u00eda: El derrumbe del edificio en el centro de Madrid, en im\u00e1genes<\/p>\n<p>ABC<\/p>\n<p class=\"voc-p\" style=\"\">Tras <strong>quedar vac\u00edo en 2014,<\/strong> \u00abhubo muchos novios para este edificio\u00bb, seg\u00fan la madrile\u00f1a. Al principio, \u00abla intenci\u00f3n era hacer apartamentos, pero la ley no permit\u00eda hacerlo\u00bb. Al parecer exist\u00eda un problema legal con respecto al n\u00famero de metros de fachada que daban al patio interior, ya que la normativa exige una superficie m\u00ednima con ventanas a espacios abiertos. La \u00faltima vez que se reform\u00f3 antes de su clausura, seg\u00fan el archivo urban\u00edstica municipal, fue en 2009, cuando se acometieron diversas obras de conservaci\u00f3n, sobre todo en la fachada principal, informa Helena Cort\u00e9s.<\/p>\n<p class=\"voc-p\" style=\"\">Tras varios a\u00f1os, Hileras 4 finalmente encontr\u00f3 un due\u00f1o, que ten\u00eda la idea de convertirlo en un <strong>hotel de cuatro estrellas <\/strong>con cerca de 120 habitaciones. En febrero de este a\u00f1o obtuvo el permiso de licencia y la empresa Rehbilita se puso manos a la obra.<\/p>\n<p class=\"voc-p\" style=\"\">En los expedientes vinculados a esta licencia se especifica, entre otras actuaciones, que para acometer este cambio habr\u00eda que hacer trabajos de acondicionamiento general y consolidaci\u00f3n en 5.223 metros cuadrados, demoler cerca de 500, adecentar m\u00e1s de mil metros cuadrados exteriores y reconfigurar cerca de cien. El incidente se ha producido en mitad de la ejecuci\u00f3n de esta reforma.<\/p>\n","protected":false},"excerpt":{"rendered":"A mediod\u00eda de este martes, en el c\u00e9ntrico barrio de \u00d3pera en Madrid, se ha producido el derrumbamiento&hellip;\n","protected":false},"author":2,"featured_media":161297,"comment_status":"","ping_status":"","sticky":false,"template":"","format":"standard","meta":{"footnotes":""},"categories":[5],"tags":[17,18,8805,47853,47852,981,25,24,693,13,14,11,448,30169,19,20,9,10,15,16,7452,5699,23,12,21,22],"class_list":{"0":"post-161296","1":"post","2":"type-post","3":"status-publish","4":"format-standard","5":"has-post-thumbnail","7":"category-titulares","8":"tag-breaking-news","9":"tag-breakingnews","10":"tag-conservacion","11":"tag-derrumbado","12":"tag-eedificio","13":"tag-era","14":"tag-es","15":"tag-espana","16":"tag-estado","17":"tag-featured-news","18":"tag-featurednews","19":"tag-headlines","20":"tag-historia","21":"tag-lamentable","22":"tag-latest-news","23":"tag-latestnews","24":"tag-news","25":"tag-noticias","26":"tag-noticias-destacadas","27":"tag-noticiasdestacadas","28":"tag-opera","29":"tag-rehabilitacion","30":"tag-spain","31":"tag-titulares","32":"tag-ultimas-noticias","33":"tag-ultimasnoticias"},"share_on_mastodon":{"url":"","error":""},"_links":{"self":[{"href":"https:\/\/www.europesays.com\/es\/wp-json\/wp\/v2\/posts\/161296","targetHints":{"allow":["GET"]}}],"collection":[{"href":"https:\/\/www.europesays.com\/es\/wp-json\/wp\/v2\/posts"}],"about":[{"href":"https:\/\/www.europesays.com\/es\/wp-json\/wp\/v2\/types\/post"}],"author":[{"embeddable":true,"href":"https:\/\/www.europesays.com\/es\/wp-json\/wp\/v2\/users\/2"}],"replies":[{"embeddable":true,"href":"https:\/\/www.europesays.com\/es\/wp-json\/wp\/v2\/comments?post=161296"}],"version-history":[{"count":0,"href":"https:\/\/www.europesays.com\/es\/wp-json\/wp\/v2\/posts\/161296\/revisions"}],"wp:featuredmedia":[{"embeddable":true,"href":"https:\/\/www.europesays.com\/es\/wp-json\/wp\/v2\/media\/161297"}],"wp:attachment":[{"href":"https:\/\/www.europesays.com\/es\/wp-json\/wp\/v2\/media?parent=161296"}],"wp:term":[{"taxonomy":"category","embeddable":true,"href":"https:\/\/www.europesays.com\/es\/wp-json\/wp\/v2\/categories?post=161296"},{"taxonomy":"post_tag","embeddable":true,"href":"https:\/\/www.europesays.com\/es\/wp-json\/wp\/v2\/tags?post=161296"}],"curies":[{"name":"wp","href":"https:\/\/api.w.org\/{rel}","templated":true}]}}