{"id":161317,"date":"2025-10-07T18:43:07","date_gmt":"2025-10-07T18:43:07","guid":{"rendered":"https:\/\/www.europesays.com\/es\/161317\/"},"modified":"2025-10-07T18:43:07","modified_gmt":"2025-10-07T18:43:07","slug":"bruselas-plantea-doblar-los-aranceles-al-acero-para-protegerse-de-las-exportaciones-de-china-economia","status":"publish","type":"post","link":"https:\/\/www.europesays.com\/es\/161317\/","title":{"rendered":"Bruselas plantea doblar los aranceles al acero para protegerse de las exportaciones de China | Econom\u00eda"},"content":{"rendered":"<p class=\"\">Al principio, fue el acero. La Comunidad Europea del Carb\u00f3n y el Acero (CECA) fue la organizaci\u00f3n que en 1951 sent\u00f3 las bases de lo que hoy es la UE y su nombre ya dice mucho de d\u00f3nde estaban las prioridades de las pol\u00edticas industriales entonces. Y siguiendo aquella estela, <a href=\"https:\/\/ec.europa.eu\/commission\/presscorner\/detail\/en\/ip_25_2293\" target=\"_self\" rel=\"nofollow noopener\" title=\"https:\/\/ec.europa.eu\/commission\/presscorner\/detail\/en\/ip_25_2293\">Bruselas ha movido ficha este martes<\/a> para proteger esa industria cr\u00edtica \u2014especialmente en tiempos de rearme\u2014 de la sobrecapacidad de producci\u00f3n instalada en todo el mundo que amenaza con hundir los precios. La Comisi\u00f3n ha lanzado una propuesta para recortar las cuotas de importaci\u00f3n libres de aranceles casi a la mitad (18,3 millones de toneladas) y duplicar la tarifa a pagar cuando se supera ese umbral, del 25% al 50%. <\/p>\n<p class=\"\"><a href=\"https:\/\/elpais.com\/noticias\/acero\/\" target=\"_self\" rel=\"nofollow noopener\" title=\"https:\/\/elpais.com\/noticias\/acero\/\">Duplicar los aranceles del acero<\/a> hasta elevarlos al 50% puede parecer, a simple vista, una respuesta a la <a href=\"https:\/\/elpais.com\/economia\/2025-07-29\/del-automovil-al-acero-el-lujo-o-el-campo-las-empresas-viven-los-aranceles-de-trump-entre-la-resignacion-y-el-miedo.html\" target=\"_self\" rel=\"nofollow noopener\" title=\"https:\/\/elpais.com\/economia\/2025-07-29\/del-automovil-al-acero-el-lujo-o-el-campo-las-empresas-viven-los-aranceles-de-trump-entre-la-resignacion-y-el-miedo.html\">medida similar que el presidente de Estados Unidos, Donald Trump, implant\u00f3 entre marzo y abril<\/a>. Pero un vistazo m\u00e1s atento a las declaraciones que justifican la medida y a los propios datos del mercado sider\u00fargico dejan claro que el planteamiento de la Comisi\u00f3n Europea mira hacia China y otros pa\u00edses asi\u00e1ticos. \u201cLa sobrecapacidad mundial est\u00e1 da\u00f1ando a nuestra industria\u201d, ha alertado este martes la jefa del Ejecutivo comunitario, Ursula von der Leyen. Y cuando se habla de sobrecapacidad, siempre aparece detr\u00e1s el gigante asi\u00e1tico, que subsidia 10 veces m\u00e1s a su industria del acero de lo que lo hacen los pa\u00edses que integran la OCDE, <a href=\"https:\/\/www.oecd.org\/content\/dam\/oecd\/en\/publications\/reports\/2025\/05\/oecd-steel-outlook-2025_bf2b6109\/28b61a5e-en.pdf\" target=\"_self\" rel=\"nofollow noopener\" title=\"https:\/\/www.oecd.org\/content\/dam\/oecd\/en\/publications\/reports\/2025\/05\/oecd-steel-outlook-2025_bf2b6109\/28b61a5e-en.pdf\">seg\u00fan el propio think tank que agrupa a los pa\u00edses desarrollados<\/a>.<\/p>\n<p class=\"\">\u201cEntre 2025 y 2027, se prev\u00e9 un aumento sustancial de la capacidad de producci\u00f3n de acero de hasta un 6,7% [165 millones de toneladas m\u00e9tricas] en todo el mundo, lo que de materializarse agravar\u00e1 el exceso de capacidad mundial. Se prev\u00e9 que las econom\u00edas asi\u00e1ticas representen el 58% de esa nueva capacidad, lideradas por los aumentos sustanciales en China y la India\u201d, calcula un informe de perspectivas de la OCDE de este mismo a\u00f1o. <\/p>\n<p class=\"\">Esta situaci\u00f3n hab\u00eda llevado <a href=\"https:\/\/www.eurofer.eu\/press-releases\/emergency-steel-social-summit-steel-industry-and-steel-workers-call-for-urgent-action-to-restore-a-level-playing-field-for-the-sector-and-stop-the-dramatic-destruction-of-jobs-and-steel-making-capacity-in-europe-before-it-is-too-late\" target=\"_self\" rel=\"nofollow noopener\" title=\"https:\/\/www.eurofer.eu\/press-releases\/emergency-steel-social-summit-steel-industry-and-steel-workers-call-for-urgent-action-to-restore-a-level-playing-field-for-the-sector-and-stop-the-dramatic-destruction-of-jobs-and-steel-making-capacity-in-europe-before-it-is-too-late\">al sector europeo a pedir ayuda hace solo unos d\u00edas<\/a>. Empresas y sindicatos celebraron una \u201ccumbre social de emergencia\u201d en la que pidieron \u201cmedidas urgentes para restablecer la igualdad de condiciones en el sector y detener la dram\u00e1tica destrucci\u00f3n de puestos de trabajo y capacidad sider\u00fargica en Europa antes de que sea demasiado tarde\u201d. <\/p>\n<p class=\"\">A esa llamada ha respondido la Comisi\u00f3n Europea, que ya ven\u00eda anunciando desde marzo que iba a lanzar un plan para proteger al sector del acero de la competencia desleal. Bruselas, adem\u00e1s, ha pedido al resto de instituciones europeas que se muevan r\u00e1pido. \u201cNecesitamos actuar ya. Urjo al Consejo y al Parlamento a que se muevan r\u00e1pido\u201d, ha presionado la propia Von der Leyen al lanzar este plan. Su urgencia tambi\u00e9n viene porque las salvaguardas que quiere introducir tienen que estar listas para empezar a aplicarse antes de que decaigan las medidas proteccionistas actuales, el 30 de junio de 2026. <\/p>\n<p class=\"\">Porque los problemas del sector del acero no son nuevos. El mayor coste de la energ\u00eda en la UE \u2014uno de los mayores lamentos del informe Draghi y por donde plantea actuar\u2014 y de la mano de obra vienen de largo. La guerra de Ucrania y en encarecimiento del gas natural agravaron la situaci\u00f3n en un sector que consume much\u00edsima energ\u00eda. Pero las medidas de salvaguarda que hay vigentes vienen de antes, de 2018. Entonces, la Uni\u00f3n aprob\u00f3 una cuota de acero libre de aranceles que se calcula seg\u00fan la importaci\u00f3n media de los tres a\u00f1os precedentes. <\/p>\n<p class=\"\">El objetivo final de la medida es que el acero fabricado en la UE gane cuota en el mercado interior. \u201cLa industria de la Uni\u00f3n est\u00e1 operando a un nivel de capacidad muy bajo, el 67%. Con esta medida, ganar\u00e1 espacio suficiente para que nuestra capacidad alcance unos niveles de utilizaci\u00f3n del 80%\u201d, explica la Comisi\u00f3n, para argumentar que el recorte de cuotas de importaci\u00f3n libres de aranceles sin m\u00e1s, manteniendo las cuotas actuales, \u201cno ser\u00eda suficiente para soluciones el problema\u201d. <\/p>\n<p class=\"\">Y resolver el asunto es clave para la Comisi\u00f3n Europea, porque la industria del acero, como la del autom\u00f3vil, genera empleo de calidad y es, adem\u00e1s, \u201cvital para la competitividad, la seguridad econ\u00f3mica y la autonom\u00eda estrat\u00e9gica\u201d, en palabras de la propia Von der Leyen. Seg\u00fan los n\u00fameros de la patronal europea, Eurofer, 300.000 personas trabajan directamente en esta industria y 1,5 millones de forma indirecta. La p\u00e9rdida de mano de obra directa desde que en 2018 se impuso la primera salvaguarda es de 18.000 puestos de trabajo. <\/p>\n<p class=\"\">Ante las posibles denuncias que una medida de este estilo puede acarrear en la Organizaci\u00f3n Mundial del Comercio (OMC), la Comisi\u00f3n responde de forma preventiva que ha cumplido con las reglas de este \u00f3rgano multilateral, que ha habido un proceso de consultas y que, adem\u00e1s, muchos pa\u00edses ya lo est\u00e1n haciendo. \u201cMuchos de los Estados que se ver\u00e1n afectados por la decisi\u00f3n ya han impuesto su propia medida protectora, en la mayor\u00eda de casos elevando aranceles\u201d. <\/p>\n<p class=\"\">\u201cEl \u00fanico camino para evitar esta proliferaci\u00f3n de medidas unilaterales es abordar las ra\u00edces de la sobre capacidad colectivamente\u201d, zanja Bruselas, volviendo a apuntar hacia esos pa\u00edses que tienen instalada una potencia industrial mucho mayor de la que pueden consumir, volcando el exceso sobre el mercado mundial y generando desequilibrios. <\/p>\n","protected":false},"excerpt":{"rendered":"Al principio, fue el acero. La Comunidad Europea del Carb\u00f3n y el Acero (CECA) fue la organizaci\u00f3n que&hellip;\n","protected":false},"author":2,"featured_media":161318,"comment_status":"","ping_status":"","sticky":false,"template":"","format":"standard","meta":{"footnotes":""},"categories":[42],"tags":[4135,17,18,5852,1708,95,13,14,11,7949,61,62,63,64,19,20,9,10,15,16,12,21,22,1617,1707,65,66,67],"class_list":{"0":"post-161317","1":"post","2":"type-post","3":"status-publish","4":"format-standard","5":"has-post-thumbnail","7":"category-internacional","8":"tag-aranceles","9":"tag-breaking-news","10":"tag-breakingnews","11":"tag-comercio-exterior","12":"tag-comision-europea","13":"tag-economia","14":"tag-featured-news","15":"tag-featurednews","16":"tag-headlines","17":"tag-industria-acero","18":"tag-internacional","19":"tag-international","20":"tag-international-news","21":"tag-internationalnews","22":"tag-latest-news","23":"tag-latestnews","24":"tag-news","25":"tag-noticias","26":"tag-noticias-destacadas","27":"tag-noticiasdestacadas","28":"tag-titulares","29":"tag-ultimas-noticias","30":"tag-ultimasnoticias","31":"tag-union-europea","32":"tag-ursula-von-der-leyen","33":"tag-world","34":"tag-world-news","35":"tag-worldnews"},"share_on_mastodon":{"url":"","error":""},"_links":{"self":[{"href":"https:\/\/www.europesays.com\/es\/wp-json\/wp\/v2\/posts\/161317","targetHints":{"allow":["GET"]}}],"collection":[{"href":"https:\/\/www.europesays.com\/es\/wp-json\/wp\/v2\/posts"}],"about":[{"href":"https:\/\/www.europesays.com\/es\/wp-json\/wp\/v2\/types\/post"}],"author":[{"embeddable":true,"href":"https:\/\/www.europesays.com\/es\/wp-json\/wp\/v2\/users\/2"}],"replies":[{"embeddable":true,"href":"https:\/\/www.europesays.com\/es\/wp-json\/wp\/v2\/comments?post=161317"}],"version-history":[{"count":0,"href":"https:\/\/www.europesays.com\/es\/wp-json\/wp\/v2\/posts\/161317\/revisions"}],"wp:featuredmedia":[{"embeddable":true,"href":"https:\/\/www.europesays.com\/es\/wp-json\/wp\/v2\/media\/161318"}],"wp:attachment":[{"href":"https:\/\/www.europesays.com\/es\/wp-json\/wp\/v2\/media?parent=161317"}],"wp:term":[{"taxonomy":"category","embeddable":true,"href":"https:\/\/www.europesays.com\/es\/wp-json\/wp\/v2\/categories?post=161317"},{"taxonomy":"post_tag","embeddable":true,"href":"https:\/\/www.europesays.com\/es\/wp-json\/wp\/v2\/tags?post=161317"}],"curies":[{"name":"wp","href":"https:\/\/api.w.org\/{rel}","templated":true}]}}