{"id":161325,"date":"2025-10-07T18:47:10","date_gmt":"2025-10-07T18:47:10","guid":{"rendered":"https:\/\/www.europesays.com\/es\/161325\/"},"modified":"2025-10-07T18:47:10","modified_gmt":"2025-10-07T18:47:10","slug":"el-cid-sustituye-a-manzanares-en-el-festival-del-13-de-octubre-en-sevilla","status":"publish","type":"post","link":"https:\/\/www.europesays.com\/es\/161325\/","title":{"rendered":"El Cid sustituye a Manzanares en el festival del 13 de octubre en Sevilla"},"content":{"rendered":"<p style=\"\">El diestro <strong>Manuel Jes\u00fas &#8216;El Cid&#8217;<\/strong> sustituir\u00e1 al lesionado <strong>Jos\u00e9 Mar\u00eda Manzanares<\/strong> en el <strong>Festival Taurino<\/strong> del pr\u00f3ximo lunes, 13 de octubre, en la Real Maestranza de Sevilla a beneficio de las hermandades de <strong>San Bernardo y El Amor.<\/strong> As\u00ed lo  &#8230; ha anunciado la empresa Pag\u00e9s esta tarde. <\/p>\n<p class=\"voc-p\" style=\"\">El alicantino <strong>fue cogido<\/strong> por un toro de Daniel Ruiz el pasado lunes 15 de septiembre en la Feria de Murcia, que le ocasion\u00f3 una <strong>fractura en la octava costilla izquierda,<\/strong> circunstancia que le ha hecho perderse todos los festejos en los que ha estado anunciado hasta la fecha.<\/p>\n<p class=\"voc-p\" style=\"\">Por lo tanto el cartel queda compuesto por 7 novillos &#8211; toros de Puerto de San Lorenzo, Domingo Hern\u00e1ndez, Domingo Hern\u00e1ndez, Talavante, Juan A. Ruiz &#8216;Espartaco&#8217;, Talavante y El Parralejo para El Cid, Talavante, Juan Ortega, Pablo Aguado, Manolo V\u00e1zquez, Javier Zulueta y el novillero sin picadores Manuel Dom\u00ednguez.<\/p>\n<p class=\"voc-p\" style=\"\">El festejo -que lleva buen ritmo de venta seg\u00fan indica la web de la empresa- dar\u00e1 comienzo <strong>a las 17:30 horas.<\/strong><\/p>\n","protected":false},"excerpt":{"rendered":"El diestro Manuel Jes\u00fas &#8216;El Cid&#8217; sustituir\u00e1 al lesionado Jos\u00e9 Mar\u00eda Manzanares en el Festival Taurino del pr\u00f3ximo&hellip;\n","protected":false},"author":2,"featured_media":161326,"comment_status":"","ping_status":"","sticky":false,"template":"","format":"standard","meta":{"footnotes":""},"categories":[277],"tags":[373,5008,168,25,24,3931,5090,9072,1171,23,167,9832,374],"class_list":{"0":"post-161325","1":"post","2":"type-post","3":"status-publish","4":"format-standard","5":"has-post-thumbnail","7":"category-toreo","8":"tag-bullfighting","9":"tag-cid","10":"tag-deportes","11":"tag-es","12":"tag-espana","13":"tag-festival","14":"tag-manzanares","15":"tag-octubre","16":"tag-sevilla","17":"tag-spain","18":"tag-sports","19":"tag-sustituye","20":"tag-toreo"},"share_on_mastodon":{"url":"","error":""},"_links":{"self":[{"href":"https:\/\/www.europesays.com\/es\/wp-json\/wp\/v2\/posts\/161325","targetHints":{"allow":["GET"]}}],"collection":[{"href":"https:\/\/www.europesays.com\/es\/wp-json\/wp\/v2\/posts"}],"about":[{"href":"https:\/\/www.europesays.com\/es\/wp-json\/wp\/v2\/types\/post"}],"author":[{"embeddable":true,"href":"https:\/\/www.europesays.com\/es\/wp-json\/wp\/v2\/users\/2"}],"replies":[{"embeddable":true,"href":"https:\/\/www.europesays.com\/es\/wp-json\/wp\/v2\/comments?post=161325"}],"version-history":[{"count":0,"href":"https:\/\/www.europesays.com\/es\/wp-json\/wp\/v2\/posts\/161325\/revisions"}],"wp:featuredmedia":[{"embeddable":true,"href":"https:\/\/www.europesays.com\/es\/wp-json\/wp\/v2\/media\/161326"}],"wp:attachment":[{"href":"https:\/\/www.europesays.com\/es\/wp-json\/wp\/v2\/media?parent=161325"}],"wp:term":[{"taxonomy":"category","embeddable":true,"href":"https:\/\/www.europesays.com\/es\/wp-json\/wp\/v2\/categories?post=161325"},{"taxonomy":"post_tag","embeddable":true,"href":"https:\/\/www.europesays.com\/es\/wp-json\/wp\/v2\/tags?post=161325"}],"curies":[{"name":"wp","href":"https:\/\/api.w.org\/{rel}","templated":true}]}}