{"id":161327,"date":"2025-10-07T18:48:08","date_gmt":"2025-10-07T18:48:08","guid":{"rendered":"https:\/\/www.europesays.com\/es\/161327\/"},"modified":"2025-10-07T18:48:08","modified_gmt":"2025-10-07T18:48:08","slug":"adrian-luna-pelea-este-7-de-octubre-por-un-contrato-con-ufc-hora-y-donde-ver","status":"publish","type":"post","link":"https:\/\/www.europesays.com\/es\/161327\/","title":{"rendered":"Adri\u00e1n Luna pelea este 7 de octubre por un contrato con UFC: Hora y d\u00f3nde ver"},"content":{"rendered":"<p class=\"paragraph \" id=\"m78-77-79\">Lleg\u00f3 el d\u00eda para el peleador ecuatoriano,<strong> Adri\u00e1n Luna Martinetti<\/strong>, quien este martes 7 de octubre tiene una cita con su propio destino: se subir\u00e1 al oct\u00e1gono del reality <strong>Dana White&#8217;s Contender Series <\/strong>para intentar convertirse en<strong> el primer guayaquile\u00f1o en firmar con UFC.<\/strong> Enfrente tendr\u00e1 al ruso Mark Vologdin, quien tambi\u00e9n va por el sue\u00f1o de llegar a la \u00e9lite de las <strong>artes marciales mixtas.\u00a0<\/strong><\/p>\n<p class=\"paragraph \" id=\"m83-82-84\">LEE TAMBI\u00c9N:\u00a0<a href=\"https:\/\/www.extra.ec\/noticia\/deportes\/cuando-juega-ecuador-en-vivo-dia-hora-y-senal-de-tv-de-los-partidos-de-octubre-138364.html\" rel=\"nofollow noopener\" target=\"_blank\">\u00bfCu\u00e1ndo juega Ecuador? D\u00eda, hora y se\u00f1al de TV de los partidos de octubre<\/a><\/p>\n<p class=\"paragraph \" id=\"m88-87-89\">El tricolor cumpli\u00f3 con el pesaje, este lunes 6 de octubre, marcando 136 libras en la balanza, l\u00edmite permitido del <strong>peso gallo<\/strong>. Su rival pes\u00f3 lo mismo y el combate se hizo oficial. El enfrentamiento entre en ruso y el ecuatoriano ser\u00e1 el pen\u00faltimo del episodio de esta noche.\u00a0<\/p>\n<p>\u00bfC\u00f3mo y d\u00f3nde ver la pelea de Adri\u00e1n Luna?<\/p>\n<p class=\"paragraph \" id=\"m103-102-104\">Ecuador vuelve a tener un representante en el DWCS, luego de dos a\u00f1os. El \u00faltimo peleador tricolor que disput\u00f3 un contrato de UFC en este reality fue Emiliano Linares, quien cay\u00f3 derrotado por nocaut t\u00e9cnico. Hoy, Juan Adri\u00e1n Luna est\u00e1 a un paso de conseguir su sue\u00f1o, firmar con UFC.\u00a0<\/p>\n<ul>\n<li>\n<strong>FECHA: <\/strong>Martes 7 de octubre<\/li>\n<\/ul>\n","protected":false},"excerpt":{"rendered":"Lleg\u00f3 el d\u00eda para el peleador ecuatoriano, Adri\u00e1n Luna Martinetti, quien este martes 7 de octubre tiene una&hellip;\n","protected":false},"author":2,"featured_media":161328,"comment_status":"","ping_status":"","sticky":false,"template":"","format":"standard","meta":{"footnotes":""},"categories":[276],"tags":[47859,47857,47174,168,47858,47856,25,24,23,167,343],"class_list":{"0":"post-161327","1":"post","2":"type-post","3":"status-publish","4":"format-standard","5":"has-post-thumbnail","7":"category-ufc","8":"tag-a-que-hora-empieza-el-dwcs","9":"tag-a-que-hora-pelea-adrian-luna","10":"tag-adrian-luna-martinetti","11":"tag-deportes","12":"tag-donde-ver-dwcs","13":"tag-donde-ver-la-pelea-de-adrian-luna","14":"tag-es","15":"tag-espana","16":"tag-spain","17":"tag-sports","18":"tag-ufc"},"share_on_mastodon":{"url":"","error":""},"_links":{"self":[{"href":"https:\/\/www.europesays.com\/es\/wp-json\/wp\/v2\/posts\/161327","targetHints":{"allow":["GET"]}}],"collection":[{"href":"https:\/\/www.europesays.com\/es\/wp-json\/wp\/v2\/posts"}],"about":[{"href":"https:\/\/www.europesays.com\/es\/wp-json\/wp\/v2\/types\/post"}],"author":[{"embeddable":true,"href":"https:\/\/www.europesays.com\/es\/wp-json\/wp\/v2\/users\/2"}],"replies":[{"embeddable":true,"href":"https:\/\/www.europesays.com\/es\/wp-json\/wp\/v2\/comments?post=161327"}],"version-history":[{"count":0,"href":"https:\/\/www.europesays.com\/es\/wp-json\/wp\/v2\/posts\/161327\/revisions"}],"wp:featuredmedia":[{"embeddable":true,"href":"https:\/\/www.europesays.com\/es\/wp-json\/wp\/v2\/media\/161328"}],"wp:attachment":[{"href":"https:\/\/www.europesays.com\/es\/wp-json\/wp\/v2\/media?parent=161327"}],"wp:term":[{"taxonomy":"category","embeddable":true,"href":"https:\/\/www.europesays.com\/es\/wp-json\/wp\/v2\/categories?post=161327"},{"taxonomy":"post_tag","embeddable":true,"href":"https:\/\/www.europesays.com\/es\/wp-json\/wp\/v2\/tags?post=161327"}],"curies":[{"name":"wp","href":"https:\/\/api.w.org\/{rel}","templated":true}]}}