{"id":161331,"date":"2025-10-07T18:54:17","date_gmt":"2025-10-07T18:54:17","guid":{"rendered":"https:\/\/www.europesays.com\/es\/161331\/"},"modified":"2025-10-07T18:54:17","modified_gmt":"2025-10-07T18:54:17","slug":"edad-en-que-equipo-juega-y-quien-es-su-padre","status":"publish","type":"post","link":"https:\/\/www.europesays.com\/es\/161331\/","title":{"rendered":"edad, en qu\u00e9 equipo juega y qui\u00e9n es su padre"},"content":{"rendered":"<p>La <strong>selecci\u00f3n espa\u00f1ola Sub-20<\/strong> se encuentra inmersa en pleno<a href=\"https:\/\/www.fifa.com\/es\/tournaments\/mens\/u20worldcup\/chile-2025\" rel=\"nofollow noopener\" target=\"_blank\"><strong> Mundial<\/strong> <\/a>en Chile. El conjunto que dirige <a href=\"https:\/\/okdiario.com\/deportes\/quien-paco-gallardo-seleccionador-espana-sub-20-edad-trayectoria-15500101\" rel=\"nofollow noopener\" target=\"_blank\"><strong>Paco Gallardo<\/strong><\/a> disputa hoy, 1 de octubre (22:00 horas), su segundo partido de la fase de grupos del torneo. Ante <strong>M\u00e9xico<\/strong>, el combinado nacional buscar\u00e1 redimirse de la derrota por<a href=\"https:\/\/okdiario.com\/deportes\/espana-cae-marruecos-queda-sin-red-mundial-sub-20-15490376\" rel=\"nofollow noopener\" target=\"_blank\"><strong> 2-0 ante Marruecos<\/strong><\/a> en su estreno. Hasta<strong> ocho jugadores espa\u00f1oles<\/strong> juegan minutos de manera habitual en la \u00e9lite: siete de ellos en Primera Divisi\u00f3n y uno en Italia. Jugadores de la talla de <strong>Iker Bravo, Adri\u00e1n Liso o Pablo Garc\u00eda<\/strong> deber\u00e1n dar un paso adelante para llevar a Espa\u00f1a a la siguiente fase.<\/p>\n<p>La victoria ante el combinado mexicano se antoja imprescindible para llegar con <strong>opciones al duelo ante Brasil<\/strong> en la \u00faltima jornada. Los cariocas suelen ser uno de los grandes favoritos en este tipo de torneos, pero en su debut <strong>empataron a dos<\/strong> ante la selecci\u00f3n mexicana del prometedor <strong>Gilberto Mora<\/strong>. El jugador de Tijuana, con<strong> s\u00f3lo 16 a\u00f1os<\/strong>, ya suena para dar el salto a Europa cuando alcance la mayor\u00eda de edad. En Espa\u00f1a, en cambio, la gran estrella es <strong>m\u00e1s \u2018veterana\u2019<\/strong>: <strong>Iker Bravo<\/strong>. El atacante, vigente<strong> MVP y campe\u00f3n de Europa Sub-19 con Espa\u00f1a<\/strong>, est\u00e1 llamado a liderar a los de Paco Gallardo.<\/p>\n<p>Cu\u00e1ntos a\u00f1os tiene Iker Bravo<\/p>\n<p>El jugador catal\u00e1n es uno de los <strong>m\u00e1s experimentados<\/strong> de la convocatoria de Paco Gallardo. A sus <strong>20 a\u00f1o<\/strong>s de edad, Iker Bravo ya sabe lo que es competir con los \u2018mayores\u2019. Pese a que comparte a\u00f1o de nacimiento <strong>(2005)<\/strong> con nueve de sus diez acompa\u00f1antes en la alineaci\u00f3n del partido ante Marruecos, el delantero cuenta con una trayectoria que la he llevado a jugar en <strong>tres pa\u00edses diferentes<\/strong> y en las dos grandes canteras del f\u00fatbol espa\u00f1ol.<\/p>\n<p>D\u00f3nde juega Iker Bravo<\/p>\n<p>El de Sant Cugat del Vall\u00e9s aterriz\u00f3 en Italia en el<strong> verano de 2024<\/strong> para fichar por el <strong>Udinese<\/strong>. El conjunto italiano desembols\u00f3<strong> 600.00 euros<\/strong> para hacerse con los servicios de Iker Bravo. La pasada campa\u00f1a disput\u00f3<strong> 29 partidos en la Serie A,<\/strong> en los que anot\u00f3 dos tantos y reparti\u00f3 una asistencia. Unas cifras que <strong>ya ha igualado<\/strong> en la presenta campa\u00f1a despu\u00e9s de cuatro encuentros. En tres apariciones en liga y una en copa, el atacante <strong>suma dos tantos<\/strong>. Iker Bravo apunta a ser importante en un a\u00f1o clave para el devenir de su carrera.<\/p>\n<p>En qu\u00e9 equipos ha jugado Iker Bravo<\/p>\n<p>Iker Bravo comenz\u00f3 a despuntar en la <strong>cantera del FC Barcelona<\/strong>, en la que ingres\u00f3 a los cinco a\u00f1os de edad. En el verano de 2021 sorprendi\u00f3 al dar el salto al <strong>Bayer Leverkusen<\/strong>. Con el conjunto alem\u00e1n destac\u00f3 en el filial y logr\u00f3 el hito de <strong>debutar con el primer equipo<\/strong> en Copa y Bundesliga a los 16 a\u00f1os. Con su estreno se convirti\u00f3 en el<strong> debutante m\u00e1s joven del club<\/strong>, superando a Florian Wirtz.<\/p>\n<p>Un a\u00f1o despu\u00e9s sali\u00f3 <strong>cedido al Real Madrid Castilla<\/strong>. A las \u00f3rdenes de Ra\u00fal Gonz\u00e1lez nunca termin\u00f3 de cuajar. En su primera campa\u00f1a particip\u00f3 en 25 partidos del filial merengue, adem\u00e1s de jugar la <strong>Youth League<\/strong> con el Juvenil. Para la temporada 2023\/24, Iker Bravo <strong>baj\u00f3 de categor\u00eda<\/strong> y estuvo en la din\u00e1mica del <strong>Juvenil A de \u00c1lvaro Arbeloa<\/strong>. El catal\u00e1n regres\u00f3 a Alemania <strong>sin haber debutado con el primer equipo<\/strong> del Real Madrid. El Bayer Leverkusen decidi\u00f3 traspasar al delantero al<strong> Udinese<\/strong>, donde firm\u00f3 hasta <strong>2028<\/strong>.<\/p>\n<p>Los padres de Iker Bravo<\/p>\n<p>El atacante del Udinese ha reconocido a <strong>Arbeloa como su \u00abpadre futbol\u00edstico\u00bb,<\/strong> por todo lo que aprendi\u00f3 del ex jugador blanco en su etapa en el Juvenil A del Real Madrid. Sin embargo, como no pod\u00eda ser de otra manera, Iker Bravo desvel\u00f3 que su amor por el f\u00fatbol <strong>viene de su padre, David<\/strong>. \u00ab<strong>Es gracias a \u00e9l<\/strong>. De peque\u00f1o nos \u00edbamos al parque de Hospitalet y nos pon\u00edamos a jugar. Siempre me lanzaba balones y <strong>me ense\u00f1aba<\/strong> a hacer controles orientados, a chutar\u2026 \u00a1Tambi\u00e9n a hacer chilenas!\u00bb, confes\u00f3 en una entrevista con AS.<\/p>\n","protected":false},"excerpt":{"rendered":"La selecci\u00f3n espa\u00f1ola Sub-20 se encuentra inmersa en pleno Mundial en Chile. El conjunto que dirige Paco Gallardo&hellip;\n","protected":false},"author":2,"featured_media":161332,"comment_status":"","ping_status":"","sticky":false,"template":"","format":"standard","meta":{"footnotes":""},"categories":[268],"tags":[168,25,24,280,282,281,23,167],"class_list":{"0":"post-161331","1":"post","2":"type-post","3":"status-publish","4":"format-standard","5":"has-post-thumbnail","7":"category-futbol","8":"tag-deportes","9":"tag-es","10":"tag-espana","11":"tag-football","12":"tag-futbol","13":"tag-soccer","14":"tag-spain","15":"tag-sports"},"share_on_mastodon":{"url":"","error":""},"_links":{"self":[{"href":"https:\/\/www.europesays.com\/es\/wp-json\/wp\/v2\/posts\/161331","targetHints":{"allow":["GET"]}}],"collection":[{"href":"https:\/\/www.europesays.com\/es\/wp-json\/wp\/v2\/posts"}],"about":[{"href":"https:\/\/www.europesays.com\/es\/wp-json\/wp\/v2\/types\/post"}],"author":[{"embeddable":true,"href":"https:\/\/www.europesays.com\/es\/wp-json\/wp\/v2\/users\/2"}],"replies":[{"embeddable":true,"href":"https:\/\/www.europesays.com\/es\/wp-json\/wp\/v2\/comments?post=161331"}],"version-history":[{"count":0,"href":"https:\/\/www.europesays.com\/es\/wp-json\/wp\/v2\/posts\/161331\/revisions"}],"wp:featuredmedia":[{"embeddable":true,"href":"https:\/\/www.europesays.com\/es\/wp-json\/wp\/v2\/media\/161332"}],"wp:attachment":[{"href":"https:\/\/www.europesays.com\/es\/wp-json\/wp\/v2\/media?parent=161331"}],"wp:term":[{"taxonomy":"category","embeddable":true,"href":"https:\/\/www.europesays.com\/es\/wp-json\/wp\/v2\/categories?post=161331"},{"taxonomy":"post_tag","embeddable":true,"href":"https:\/\/www.europesays.com\/es\/wp-json\/wp\/v2\/tags?post=161331"}],"curies":[{"name":"wp","href":"https:\/\/api.w.org\/{rel}","templated":true}]}}