{"id":161351,"date":"2025-10-07T19:08:12","date_gmt":"2025-10-07T19:08:12","guid":{"rendered":"https:\/\/www.europesays.com\/es\/161351\/"},"modified":"2025-10-07T19:08:12","modified_gmt":"2025-10-07T19:08:12","slug":"illa-promete-convertir-todo-el-suelo-urbanizable-de-catalunya-en-parcelas-edificables-para-acabar-con-la-crisis-de-la-vivienda","status":"publish","type":"post","link":"https:\/\/www.europesays.com\/es\/161351\/","title":{"rendered":"Illa promete convertir todo el suelo urbanizable de Catalunya en parcelas edificables para acabar con la crisis de la vivienda"},"content":{"rendered":"<p class=\"article-text\">\n        Salvador Illa ha centrado en la vivienda el discurso con el que ha abierto el debate de pol\u00edtica general, que ha comenzado este martes en el Parlament, y ha lanzado ante los diputados la propuesta de hacer un nuevo \u201cacuerdo de pa\u00eds\u201d para poner en circulaci\u00f3n el conjunto del suelo urbanizable actualmente existente en Catalunya, para ponerlo al alcance de los promotores para levantar inmuebles en todos los r\u00e9gimenes de propiedad. El Govern cifra en 210.000 los nuevos pisos que podr\u00edan salir de este plan, de los cuales calcula que entre el 40 y 50% podr\u00eda ser vivienda protegida.\n    <\/p>\n<p>    <a href=\"https:\/\/www.eldiario.es\/catalunya\/construir-limitar-especulacion-recetas-garantizar-derecho-vivienda-administraciones-expertos_1_12659719.html\" data-mrf-recirculation=\"saber-mas\" data-dl-event=\"saber-mas\" rel=\"nofollow noopener\" target=\"_blank\"><\/p>\n<p class=\"know-more__title\">Construir m\u00e1s y limitar la especulaci\u00f3n, las recetas para garantizar el derecho a la vivienda de administraciones y expertos<\/p>\n<p>            <img decoding=\"async\" class=\"lazy\" loading=\"lazy\" data-src=\"https:\/\/static.eldiario.es\/clip\/8adb5566-c8a5-43a4-b2c1-21b76dfe40a3_16-9-aspect-ratio_default_0.jpg\" src=\"data:image\/svg+xml,%3Csvg xmlns=\" http:=\"\" viewbox=\"0 0 880 495\" alt=\"Construir m\u00e1s y limitar la especulaci\u00f3n, las recetas para garantizar el derecho a la vivienda de administraciones y expertos\"\/><\/p>\n<p>                        <\/a><\/p>\n<p class=\"article-text\">\n        \u201cConstruir, construir y construir\u201d, hab\u00eda recetado Illa el d\u00eda anterior en la <a href=\"https:\/\/www.eldiario.es\/catalunya\/salvador-illa-situa-vivienda-principal-foco-desigualdad-receta-construir-construir-contruir_1_12660345.html\" data-mrf-recirculation=\"links-noticia\" class=\"link\" rel=\"nofollow noopener\" target=\"_blank\">jornada sobre la vivienda celebrada por este diario<\/a>. Un d\u00eda despu\u00e9s, Illa lanzaba un ambicioso plan que tiene como objetivo reacitivar la construcci\u00f3n a niveles anteriores al estallido de la burbuja del ladrillo de 2008. Para ello, la promesa es reactivar por fases el conjunto del suelo urbano y ofrecerlo a los promotores, con el objetivo de que puedan construir inmuebles libres, siempre con las reservas que marca la ley para VPO.\n    <\/p>\n<p class=\"article-text\">\n        El Govern considera que esta pol\u00edtica se complementar\u00e1 bien con el plan para construir 50.000 viviendas, estas s\u00ed, todas en r\u00e9gimen protegido o directamente p\u00fablicas. Ahora bien, el plan para activar todo el suelo urbano no tiene plazo fijado, y podr\u00eda alargarse mucho m\u00e1s all\u00e1 de 2030, cuando en cambio Illa s\u00ed ha prometido que estar\u00e1n listos los 50.000 pisos en r\u00e9gimen de alquiler protegido.\n    <\/p>\n<p class=\"article-text\">\n        El president se ha referido tambi\u00e9n a la regulaci\u00f3n de los precios del alquiler, activos en las zonas tensionadas de Catalunya desde hace casi dos a\u00f1os y que han supuesto contenci\u00f3n de las rentas aunque no disminuciones, si se contemplan los inmuebles que se han fugado al mercado temporal. \u201cAlej\u00e9monos de dogmatismos y actuemos con determinaci\u00f3n: cuando el mercado no funciona hace falta intervenirlos, un mercado desregulado por s\u00ed solo no garantiza hoy el acceso a la vivienda\u201d, ha subrayado Illa en una de las defensas m\u00e1s contundentes que se le recuerdan sobre la regulaci\u00f3n de precios del alquiler.\n    <\/p>\n<p class=\"article-text\">\n        \u201cLa desigualdad hoy se llama acceso a la vivienda\u201d, ha considerado el president, que ha recordado que m\u00e1s de un tercio del gasto de las familias se dedica a pagar la vivienda y suministros. \u201cSi no resolvemos el acceso a la vivienda, ponemos en riesgo los avances sociales\u201d, ha dicho, en un discurso en el que puesto tambi\u00e9n el foco sobre temas como el agua y la energ\u00eda, Rodalies, la segurdiad, el cambio clim\u00e1tico o la lengua catalana.\n    <\/p>\n<p class=\"article-text\">\n        Este es el segundo debate de pol\u00edtica general que Illa encara como president y, igual que el a\u00f1o pasado, el jefe del Govern ha centrado la cuesti\u00f3n en la vivienda con un gran anuncio en la materia. Enfoc\u00e1ndose en uno de los problemas que m\u00e1s preocupan a la ciudadan\u00eda en Catalunya, Illa hace tambi\u00e9n un gui\u00f1o a sus socios de los Comuns, que han apostado la legislatura a los avances en materia de vivienda.\n    <\/p>\n<p class=\"article-text\">\n        Menos concreto ha sido el president en relaci\u00f3n con sus otros socios, ERC, tambi\u00e9n imprescindibles para sacar adelante el d\u00eda a d\u00eda del Govern. Los republicanos aprietan para que Illa sea exigente con la nueva financiaci\u00f3n de la Generalitat, que se est\u00e1 convirtiendo uno de los huesos duros en la relaci\u00f3n entre el Govern y la Moncloa.\n    <\/p>\n<p class=\"article-text\">\n        En su discurso, de algo m\u00e1s de una hora, Illa pr\u00e1cticamente ha obviado la cuesti\u00f3n de la financiaci\u00f3n. Se ha limitado a reclamar \u201cpaciencia\u201d y a reafirmar que cumplir\u00e1 todos los compromisos adquiridos con sus socios. Adem\u00e1s, ha citado a ERC y Comuns como sus aliados m\u00e1s importantes, a quienes les ha pedido adem\u00e1s que apoyen unas nuevas cuentas.\n    <\/p>\n<p>    <a href=\"https:\/\/www.eldiario.es\/catalunya\/salvador-illa-situa-vivienda-principal-foco-desigualdad-receta-construir-construir-contruir_1_12660345.html\" data-mrf-recirculation=\"saber-mas-abajo\" data-dl-event=\"saber-mas-abajo\" rel=\"nofollow noopener\" target=\"_blank\"><\/p>\n<p class=\"know-more__title\">Salvador Illa sit\u00faa la vivienda como el principal foco de desigualdad y receta \u201cconstruir, construir y construir\u201d<\/p>\n<p>            <img decoding=\"async\" class=\"lazy\" loading=\"lazy\" data-src=\"https:\/\/static.eldiario.es\/clip\/96f9e1b9-d9d5-42c4-b5bf-0fe52422092f_16-9-aspect-ratio_default_0.jpg\" src=\"data:image\/svg+xml,%3Csvg xmlns=\" http:=\"\" viewbox=\"0 0 880 495\" alt=\"Salvador Illa sit\u00faa la vivienda como el principal foco de desigualdad y receta &quot;construir, construir y construir&quot;\"\/><\/p>\n<p>                        <\/a><\/p>\n<p class=\"article-text\">\n        El debate de pol\u00edtica general servir\u00e1 para tomar el pulso la relaci\u00f3n de la entente que se ha convertido en el apoyo de Illa, mientras que Junts tambi\u00e9n reclama al PSC que apoye algunas de sus propuestas en el pleno e, incluso, voces internas valoran como opci\u00f3n que la formaci\u00f3n de Carles Puigdemont se siente a negociar unas cuentas.\n    <\/p>\n","protected":false},"excerpt":{"rendered":"Salvador Illa ha centrado en la vivienda el discurso con el que ha abierto el debate de pol\u00edtica&hellip;\n","protected":false},"author":2,"featured_media":161352,"comment_status":"","ping_status":"","sticky":false,"template":"","format":"standard","meta":{"footnotes":""},"categories":[5],"tags":[517,210,17,18,1980,95,25,24,13,14,11,1982,19,20,9,10,15,16,1981,952,23,12,21,22],"class_list":{"0":"post-161351","1":"post","2":"type-post","3":"status-publish","4":"format-standard","5":"has-post-thumbnail","7":"category-titulares","8":"tag-actualidad","9":"tag-barcelona","10":"tag-breaking-news","11":"tag-breakingnews","12":"tag-cataluna","13":"tag-economia","14":"tag-es","15":"tag-espana","16":"tag-featured-news","17":"tag-featurednews","18":"tag-headlines","19":"tag-ignacio-escolar","20":"tag-latest-news","21":"tag-latestnews","22":"tag-news","23":"tag-noticias","24":"tag-noticias-destacadas","25":"tag-noticiasdestacadas","26":"tag-periodismo-independiente","27":"tag-politica","28":"tag-spain","29":"tag-titulares","30":"tag-ultimas-noticias","31":"tag-ultimasnoticias"},"share_on_mastodon":{"url":"","error":""},"_links":{"self":[{"href":"https:\/\/www.europesays.com\/es\/wp-json\/wp\/v2\/posts\/161351","targetHints":{"allow":["GET"]}}],"collection":[{"href":"https:\/\/www.europesays.com\/es\/wp-json\/wp\/v2\/posts"}],"about":[{"href":"https:\/\/www.europesays.com\/es\/wp-json\/wp\/v2\/types\/post"}],"author":[{"embeddable":true,"href":"https:\/\/www.europesays.com\/es\/wp-json\/wp\/v2\/users\/2"}],"replies":[{"embeddable":true,"href":"https:\/\/www.europesays.com\/es\/wp-json\/wp\/v2\/comments?post=161351"}],"version-history":[{"count":0,"href":"https:\/\/www.europesays.com\/es\/wp-json\/wp\/v2\/posts\/161351\/revisions"}],"wp:featuredmedia":[{"embeddable":true,"href":"https:\/\/www.europesays.com\/es\/wp-json\/wp\/v2\/media\/161352"}],"wp:attachment":[{"href":"https:\/\/www.europesays.com\/es\/wp-json\/wp\/v2\/media?parent=161351"}],"wp:term":[{"taxonomy":"category","embeddable":true,"href":"https:\/\/www.europesays.com\/es\/wp-json\/wp\/v2\/categories?post=161351"},{"taxonomy":"post_tag","embeddable":true,"href":"https:\/\/www.europesays.com\/es\/wp-json\/wp\/v2\/tags?post=161351"}],"curies":[{"name":"wp","href":"https:\/\/api.w.org\/{rel}","templated":true}]}}