{"id":161355,"date":"2025-10-07T19:10:07","date_gmt":"2025-10-07T19:10:07","guid":{"rendered":"https:\/\/www.europesays.com\/es\/161355\/"},"modified":"2025-10-07T19:10:07","modified_gmt":"2025-10-07T19:10:07","slug":"todos-a-hombros-en-el-festival-de-lozoya","status":"publish","type":"post","link":"https:\/\/www.europesays.com\/es\/161355\/","title":{"rendered":"Todos a hombros en el Festival de Lozoya"},"content":{"rendered":"<p><strong>Victor Puerto, Sebasti\u00e1n Ritter, Diego Garc\u00eda, Alejandro Chicharro y Julio Aparicio <\/strong>a hombros en la localidad madrile\u00f1a de <strong>Lozoya<\/strong> tras cortar 10 orejas y 2 rabos\u00a0<\/p>\n<p>\u00a0<\/p>\n<p>Ficha 7 octubre de 2025.<\/p>\n<p>Plaza de Toros de <strong>Lozoya<\/strong> (Madrid). Tres cuartos de plaza en los tendidos. Festival sin picadores. Novillos de Eladio Vegas, bien presentados y manejables en general, al cuarto se le dio la vuelta al ruedo.<\/p>\n<p>\u00a0<\/p>\n<p><strong>V\u00edctor Puerto<\/strong>: 2 orejas<\/p>\n<p><strong>Sebasti\u00e1n Ritter<\/strong>: 2 y rabo<\/p>\n<p><strong>Diego Garc\u00eda<\/strong>: 2 orejas<\/p>\n<p><strong>Alejandro Chicharro<\/strong>: 2 y rabo<\/p>\n<p>El novillero <strong>Julio Aparicio<\/strong>: 2 orejas<\/p>\n<p>\u00a0<\/p>\n<p>Diego Garc\u00eda tuvo que ser atendido en la enfermer\u00eda por un corte en el dorso de la mano derecha que necesit\u00f3 de cinco puntos de sutura.<\/p>\n<p>Pronostico leve.<\/p>\n","protected":false},"excerpt":{"rendered":"Victor Puerto, Sebasti\u00e1n Ritter, Diego Garc\u00eda, Alejandro Chicharro y Julio Aparicio a hombros en la localidad madrile\u00f1a de&hellip;\n","protected":false},"author":2,"featured_media":161356,"comment_status":"","ping_status":"","sticky":false,"template":"","format":"standard","meta":{"footnotes":""},"categories":[277],"tags":[373,168,25,24,23,167,374],"class_list":{"0":"post-161355","1":"post","2":"type-post","3":"status-publish","4":"format-standard","5":"has-post-thumbnail","7":"category-toreo","8":"tag-bullfighting","9":"tag-deportes","10":"tag-es","11":"tag-espana","12":"tag-spain","13":"tag-sports","14":"tag-toreo"},"share_on_mastodon":{"url":"","error":""},"_links":{"self":[{"href":"https:\/\/www.europesays.com\/es\/wp-json\/wp\/v2\/posts\/161355","targetHints":{"allow":["GET"]}}],"collection":[{"href":"https:\/\/www.europesays.com\/es\/wp-json\/wp\/v2\/posts"}],"about":[{"href":"https:\/\/www.europesays.com\/es\/wp-json\/wp\/v2\/types\/post"}],"author":[{"embeddable":true,"href":"https:\/\/www.europesays.com\/es\/wp-json\/wp\/v2\/users\/2"}],"replies":[{"embeddable":true,"href":"https:\/\/www.europesays.com\/es\/wp-json\/wp\/v2\/comments?post=161355"}],"version-history":[{"count":0,"href":"https:\/\/www.europesays.com\/es\/wp-json\/wp\/v2\/posts\/161355\/revisions"}],"wp:featuredmedia":[{"embeddable":true,"href":"https:\/\/www.europesays.com\/es\/wp-json\/wp\/v2\/media\/161356"}],"wp:attachment":[{"href":"https:\/\/www.europesays.com\/es\/wp-json\/wp\/v2\/media?parent=161355"}],"wp:term":[{"taxonomy":"category","embeddable":true,"href":"https:\/\/www.europesays.com\/es\/wp-json\/wp\/v2\/categories?post=161355"},{"taxonomy":"post_tag","embeddable":true,"href":"https:\/\/www.europesays.com\/es\/wp-json\/wp\/v2\/tags?post=161355"}],"curies":[{"name":"wp","href":"https:\/\/api.w.org\/{rel}","templated":true}]}}