{"id":161359,"date":"2025-10-07T19:15:15","date_gmt":"2025-10-07T19:15:15","guid":{"rendered":"https:\/\/www.europesays.com\/es\/161359\/"},"modified":"2025-10-07T19:15:15","modified_gmt":"2025-10-07T19:15:15","slug":"franco-colapinto-termino-16-y-russell-se-quedo-con-el-gran-premio-de-singapur","status":"publish","type":"post","link":"https:\/\/www.europesays.com\/es\/161359\/","title":{"rendered":"Franco Colapinto termin\u00f3 16\u00b0 y Russell se qued\u00f3 con el Gran Premio de Singapur"},"content":{"rendered":"\n<p>      5 de octubre 2025 &#8211; 11:15<\/p>\n<p class=\"ignore-parser\">Tras un buen arranque en tierras asi\u00e1ticas, el piloto pilarense de Alpine no pudo alcanzar sus primeros puntos en la competencia.<\/p>\n<p>      <img decoding=\"async\" src=\"https:\/\/www.europesays.com\/es\/wp-content\/uploads\/2025\/10\/colapintova.jpg\" class=\"detail-highlighted-multimedia__figure-img img-fluid\" alt=\"Franco Colapinto intent\u00f3, pero no pudo alcanzar sus primeros puntos\" width=\"655\" height=\"368\" crossorigin=\"anonymous\" fetchpriority=\"high\" decode=\"async\"\/>    Foto: AP   <\/p>\n<p data-start=\"83\" data-end=\"471\"><a href=\"https:\/\/www.ambito.com\/deportes\/formula-1-franco-colapinto-termino-16-y-russell-se-quedo-el-gran-premio-singapur-n6198317\" target=\"_blank\" rel=\"follow nofollow noopener\">La F\u00f3rmula 1 tuvo una nueva cita en las calles de Marina Bay<\/a>, donde el ganador, <strong>George Russell<\/strong> domin\u00f3 con autoridad de principio a fin, logrando una victoria incuestionable arriba de su <strong>Mercedes<\/strong>.<\/p>\n<p> El contenido al que quiere acceder es exclusivo para suscriptores.<\/p>\n<p>   suscribirse   ya estoy suscripto  <\/p>\n<p data-start=\"83\" data-end=\"471\"><strong data-start=\"241\" data-end=\"261\">Franco Colapinto<\/strong> protagoniz\u00f3 una <strong data-start=\"278\" data-end=\"303\">largada sobresaliente<\/strong>, escalando tres posiciones para ubicarse 13\u00b0, aunque una <strong data-start=\"361\" data-end=\"389\">parada temprana en boxes<\/strong> condicion\u00f3 su estrategia y lo releg\u00f3 en el tramo final hasta el <strong data-start=\"454\" data-end=\"468\">16\u00b0 puesto<\/strong>.<\/p>\n<p>\t\t\tInformate m\u00e1s\t\t\t\t\t\t\t\t\t\t<a href=\"https:\/\/www.ambito.com\/deportes\/formula-1-franco-colapinto-resistio-todo-pero-la-estrategia-no-alcanzo-y-se-quedo-las-manos-vacias-singapur-n6198493\" target=\"\" title=\"\u00e1mbito.com | Colapinto, tras el GP de Singapur: Le pongo mucha garra pero no sale nada\" alt=\"\u00e1mbito.com | Colapinto, tras el GP de Singapur: Le pongo mucha garra pero no sale nada\" rel=\"noindex nofollow noreferrer noopener\"><br \/>\n\t\t\t\t\t\t\t\t\t\t\t<img loading=\"lazy\" decoding=\"async\" src=\"https:\/\/www.ambito.com\/css-custom\/239\/lazy.svg\" data-td-src-property=\"https:\/\/media.ambito.com\/p\/4001c4edf691b8652648c592ff249e06\/adjuntos\/239\/imagenes\/042\/738\/0042738249\/franco-colapinto-boxesjpg.jpg\" alt=\"Franco Colapinto intent\u00f3 sumar puntos, pero no pudo en Singapur\" title=\"Franco Colapinto intent\u00f3 sumar puntos, pero no pudo en Singapur\" width=\"93\" height=\"52\" class=\"news-article__figure-img figure-img img-fluid\"\/>\t\t<\/a>\t\t\t\t\t\t\t\t\t\t\t\t<a href=\"https:\/\/www.ambito.com\/deportes\/franco-colapinto-y-su-impresionante-largada-el-gran-premio-singapur-formula-1-n6198509\" target=\"\" title=\"\u00e1mbito.com | Colapinto y su impresionante largada en el GP de Singapur de F\u00f3rmula 1\" alt=\"\u00e1mbito.com | Colapinto y su impresionante largada en el GP de Singapur de F\u00f3rmula 1\" rel=\"noindex nofollow noreferrer noopener\"><br \/>\n\t\t\t\t\t\t\t\t\t\t\t<img loading=\"lazy\" decoding=\"async\" src=\"https:\/\/www.ambito.com\/css-custom\/239\/lazy.svg\" data-td-src-property=\"https:\/\/media.ambito.com\/p\/7fbfbe3c848a1e0fdbd8e2cee83555e1\/adjuntos\/239\/imagenes\/042\/826\/0042826350\/93x52\/smart\/captura-largada-colapinto-singapur.jpg\" alt=\"Como en 2024, Colapinto tuvo una largada impresionante en el GP de Singapur.\" title=\"Como en 2024, Colapinto tuvo una largada impresionante en el GP de Singapur.\" width=\"93\" height=\"52\" class=\"news-article__figure-img figure-img img-fluid\"\/>  <\/a>\t\t\t\t\t\t\t\t <\/p>\n<p> russell   <\/p>\n<p>  <img decoding=\"async\" src=\"https:\/\/www.ambito.com\/css-custom\/239\/lazy.svg\" data-td-src-property=\"https:\/\/media.ambito.com\/p\/5e1a45cb076641b7a1de261f61716d52\/adjuntos\/239\/imagenes\/042\/826\/0042826278\/730x0\/smart\/russell.jpg\" alt=\"Russell domin\u00f3 de principio a fin en Singapur.\" title=\"Russell domin\u00f3 de principio a fin en Singapur.\" width=\"730\" height=\"undefined\" id=\"8135815-Libre-235632039_embed\"\/>  <\/p>\n<p> Russell domin\u00f3 de principio a fin en Singapur.<\/p>\n<p data-start=\"473\" data-end=\"865\"> <strong data-start=\"473\" data-end=\"491\">Max Verstappen<\/strong> se mantuvo firme en el segundo lugar y acort\u00f3 diferencias en la lucha por el campeonato. <strong data-start=\"581\" data-end=\"597\">Lando Norris<\/strong> complet\u00f3 el podio, seguido por <strong data-start=\"629\" data-end=\"646\">Oscar Piastri<\/strong>, en una actuaci\u00f3n que permiti\u00f3 a <strong data-start=\"680\" data-end=\"691\">McLaren<\/strong> consagrarse <strong data-start=\"704\" data-end=\"747\" data-is-only-node=\"\">campe\u00f3n del Campeonato de Constructores<\/strong> con seis fechas de anticipaci\u00f3n. El equipo de Woking revalid\u00f3 as\u00ed su t\u00edtulo 2024, consolidando una racha hist\u00f3rica.<\/p>\n<p>  Franco Colapinto termin\u00f3 16\u00b0 y Russell se qued\u00f3 con el Gran Premio de Singapur <\/p>\n<p data-start=\"867\" data-end=\"1194\"><strong>Colapinto <\/strong>apost\u00f3 por una estrategia agresiva al detenerse en la vuelta 15 para montar neum\u00e1ticos medios. Aunque inicialmente recort\u00f3 terreno, el <strong data-start=\"1012\" data-end=\"1037\">desgaste de las gomas<\/strong> le impidi\u00f3 sostener el ritmo y debi\u00f3 defenderse con un auto inestable en las \u00faltimas vueltas. Su compa\u00f1ero de <strong>Alpine<\/strong>, <strong data-start=\"1146\" data-end=\"1162\">Pierre Gasly<\/strong>, finaliz\u00f3 en el \u00faltimo lugar.<\/p>\n<p data-start=\"1196\" data-end=\"1358\" data-is-last-node=\"\" data-is-only-node=\"\">El argentino volvi\u00f3 a mostrar su talento y capacidad en las salidas, aunque la estrategia y el desgaste le jugaron en contra en un trazado exigente como Singapur.<\/p>\n","protected":false},"excerpt":{"rendered":"5 de octubre 2025 &#8211; 11:15 Tras un buen arranque en tierras asi\u00e1ticas, el piloto pilarense de Alpine&hellip;\n","protected":false},"author":2,"featured_media":161360,"comment_status":"","ping_status":"","sticky":false,"template":"","format":"standard","meta":{"footnotes":""},"categories":[270],"tags":[168,25,24,306,271,272,23,167],"class_list":{"0":"post-161359","1":"post","2":"type-post","3":"status-publish","4":"format-standard","5":"has-post-thumbnail","7":"category-formula-1","8":"tag-deportes","9":"tag-es","10":"tag-espana","11":"tag-f1","12":"tag-formula-1","13":"tag-formula1","14":"tag-spain","15":"tag-sports"},"share_on_mastodon":{"url":"","error":""},"_links":{"self":[{"href":"https:\/\/www.europesays.com\/es\/wp-json\/wp\/v2\/posts\/161359","targetHints":{"allow":["GET"]}}],"collection":[{"href":"https:\/\/www.europesays.com\/es\/wp-json\/wp\/v2\/posts"}],"about":[{"href":"https:\/\/www.europesays.com\/es\/wp-json\/wp\/v2\/types\/post"}],"author":[{"embeddable":true,"href":"https:\/\/www.europesays.com\/es\/wp-json\/wp\/v2\/users\/2"}],"replies":[{"embeddable":true,"href":"https:\/\/www.europesays.com\/es\/wp-json\/wp\/v2\/comments?post=161359"}],"version-history":[{"count":0,"href":"https:\/\/www.europesays.com\/es\/wp-json\/wp\/v2\/posts\/161359\/revisions"}],"wp:featuredmedia":[{"embeddable":true,"href":"https:\/\/www.europesays.com\/es\/wp-json\/wp\/v2\/media\/161360"}],"wp:attachment":[{"href":"https:\/\/www.europesays.com\/es\/wp-json\/wp\/v2\/media?parent=161359"}],"wp:term":[{"taxonomy":"category","embeddable":true,"href":"https:\/\/www.europesays.com\/es\/wp-json\/wp\/v2\/categories?post=161359"},{"taxonomy":"post_tag","embeddable":true,"href":"https:\/\/www.europesays.com\/es\/wp-json\/wp\/v2\/tags?post=161359"}],"curies":[{"name":"wp","href":"https:\/\/api.w.org\/{rel}","templated":true}]}}