{"id":161361,"date":"2025-10-07T19:17:16","date_gmt":"2025-10-07T19:17:16","guid":{"rendered":"https:\/\/www.europesays.com\/es\/161361\/"},"modified":"2025-10-07T19:17:16","modified_gmt":"2025-10-07T19:17:16","slug":"laporta-se-muestra-optimista-antes-del-choque-contra-el-psg-mundo-deportivo","status":"publish","type":"post","link":"https:\/\/www.europesays.com\/es\/161361\/","title":{"rendered":"Laporta se muestra optimista antes del choque contra el PSG &#8211; Mundo Deportivo"},"content":{"rendered":"<ol>\n<li><a href=\"https:\/\/news.google.com\/rss\/articles\/CBMisgFBVV95cUxNVnZmcDRsamJMOWFGTmZEdW9lYmpEbVhQLWxxNWpJX0MwSnJ0ZGxiWVVoUlBNaUttTjZMRXJ5NU11TmktUDd2c0U2dDhpUHFQbEg2dmtIX2stWWcxT0tCTVNWODVBWEd6VXZJRWlkQ0xoWGdNMUhwci1hZzNOenQzdm4wMXg4a2QxV29UMUhvN3RkRktmSlZQLUlMeUh1R2lPdlozcXpSTXktbHRpMUFjczJR0gG_AUFVX3lxTE1Cb3FUdGUzUG1mVnU1SGQzZE51R0g1NTZzQXM1T1dOTDJHNnRFdENDLXhOSjNjdF93YzJjZVZzdHhqLS1JR2FfSS1yWEJLZXBLU0dZR0pETEp0MTNDR0Z5ZVY3LURtbkZkVGxvNS1xdjBGNkFscThFdkNGcElnb0lIQ0VuYUVOTjhhdzB3N2tnLXpEd3ZEVWpUVV9reVRUQzFWTU44MXpoVE1DMW1PcGNYUkZVcTRBbDZTTXAxazBn?oc=5\" target=\"_blank\" rel=\"nofollow noopener\">Laporta se muestra optimista antes del choque contra el PSG<\/a>&nbsp;&nbsp;Mundo Deportivo<\/li>\n<li><a href=\"https:\/\/news.google.com\/rss\/articles\/CBMihgFBVV95cUxNLUU0amxqOEd3OUhVdkVOMXlja2locnhPVjlsRHo3QzdWSHNvcHctblg5WFZEdWkyUm05dXBfREpJY2ZIQnBkR0FqODk2MjlZak5ub2NCbVhtVTRXMmNBSW83V3J4NVA5ODBFQ3o0U2NxeGVrTzliel82dWtZdmFSZW5zemoyZw?oc=5\" target=\"_blank\" rel=\"nofollow noopener\">25 a\u00f1os odiando a Luis Figo: \u00abNunca se explic\u00f3 ante la afici\u00f3n del Bar\u00e7a y fue soberbio. Es el traidor de nuestra historia\u00bb<\/a>&nbsp;&nbsp;El Mundo<\/li>\n<li><a href=\"https:\/\/news.google.com\/rss\/articles\/CBMiuAFBVV95cUxNTDVHMjRQeUw0czUwTXdpMnNxeFhLTW9OQkk0M2p5a2JydnpFNWdpSTJibElVWU84TUxPUnJiVlNSY294WE1RRTFONlVNUkUzanZJc1M0TlRBbUVrUXpJRFpXbWE0QUpWMTZIYkxaV1VnVjJpbGEtZnRhbk1rX192WmswVlRsUGxHU1FGX0Q0VHhrSHVkNHF0RHFHTEk4TTQwN3ViQzNQYXNHVkRpblJsYld0MHRlWnU0?oc=5\" target=\"_blank\" rel=\"nofollow noopener\">Figo vuelve al palco del Bar\u00e7a, donde coincidir\u00e1 con Gaspart: \u00abNo lo olvido y no lo saludar\u00e9\u00bb<\/a>&nbsp;&nbsp;El Confidencial<\/li>\n<li><a href=\"https:\/\/news.google.com\/rss\/articles\/CBMilwFBVV95cUxPRTB4Q2VieWFHekR2UExBb3ZQY2pFT1hXUUVDQm0zRXgxRDNwemNoaUdLbkx4MWZPTmJKanZYUGVsV0o1SHl6ZTNySENMTHNXaW9MdG8xNzhBa2NWQVBBc1FtMkpVNDg2QU9TOXdFMkZoZENlY1BMV3YxOWtDQmRjLXRVd0FBRGY5VGU0ZnRENk1JM0d0VW80?oc=5\" target=\"_blank\" rel=\"nofollow noopener\">La UEFA demostr\u00f3 qui\u00e9n manda<\/a>&nbsp;&nbsp;MSN<\/li>\n<li><a href=\"https:\/\/news.google.com\/rss\/articles\/CBMilwFBVV95cUxNekJCV0hTVG51dkNyYmJiRlpCZjVCaVN0bmpITjhRUTRIQVlhb1hVQXJGY1p6S1FYZGkzNlJOa1FDOGEwNjZ1UF9SWWhmUWFtcEVxZEhjd1ctQk00Nlc3LTl0TXMwdnpKWTFhdmNiN0pYOHREWF82eUY4RXpMSTZTbkk1U0o1SHNWakc3OVJsQkZ5aTZiOXJV?oc=5\" target=\"_blank\" rel=\"nofollow noopener\">Bienvenido Ceferin<\/a>&nbsp;&nbsp;La Vanguardia<\/li>\n<\/ol>\n","protected":false},"excerpt":{"rendered":"Laporta se muestra optimista antes del choque contra el PSG&nbsp;&nbsp;Mundo Deportivo 25 a\u00f1os odiando a Luis Figo: \u00abNunca&hellip;\n","protected":false},"author":2,"featured_media":161362,"comment_status":"","ping_status":"","sticky":false,"template":"","format":"standard","meta":{"footnotes":""},"categories":[268],"tags":[168,25,24,280,282,281,23,167],"class_list":{"0":"post-161361","1":"post","2":"type-post","3":"status-publish","4":"format-standard","5":"has-post-thumbnail","7":"category-futbol","8":"tag-deportes","9":"tag-es","10":"tag-espana","11":"tag-football","12":"tag-futbol","13":"tag-soccer","14":"tag-spain","15":"tag-sports"},"share_on_mastodon":{"url":"","error":""},"_links":{"self":[{"href":"https:\/\/www.europesays.com\/es\/wp-json\/wp\/v2\/posts\/161361","targetHints":{"allow":["GET"]}}],"collection":[{"href":"https:\/\/www.europesays.com\/es\/wp-json\/wp\/v2\/posts"}],"about":[{"href":"https:\/\/www.europesays.com\/es\/wp-json\/wp\/v2\/types\/post"}],"author":[{"embeddable":true,"href":"https:\/\/www.europesays.com\/es\/wp-json\/wp\/v2\/users\/2"}],"replies":[{"embeddable":true,"href":"https:\/\/www.europesays.com\/es\/wp-json\/wp\/v2\/comments?post=161361"}],"version-history":[{"count":0,"href":"https:\/\/www.europesays.com\/es\/wp-json\/wp\/v2\/posts\/161361\/revisions"}],"wp:featuredmedia":[{"embeddable":true,"href":"https:\/\/www.europesays.com\/es\/wp-json\/wp\/v2\/media\/161362"}],"wp:attachment":[{"href":"https:\/\/www.europesays.com\/es\/wp-json\/wp\/v2\/media?parent=161361"}],"wp:term":[{"taxonomy":"category","embeddable":true,"href":"https:\/\/www.europesays.com\/es\/wp-json\/wp\/v2\/categories?post=161361"},{"taxonomy":"post_tag","embeddable":true,"href":"https:\/\/www.europesays.com\/es\/wp-json\/wp\/v2\/tags?post=161361"}],"curies":[{"name":"wp","href":"https:\/\/api.w.org\/{rel}","templated":true}]}}