{"id":161381,"date":"2025-10-07T19:30:08","date_gmt":"2025-10-07T19:30:08","guid":{"rendered":"https:\/\/www.europesays.com\/es\/161381\/"},"modified":"2025-10-07T19:30:08","modified_gmt":"2025-10-07T19:30:08","slug":"el-congreso-vota-hoy-el-embargo-de-armas-a-israel-mientras-siguen-las-negociaciones-sobre-el-fin-de-la-guerra-en-gaza-el-pais-expres","status":"publish","type":"post","link":"https:\/\/www.europesays.com\/es\/161381\/","title":{"rendered":"El Congreso vota hoy el embargo de armas a Israel (mientras siguen las negociaciones sobre el fin de la guerra en Gaza) | El PA\u00cdS Expr\u00e9s"},"content":{"rendered":"<p><img fetchpriority=\"high\" decoding=\"auto\" class=\"_re  a_m-h\" height=\"414\"  width=\"414\"  src=\"https:\/\/www.europesays.com\/es\/wp-content\/uploads\/2025\/10\/TIDELKOUNNEFVE5LFINITW5EXQ.jpg\" loading=\"eager\"\/>Varios diputados de Sumar muestran camisetas a favor de Palestina, durante una sesi\u00f3n plenaria, en el Congreso de los Diputados, a 7 de octubre de 2025, en Madrid (Espa\u00f1a). El Pleno del Congreso debate y vota hoy la Iniciativa Legislativa Popular (ILP) promovida para acabar con el blindaje legal de la tauromaquia y dejar de considerarla patrimonio cultural, un texto que recab\u00f3 m\u00e1s de 700.000 firmas de ciudadanos y que cuenta con el respaldo de buena parte de los socios parlamentarios del PSOE. Los promotores de esta iniciativa ciudadana &#8216;No es mi cultura&#8217;, que representan a unas 200 asociaciones animalistas, entregaron el pasado mes de febrero en el Congreso un total de 715.606 firmas para instar a la derogaci\u00f3n de la Ley 18\/2013, que delimita la tauromaquia como parte del patrimonio cultural digno de protecci\u00f3n en todo el territorio nacional.&#13;<br \/>\n07 OCTUBRE 2025;SESI\u00d3N PLENARIA;PLENO;ILP;MINISTROS;DIPUTADOS;POL\u00cdTICOS;&#13;<br \/>\nRicardo Rubio \/ Europa Press&#13;<br \/>\n07\/10\/2025FOTO: Ricardo Rubio (Europa Press)<\/p>\n<p class=\"\">El Congreso de los Diputados vota este mi\u00e9rcoles el embargo de armas a Israel que aprob\u00f3 el Consejo de Ministros hace dos semanas. <\/p>\n<ul>\n<li>La medida, muy criticada por Podemos, se debati\u00f3 este martes, pero la votaci\u00f3n fue aplazada para evitar el aniversario del ataque de Ham\u00e1s.<\/li>\n<\/ul>\n<p class=\"\"><b>Y no tiene los apoyos garantizados para salir adelante. <\/b>La portavoz de Podemos, Ione Belarra, asegura que \u201cEspa\u00f1a ha comprado y vendido m\u00e1s armas que nunca en pleno genocidio con Israel\u201d y se\u00f1ala el embargo como un \u201cenga\u00f1o para darle un titular a S\u00e1nchez\u201d.<\/p>\n<p class=\"\"><b>Mientras, siguen las negociaciones entre Israel y Ham\u00e1s.<\/b> Esta semana, Egipto est\u00e1 siendo escenario de reuniones indirectas para poner fin a la guerra en Gaza despu\u00e9s de que ambas partes aceptaran el grueso del plan del presidente estadounidense Donald Trump.<\/p>\n<p class=\"\"><b>Y una espa\u00f1ola de la flotilla sigue recluida.<\/b> La activista Reyes Rigo es la \u00fanica activista de la flotilla que no ha regresado a Espa\u00f1a.<\/p>\n<ul>\n<li>Israel mantiene su arresto por un supuesto mordisco a una sanitaria israel\u00ed cuando la estaba atendiendo.<\/li>\n<li>Pero el resto de activistas pone en duda esta versi\u00f3n y asegura que Rigo fue v\u00edctima de gran violencia ese mismo d\u00eda, en el que los funcionarios de la c\u00e1rcel israel\u00ed llegaron a sacarla de una celda arrastr\u00e1ndola por el pelo.<\/li>\n<\/ul>\n<p class=\"\">\u00a9Foto: Ricardo Rubio (Europa Press)<\/p>\n<p class=\"\">Si quieres saber m\u00e1s, puedes leer aqu\u00ed.<\/p>\n","protected":false},"excerpt":{"rendered":"Varios diputados de Sumar muestran camisetas a favor de Palestina, durante una sesi\u00f3n plenaria, en el Congreso de&hellip;\n","protected":false},"author":2,"featured_media":161382,"comment_status":"","ping_status":"","sticky":false,"template":"","format":"standard","meta":{"footnotes":""},"categories":[8],"tags":[17,18,352,25,24,13,14,73,69,11,74,19,20,10729,9,10,15,16,23,12,21,22],"class_list":{"0":"post-161381","1":"post","2":"type-post","3":"status-publish","4":"format-standard","5":"has-post-thumbnail","7":"category-espana","8":"tag-breaking-news","9":"tag-breakingnews","10":"tag-donald-trump","11":"tag-es","12":"tag-espana","13":"tag-featured-news","14":"tag-featurednews","15":"tag-franja-gaza","16":"tag-guerra","17":"tag-headlines","18":"tag-israel","19":"tag-latest-news","20":"tag-latestnews","21":"tag-negociaciones-paz","22":"tag-news","23":"tag-noticias","24":"tag-noticias-destacadas","25":"tag-noticiasdestacadas","26":"tag-spain","27":"tag-titulares","28":"tag-ultimas-noticias","29":"tag-ultimasnoticias"},"share_on_mastodon":{"url":"","error":""},"_links":{"self":[{"href":"https:\/\/www.europesays.com\/es\/wp-json\/wp\/v2\/posts\/161381","targetHints":{"allow":["GET"]}}],"collection":[{"href":"https:\/\/www.europesays.com\/es\/wp-json\/wp\/v2\/posts"}],"about":[{"href":"https:\/\/www.europesays.com\/es\/wp-json\/wp\/v2\/types\/post"}],"author":[{"embeddable":true,"href":"https:\/\/www.europesays.com\/es\/wp-json\/wp\/v2\/users\/2"}],"replies":[{"embeddable":true,"href":"https:\/\/www.europesays.com\/es\/wp-json\/wp\/v2\/comments?post=161381"}],"version-history":[{"count":0,"href":"https:\/\/www.europesays.com\/es\/wp-json\/wp\/v2\/posts\/161381\/revisions"}],"wp:featuredmedia":[{"embeddable":true,"href":"https:\/\/www.europesays.com\/es\/wp-json\/wp\/v2\/media\/161382"}],"wp:attachment":[{"href":"https:\/\/www.europesays.com\/es\/wp-json\/wp\/v2\/media?parent=161381"}],"wp:term":[{"taxonomy":"category","embeddable":true,"href":"https:\/\/www.europesays.com\/es\/wp-json\/wp\/v2\/categories?post=161381"},{"taxonomy":"post_tag","embeddable":true,"href":"https:\/\/www.europesays.com\/es\/wp-json\/wp\/v2\/tags?post=161381"}],"curies":[{"name":"wp","href":"https:\/\/api.w.org\/{rel}","templated":true}]}}