{"id":161393,"date":"2025-10-07T19:41:18","date_gmt":"2025-10-07T19:41:18","guid":{"rendered":"https:\/\/www.europesays.com\/es\/161393\/"},"modified":"2025-10-07T19:41:18","modified_gmt":"2025-10-07T19:41:18","slug":"asi-se-acerca-la-monarquia-espanola-a-la-generacion-z","status":"publish","type":"post","link":"https:\/\/www.europesays.com\/es\/161393\/","title":{"rendered":"as\u00ed se acerca la monarqu\u00eda espa\u00f1ola a la Generaci\u00f3n Z"},"content":{"rendered":"<p class=\"paragraph\" id=\"paragraph_1\">La Red de Estudio de las Monarqu\u00edas Contempor\u00e1neas (REMCO) present\u00f3 unos meses atr\u00e1s un informe titulado<strong> La juventud dialoga sobre la monarqu\u00eda<\/strong>. Entre los diferentes aspectos que abord\u00f3 la investigaci\u00f3n destac\u00f3 la desafecci\u00f3n que los j\u00f3venes sienten hacia la instituci\u00f3n. <strong>\u00abTienen poca confianza en la monarqu\u00eda. S\u00f3lo los mayores de 64 a\u00f1os lo hacen\u00bb<\/strong>, apostill\u00f3 Antonia Mart\u00ednez, catedr\u00e1tica de Ciencia Pol\u00edtica de la Universidad de Murcia.<\/p>\n<p class=\"paragraph\" id=\"paragraph_2\">Uno de los \u00e1mbitos en los que m\u00e1s incide este sector de la poblaci\u00f3n es en la falta de adaptaci\u00f3n por parte de la Corona al nuevo paradigma social y cultural. Una realidad que <strong>Casa Real<\/strong> ataj\u00f3 poco m\u00e1s de un a\u00f1o atr\u00e1s. En junio de 2024, cabe recordar, <a href=\"https:\/\/www.elespanol.com\/corazon\/casas-reales\/20250619\/instagram-casa-real-ano-despues-estreno-selfies-post-excepcional-importancia-videos\/1003743812550_0.html?utm_cmp_rs=linksinline\" rel=\"nofollow noopener\" target=\"_blank\"><strong>su perfil de Instagram oficial<\/strong><\/a> fue finalmente abierto.<\/p>\n<p class=\"paragraph\" id=\"paragraph_3\">Desde su estreno, se asever\u00f3 que no se trata de un perfil personal. As\u00ed, buena parte de los m\u00e1s de 500 posts que componen el Instagram de Casa Real tienen <strong>un car\u00e1cter institucional<\/strong>. No obstante, en ciertas ocasiones, dejan paso a publicaciones un tanto m\u00e1s cercanas y familiares.<\/p>\n<p><img loading=\"lazy\" decoding=\"async\" alt=\"Bad Gyal en su concierto de Madrid, abril 2024. Foto: Ricardo Rubio \/ Europa Press\" height=\"180\" src=\"https:\/\/www.europesays.com\/es\/wp-content\/uploads\/2025\/10\/894171270_250093886_320x180.jpg\" width=\"320\" data-lazy-status=\"processed\" data-lazy-info=\"remove loading item 1\"\/><\/p>\n<p class=\"paragraph\" id=\"paragraph_4\">Este pasado lunes, 29 de septiembre, la cantante <a href=\"https:\/\/www.elespanol.com\/corazon\/famosos\/20250815\/nueva-aitana-gira-estadios-espana-prepara-conquistar-latinoamerica\/1003743884091_0.html?utm_cmp_rs=linksinline\" rel=\"nofollow noopener\" target=\"_blank\"><strong>Aitana<\/strong><\/a> (26 a\u00f1os) fue galardonada con un Premio Vanguardia en una gala presidida en Barcelona por el <a href=\"https:\/\/www.elespanol.com\/corazon\/casas-reales\/20250926\/reyes-felipe-vi-letizia-padres-orgullosos-esperado-debut-leonor-princesa-viana\/1003743942322_0.html?utm_cmp_rs=linksinline\" rel=\"nofollow noopener\" target=\"_blank\"><strong>rey Felipe VI<\/strong><\/a> (57). La artista, as\u00ed, sumaba otro importante reconocimiento a su carrera profesional. Un destacado momento que la catalana quiso inmortalizar <strong>a golpe de selfie<\/strong>.<\/p>\n<p class=\"paragraph\" id=\"paragraph_5\">Oca\u00f1a, cual fan, retrataba el inolvidable instante vivido con el monarca con su tel\u00e9fono personal. <strong>\u00abHe conocido al Rey por primera vez. \u00a1Qu\u00e9 maj\u00edsimo!\u00bb<\/strong>, escrib\u00eda Aitana en su perfil de Instagram junto a la fotograf\u00eda en la que se muestra acompa\u00f1ada del soberano.<\/p>\n<p class=\"paragraph\" id=\"paragraph_6\">No era la subcampeona de Operaci\u00f3n Triunfo 2017 la \u00fanica que hac\u00eda uso de sus redes sociales para compartir <strong>el memorable selfie<\/strong>. Casa Real, al mismo tiempo, se hac\u00eda eco de la fotograf\u00eda, colocando la imagen del rey Felipe VI y Aitana en el inicio de un extenso carrusel de im\u00e1genes.<\/p>\n<p class=\"paragraph\" id=\"paragraph_7\">Al cierre de este art\u00edculo, el selfie entre el jefe del Estado y la cantante de Vas a quedarte cuenta ya con <strong>m\u00e1s de 70.000 likes<\/strong>. Una cifra que no\u00a0es balad\u00ed, pues la media de me gustas en las publicaciones de Casa Real se sit\u00faa en torno a los 20.000. La foto, en esta l\u00ednea, podr\u00eda entenderse como un acierto. De hecho, as\u00ed lo asegura Ana Polo, experta en realeza, a <a href=\"https:\/\/www.elespanol.com\/?utm_cmp_rs=linksinline\" target=\"_blank\" rel=\"nofollow noopener\"><strong>EL ESPA\u00d1OL<\/strong><\/a>.<\/p>\n<p><img decoding=\"async\" alt=\"Aitana y el rey Felipe VI, en una imagen compartida en el perfil de la artista.\" data-imgm=\"true\" height=\"180\" loading=\"lazy\"  src=\"https:\/\/www.europesays.com\/es\/wp-content\/uploads\/2025\/10\/1003743947136_259070973_1024x576.jpg\"  width=\"320\"\/><\/p>\n<p>                                                            Aitana y el rey Felipe VI, en una imagen compartida en el perfil de la artista.<\/p>\n<p>                    Instagram<\/p>\n<p class=\"paragraph\" id=\"paragraph_8\"><strong>\u00abEs una imagen simp\u00e1tica y divertida\u00bb<\/strong>, asevera Polo en una conversaci\u00f3n con este peri\u00f3dico. En esta l\u00ednea, asevera la experta que el selfie del hijo del em\u00e9rito Juan Carlos I (87) junto a Aitana Oca\u00f1a se entiende como <strong>una manera de acercarse a la Generaci\u00f3n Z<\/strong>. Un p\u00fablico que -en base a los datos ya explicados- muestra fuerte desafecci\u00f3n ante la monarqu\u00eda.<\/p>\n<p class=\"paragraph\" id=\"paragraph_9\"><strong>\u00abAitana es un icono para muchas personas y subir una foto as\u00ed les lleva a estar m\u00e1s pr\u00f3ximos a un p\u00fablico que es muy esquivo y se mueve estrictamente en redes sociales como TikTok o Instagram\u00bb<\/strong>, sostiene la experta en realeza a este medio.<\/p>\n<p class=\"paragraph\" id=\"paragraph_10\">Cabe puntualizar que Aitana Oca\u00f1a es una de las artistas femeninas m\u00e1s escuchadas de Espa\u00f1a en los \u00faltimos a\u00f1os. A d\u00eda de hoy, atesora cerca de <strong>12.000.000 de oyentes mensuales en la plataforma de Spotify<\/strong> y recientemente ha colgado el cartel de sold out en varios estadios de f\u00fatbol del pa\u00eds.<\/p>\n<p><img decoding=\"async\" alt=\"La cantante Bad Gyal, junto a los reyes Felipe VI y Letizia, en un evento realizado en septiembre de 2023.\" data-imgm=\"true\" height=\"180\" loading=\"lazy\"  src=\"https:\/\/www.europesays.com\/es\/wp-content\/uploads\/2025\/10\/1003743948271_259086018_1024x576.jpg\"  width=\"320\"\/><\/p>\n<p>                                                            La cantante Bad Gyal, junto a los reyes Felipe VI y Letizia, en un evento realizado en septiembre de 2023.<\/p>\n<p>                    Gtres<\/p>\n<p class=\"paragraph\" id=\"paragraph_11\">Muy pr\u00f3xima en cifras a la expareja de Miguel Bernardeu (28) se encuentra <a href=\"https:\/\/www.elespanol.com\/el-cultural\/escenarios\/musica\/20241024\/bad-gyal-joyita-mucha-tierra-conquisto-industria-musical-ritmo-dancehall\/894161008_0.html?utm_cmp_rs=linksinline\" rel=\"nofollow noopener\" target=\"_blank\"><strong>Bad Gyal<\/strong><\/a> (28). En su caso, la artista -cuyo nombre real es Alba Farelo- atesora <strong>poco m\u00e1s de 11.000.000 de oyentes mensuales<\/strong>. La catalana, as\u00ed, se presenta como <strong>la artista urbana m\u00e1s escuchada de Espa\u00f1a<\/strong> y una de las cantanes m\u00e1s influyentes del pa\u00eds.<\/p>\n<p class=\"paragraph\" id=\"paragraph_12\">En noviembre de 2023, Farelo protagoniz\u00f3 una situaci\u00f3n similar a la que ahora ha vivido Aitana. Entonces, la artista fue galardonada con un premio que recogi\u00f3 a manos de los reyes Felipe VI y <a href=\"https:\/\/www.elespanol.com\/mujer\/royals\/20250930\/reina-letizia-premios-retina-eco-traje-blanco-mango-estreno-marca-diferencia\/1003743947629_0.html?utm_cmp_rs=linksinline\" rel=\"nofollow noopener\" target=\"_blank\"><strong>Letizia<\/strong><\/a> (53). Una imagen que <strong>ha quedado para el recuerdo<\/strong>.<\/p>\n<p class=\"paragraph\" id=\"paragraph_13\">Un a\u00f1o y medio atr\u00e1s, cuando se produjo el posado de la artista con Sus Majestades, el Instagram de Casa Real no exist\u00eda. Sin embargo, esto no impidi\u00f3 que el momento se volviera viral en redes sociales. Alba, cabe recordar, <strong>se salt\u00f3 el protocolo institucional<\/strong>. Adem\u00e1s de lucir un llamativo y ajustado vestido, Bad Gyal salud\u00f3 primero a la reina Letizia.<\/p>\n<p class=\"paragraph\" id=\"paragraph_14\">Que una cantante de trap urbano como Bad Gyal mantuviera un distendido y relajado encuentro con los Reyes de Espa\u00f1a, como no pod\u00eda ser de otra forma, se viraliz\u00f3 fuertemente en redes sociales. Una estrategia que tambi\u00e9n es entendida por parte de Ana Polo como <strong>una imagen de acercar la monarqu\u00eda a los m\u00e1s j\u00f3venes <\/strong>adem\u00e1s de aportar un halo de \u00abfrescura\u00bb.<\/p>\n<p class=\"paragraph\" id=\"paragraph_15\">Arantxa P\u00e9rez, directora de la agencia Influgency y experta en imagen y reputaci\u00f3n, tambi\u00e9n contempla esto como un acercamiento al p\u00fablico juvenil. A ojos de la profesional, las dos hijas de los Reyes, <strong>Leonor<\/strong> (19) y <strong>Sof\u00eda<\/strong> (18), han jugado un papel fundamental.\u00a0<\/p>\n<p class=\"paragraph\" id=\"paragraph_16\"><strong>\u00abHay que partir de la base de que ellos tienen dos hijas que est\u00e1n en una edad muy parecida a las seguidoras de estas dos cantantes\u00bb<\/strong>, apostilla P\u00e9rez. Adem\u00e1s, a nivel imagen y reputaci\u00f3n, Arantxa asevera que este tipo de acciones demuestra que Casa Real est\u00e1 tomando un rumbo \u00abm\u00e1s moderno\u00bb.\u00a0<\/p>\n<p class=\"paragraph\" id=\"paragraph_17\">Ambos ejemplos se completan a la perfecci\u00f3n con el momento fan de Felipe VI con <a href=\"https:\/\/www.elespanol.com\/mujer\/estilo-vida\/20250926\/bonito-nombre-hija-andres-iniesta-anna-ortiz-origen-griego-inusual-espana-significa-celestial\/1003743942284_0.html?utm_cmp_rs=linksinline\" rel=\"nofollow noopener\" target=\"_blank\"><strong>Andr\u00e9s Iniesta<\/strong><\/a> (41) o la charla de Letizia con el cantante <strong>Javier Erro<\/strong> (25). El monarca, cabe recordar, protagoniz\u00f3 una divertida escena en los <a href=\"https:\/\/www.elespanol.com\/corazon\/casas-reales\/20250723\/sofia-colocando-corbata-rey-iniesta-vida-felipe-vi-anecdotas-princesa-girona\/1003743860151_0.html?utm_cmp_rs=linksinline\" rel=\"nofollow noopener\" target=\"_blank\"><strong>Premios Princesa de Girona<\/strong><\/a> el pasado julio. Entoces, el soberano record\u00f3 el gol que dio la victoria a Espa\u00f1a en el mundial de 2010. <strong>\u00abIniesta de mi vida\u00bb<\/strong>, verbaliz\u00f3.<\/p>\n<p><img decoding=\"async\" alt=\"Los reyes Felipe VI y Letizia, junto a la princesa Leonor, en Pamplona el 26 de septiembre de 2025.\" data-imgm=\"true\" height=\"180\" loading=\"lazy\"  src=\"https:\/\/www.europesays.com\/es\/wp-content\/uploads\/2025\/10\/1003743942744_259011978_1024x576.jpg\"  width=\"320\"\/><\/p>\n<p>                                                            Los reyes Felipe VI y Letizia, junto a la princesa Leonor, en Pamplona el 26 de septiembre de 2025.<\/p>\n<p>                    Gtres<\/p>\n<p class=\"paragraph\" id=\"paragraph_18\">La Reina, por su parte, se dirigi\u00f3 al artista navarro unos d\u00edas atr\u00e1s, durante sus compromisos en Pamplona. <strong>\u00ab\u00a1Por favor, es El Gran Showman\u00bb<\/strong>, espet\u00f3 Letizia. Un entra\u00f1able momento que se hizo viral en redes sociales y desat\u00f3 un aluvi\u00f3n de comentarios.<\/p>\n","protected":false},"excerpt":{"rendered":"La Red de Estudio de las Monarqu\u00edas Contempor\u00e1neas (REMCO) present\u00f3 unos meses atr\u00e1s un informe titulado La juventud&hellip;\n","protected":false},"author":2,"featured_media":161394,"comment_status":"","ping_status":"","sticky":false,"template":"","format":"standard","meta":{"footnotes":""},"categories":[174],"tags":[14486,255,146,147,25,24,256,11439,11362,23],"class_list":{"0":"post-161393","1":"post","2":"type-post","3":"status-publish","4":"format-standard","5":"has-post-thumbnail","7":"category-famosos","8":"tag-casas-reales","9":"tag-celebrities","10":"tag-entertainment","11":"tag-entretenimiento","12":"tag-es","13":"tag-espana","14":"tag-famosos","15":"tag-felipe-vi","16":"tag-reina-letizia","17":"tag-spain"},"share_on_mastodon":{"url":"","error":""},"_links":{"self":[{"href":"https:\/\/www.europesays.com\/es\/wp-json\/wp\/v2\/posts\/161393","targetHints":{"allow":["GET"]}}],"collection":[{"href":"https:\/\/www.europesays.com\/es\/wp-json\/wp\/v2\/posts"}],"about":[{"href":"https:\/\/www.europesays.com\/es\/wp-json\/wp\/v2\/types\/post"}],"author":[{"embeddable":true,"href":"https:\/\/www.europesays.com\/es\/wp-json\/wp\/v2\/users\/2"}],"replies":[{"embeddable":true,"href":"https:\/\/www.europesays.com\/es\/wp-json\/wp\/v2\/comments?post=161393"}],"version-history":[{"count":0,"href":"https:\/\/www.europesays.com\/es\/wp-json\/wp\/v2\/posts\/161393\/revisions"}],"wp:featuredmedia":[{"embeddable":true,"href":"https:\/\/www.europesays.com\/es\/wp-json\/wp\/v2\/media\/161394"}],"wp:attachment":[{"href":"https:\/\/www.europesays.com\/es\/wp-json\/wp\/v2\/media?parent=161393"}],"wp:term":[{"taxonomy":"category","embeddable":true,"href":"https:\/\/www.europesays.com\/es\/wp-json\/wp\/v2\/categories?post=161393"},{"taxonomy":"post_tag","embeddable":true,"href":"https:\/\/www.europesays.com\/es\/wp-json\/wp\/v2\/tags?post=161393"}],"curies":[{"name":"wp","href":"https:\/\/api.w.org\/{rel}","templated":true}]}}