{"id":161410,"date":"2025-10-07T19:53:08","date_gmt":"2025-10-07T19:53:08","guid":{"rendered":"https:\/\/www.europesays.com\/es\/161410\/"},"modified":"2025-10-07T19:53:08","modified_gmt":"2025-10-07T19:53:08","slug":"ultima-hora-del-derrumbe-de-un-edificio-de-madrid-en-directo-los-desaparecidos-son-una-administrativa-y-tres-obreros-noticias-de-madrid","status":"publish","type":"post","link":"https:\/\/www.europesays.com\/es\/161410\/","title":{"rendered":"\u00daltima hora del derrumbe de un edificio de Madrid, en directo | Los desaparecidos son una administrativa y tres obreros | Noticias de Madrid"},"content":{"rendered":"<p class=\"ev-title\">Almeida ya ha aterrizado en Madrid y planea actualizar la informaci\u00f3n de los desaparecidos desde el lugar del incidente<\/p>\n<p>El alcalde de Madrid, Jos\u00e9 Luis Mart\u00ednez-Almeida, actualizar\u00e1 la informaci\u00f3n sobre los desaparecidos en el derrumbe de un edificio en el centro de Madrid a su llegada al lugar del incidente. Sobre las 20.00, han empezado a ladrar algunos perros de la Unidad Canina de la Polic\u00eda Municipal que buscan a las cuatro personas enterradas bajo los escombros, pero todav\u00eda no hay m\u00e1s informaci\u00f3n.<\/p>\n<p>El regidor, que ya ha aterrizado en Madrid tras adelantar la vuelta de su viaje a Londres para participar en un foro de regidores europeos, se trasladar\u00e1 directamente a la calle de Hileras, donde se ha producido el suceso y donde se encuentran ya\u00a0la vicealcaldesa, Inma Sanz, y el concejal de Urbanismo, Borja Carabante. Sobre el terreno, Almeida actualizar\u00e1 la informaci\u00f3n de desaparecidos.<\/p>\n","protected":false},"excerpt":{"rendered":"Almeida ya ha aterrizado en Madrid y planea actualizar la informaci\u00f3n de los desaparecidos desde el lugar del&hellip;\n","protected":false},"author":2,"featured_media":161411,"comment_status":"","ping_status":"","sticky":false,"template":"","format":"standard","meta":{"footnotes":""},"categories":[8],"tags":[17,18,1467,47821,4978,25,24,13,14,11,19,20,205,9,10,15,16,47822,23,12,21,22],"class_list":{"0":"post-161410","1":"post","2":"type-post","3":"status-publish","4":"format-standard","5":"has-post-thumbnail","7":"category-espana","8":"tag-breaking-news","9":"tag-breakingnews","10":"tag-comunidad-de-madrid","11":"tag-derrumbamiento-edificios","12":"tag-emergencias","13":"tag-es","14":"tag-espana","15":"tag-featured-news","16":"tag-featurednews","17":"tag-headlines","18":"tag-latest-news","19":"tag-latestnews","20":"tag-madrid","21":"tag-news","22":"tag-noticias","23":"tag-noticias-destacadas","24":"tag-noticiasdestacadas","25":"tag-samur","26":"tag-spain","27":"tag-titulares","28":"tag-ultimas-noticias","29":"tag-ultimasnoticias"},"share_on_mastodon":{"url":"","error":""},"_links":{"self":[{"href":"https:\/\/www.europesays.com\/es\/wp-json\/wp\/v2\/posts\/161410","targetHints":{"allow":["GET"]}}],"collection":[{"href":"https:\/\/www.europesays.com\/es\/wp-json\/wp\/v2\/posts"}],"about":[{"href":"https:\/\/www.europesays.com\/es\/wp-json\/wp\/v2\/types\/post"}],"author":[{"embeddable":true,"href":"https:\/\/www.europesays.com\/es\/wp-json\/wp\/v2\/users\/2"}],"replies":[{"embeddable":true,"href":"https:\/\/www.europesays.com\/es\/wp-json\/wp\/v2\/comments?post=161410"}],"version-history":[{"count":0,"href":"https:\/\/www.europesays.com\/es\/wp-json\/wp\/v2\/posts\/161410\/revisions"}],"wp:featuredmedia":[{"embeddable":true,"href":"https:\/\/www.europesays.com\/es\/wp-json\/wp\/v2\/media\/161411"}],"wp:attachment":[{"href":"https:\/\/www.europesays.com\/es\/wp-json\/wp\/v2\/media?parent=161410"}],"wp:term":[{"taxonomy":"category","embeddable":true,"href":"https:\/\/www.europesays.com\/es\/wp-json\/wp\/v2\/categories?post=161410"},{"taxonomy":"post_tag","embeddable":true,"href":"https:\/\/www.europesays.com\/es\/wp-json\/wp\/v2\/tags?post=161410"}],"curies":[{"name":"wp","href":"https:\/\/api.w.org\/{rel}","templated":true}]}}