{"id":161414,"date":"2025-10-07T19:55:04","date_gmt":"2025-10-07T19:55:04","guid":{"rendered":"https:\/\/www.europesays.com\/es\/161414\/"},"modified":"2025-10-07T19:55:04","modified_gmt":"2025-10-07T19:55:04","slug":"olaia-luzuriaga-meta-internacional-de-replasa-beti-onak-ingresada-tras-un-balonazo-en-el-rostro","status":"publish","type":"post","link":"https:\/\/www.europesays.com\/es\/161414\/","title":{"rendered":"Olaia Luzuriaga, meta internacional de Replasa Beti Onak, ingresada tras un balonazo en el rostro"},"content":{"rendered":"<p>A falta de 31 segundos del final del duelo europeo frente al HC Galychanka en Bilgoraj (Polonia), un lanzamiento de la primera l\u00ednea ucraniana\u00a0Svitlana\u00a0Havrysh <strong>impact\u00f3 de lleno en el rostro<\/strong> de la pamplonesa <strong>Olaia Luzuriaga<\/strong>, meta del <strong>Replasa Beti Onak<\/strong>. Una acci\u00f3n desafortunada y accidental que, m\u00e1s all\u00e1 de la <strong>exclusi\u00f3n a la atacante<\/strong> como marca el reglamento y las <strong>l\u00e1grimas de dolor<\/strong> que no pudo evitar la navarra (una de las grandes protagonistas de la victoria navarra por 24-25, con<strong> 17 paradas<\/strong> y la designaci\u00f3n como la jugadora m\u00e1s destacada del partido), parec\u00eda no tener una mayor trascendencia.\u00a0<\/p>\n<p>Sin embargo, ya durante el viaje de vuelta del conjunto navarro desde Polonia el pasado domingo, Luzuriaga <strong>comenz\u00f3 a sentirse indispuesta y mareada<\/strong>. Una situaci\u00f3n que no mejor\u00f3 y que hizo que la deportista, que ha\u00a0 firmando un arranque de temporada excelente lo que\u00a0<a href=\"https:\/\/www.diariodenavarra.es\/noticias\/deportes\/balonmano\/2025\/09\/01\/tres-navarras-lista-seleccion-absoluta-medirse-eslovaquia-658899-1051.html\" rel=\"nofollow noopener\" target=\"_blank\"> le hab\u00eda permitido debutar con la selecci\u00f3n absoluta de Espa\u00f1a<\/a>, acabara por acudir a Urgencias, <strong>quedando ingresada<\/strong>.\u00a0<\/p>\n<p>De hecho, la navarra, de 24 a\u00f1os, <strong>ser\u00e1 baja este mi\u00e9rcoles 8 <\/strong>de octubre en el duelo de la Liga Guerreras Iberdrola que el equipo de Villava disputar\u00e1 en el polideportivo Hermanos Indur\u00e1in frente al Rocasa Gran Canaria. Un<strong> problema importante para el conjunto de Miguel Etxeberria <\/strong>ante el buen momento de forma que atravesaba y las recientes molestias que ven\u00eda arrastrando<strong> Patricia Encinas<\/strong>, la otra guardameta del conjunto verdinegro, que ser\u00e1 quien asuma la responsabilidad bajo palos en el partido frente a las grancanarias con el apoyo de una de las guardametas del filial -que ya pudieron disputar encuentros de pretemporada con el primer equipo-.<\/p>\n<p>Las primeras pruebas m\u00e9dicas a las que se ha sometido Luzuriaga <strong>han ido descartando lesiones<\/strong> y, aunque va notando mejor\u00eda, <strong>permanece \u00aben observaci\u00f3n\u00bb <\/strong>mientras se le practican ex\u00e1menes m\u00e9dicos complementarios.\u00a0<\/p>\n<p>Un problema que deja tambi\u00e9n en el aire su participaci\u00f3n, estas dos pr\u00f3ximas semanas, en las actividades para las que <strong>ha<\/strong><strong>\u00a0sido convocada por el seleccionador nacional Ambros Mart\u00edn.<\/strong> La navarra, junto a su compa\u00f1era de equipo y pivote Almudena Rodr\u00edguez,\u00a0 est\u00e1 llamada a la<strong> concentraci\u00f3n en Sagunto<\/strong>, de este jueves 9 al domingo 12, dentro del <strong>Proyecto 2029.\u00a0<\/strong>Adem\u00e1s, tambi\u00e9n estaba en la lista para la disputa de\u00a0los dos primeros encuentros de la f<strong>ase clasificatoria del Campeonato de Europa<\/strong> de 2026, el jueves 16 de octubre a las 20:30h en el Pabell\u00f3n Polideportivo Puerto de Sagunto <strong>frente a Grecia<\/strong> y el domingo 19 de octubre, a las 17:00h, en el Gopass Arena Bratislava <strong>ante Israel<\/strong>.<\/p>\n","protected":false},"excerpt":{"rendered":"A falta de 31 segundos del final del duelo europeo frente al HC Galychanka en Bilgoraj (Polonia), un&hellip;\n","protected":false},"author":2,"featured_media":161415,"comment_status":"","ping_status":"","sticky":false,"template":"","format":"standard","meta":{"footnotes":""},"categories":[278],"tags":[47874,376,2608,168,25,24,375,23511,47873,47872,23,167],"class_list":{"0":"post-161414","1":"post","2":"type-post","3":"status-publish","4":"format-standard","5":"has-post-thumbnail","7":"category-balonmano","8":"tag-balonazo","9":"tag-balonmano","10":"tag-cara","11":"tag-deportes","12":"tag-es","13":"tag-espana","14":"tag-handball","15":"tag-ingresada","16":"tag-luzuriaga","17":"tag-olaia","18":"tag-spain","19":"tag-sports"},"share_on_mastodon":{"url":"","error":""},"_links":{"self":[{"href":"https:\/\/www.europesays.com\/es\/wp-json\/wp\/v2\/posts\/161414","targetHints":{"allow":["GET"]}}],"collection":[{"href":"https:\/\/www.europesays.com\/es\/wp-json\/wp\/v2\/posts"}],"about":[{"href":"https:\/\/www.europesays.com\/es\/wp-json\/wp\/v2\/types\/post"}],"author":[{"embeddable":true,"href":"https:\/\/www.europesays.com\/es\/wp-json\/wp\/v2\/users\/2"}],"replies":[{"embeddable":true,"href":"https:\/\/www.europesays.com\/es\/wp-json\/wp\/v2\/comments?post=161414"}],"version-history":[{"count":0,"href":"https:\/\/www.europesays.com\/es\/wp-json\/wp\/v2\/posts\/161414\/revisions"}],"wp:featuredmedia":[{"embeddable":true,"href":"https:\/\/www.europesays.com\/es\/wp-json\/wp\/v2\/media\/161415"}],"wp:attachment":[{"href":"https:\/\/www.europesays.com\/es\/wp-json\/wp\/v2\/media?parent=161414"}],"wp:term":[{"taxonomy":"category","embeddable":true,"href":"https:\/\/www.europesays.com\/es\/wp-json\/wp\/v2\/categories?post=161414"},{"taxonomy":"post_tag","embeddable":true,"href":"https:\/\/www.europesays.com\/es\/wp-json\/wp\/v2\/tags?post=161414"}],"curies":[{"name":"wp","href":"https:\/\/api.w.org\/{rel}","templated":true}]}}