{"id":161416,"date":"2025-10-07T19:56:07","date_gmt":"2025-10-07T19:56:07","guid":{"rendered":"https:\/\/www.europesays.com\/es\/161416\/"},"modified":"2025-10-07T19:56:07","modified_gmt":"2025-10-07T19:56:07","slug":"el-mejor-homenaje-a-fernandez-vara","status":"publish","type":"post","link":"https:\/\/www.europesays.com\/es\/161416\/","title":{"rendered":"el mejor homenaje a Fern\u00e1ndez Vara"},"content":{"rendered":"<p style=\"\">No es este oto\u00f1o propicio para la l\u00edrica urtasuniana, esa que se desga\u00f1ita en salmos ideol\u00f3gicos de redenci\u00f3n animal. El Congreso de los Diputados acaba de devolver al chiquero de los mansos una <a href=\"https:\/\/www.abc.es\/cultura\/psoe-tumba-tramitacion-ley-antitaurina-toros-seguiran-20251007213541-nt.html\" target=\"_self\" data-voc-vtm-id=\"in-text-traffic\" title=\"Iniciativa Legislativa Popular\" data-mrf-link=\"www.abc.es\" rel=\"nofollow noopener\">Iniciativa Legislativa Popular<\/a> que pretend\u00eda encadenar la tauromaquia, condenarla a la  &#8230; censura. No, no son oto\u00f1os propicios para Urtasun. El pr\u00f3ximo domingo Las Ventas colgar\u00e1 el cartel de &#8216;No hay billetes&#8217; por partida doble: cincuenta mil almas colmar\u00e1n los tendidos, ma\u00f1ana y tarde, atra\u00eddas por el magnetismo de Morante, organizador de un festival pro monumento a Anto\u00f1ete, una de las grandes izquierdas (en todos los sentidos) del toreo.<\/p>\n<p class=\"voc-p\" style=\"\">Imper\u00f3 el sentido com\u00fan en esta victoria, un triunfo que lleva la r\u00fabrica silenciosa de la Fundaci\u00f3n del Toro de Lidia, que prefiere no sacar pecho, como el toro que no necesita bramar para imponer respeto. \u00abEs el triunfo de la diversidad cultural, el triunfo de la convivencia y los valores democr\u00e1ticos, el triunfo de la l\u00f3gica, el triunfo de la libertad, el triunfo del respeto y el sentido com\u00fan\u00bb, me comentaba por tel\u00e9fono su presidente, Victorino Mart\u00edn, art\u00edfice junto con su equipo de esta callada batalla. No quiso ahondar en las faenas de la Fundaci\u00f3n, en ese batirse el cobre, y opt\u00f3 por la prudencia. Pero el quite de la FTL, las reuniones y m\u00e1s reuniones, ha sido de categor\u00eda para que la libertad se corone.<\/p>\n<p class=\"voc-p\" style=\"\">En la memoria de Victorino, Guillermo Fern\u00e1ndez Vara, al que le un\u00eda una extraordinaria relaci\u00f3n y con quien se forj\u00f3 el Libro Blanco, guardado ahora en un ba\u00fal. El nombre del expresidente de la Junta de Extremadura apareci\u00f3 en el discurso socialista. Y esta victoria es tambi\u00e9n un homenaje a un pol\u00edtico que era un gran taurino,  sabedor que su tierra es tierra de bravura y torer\u00eda. Y de ello presum\u00eda.<\/p>\n<p class=\"voc-p\" style=\"\">Sumar, promotora de esta ILP con Urtasun en las filas animalistas, seguir\u00e1 con su cantinela, la de los derechos de los animales (sin deberes) por encima de los derechos de los hombres (con deberes). Formidable su rid\u00edculo con este asalto totalitario a la libertad cultural, a la diversidad de expresiones culturales, a esa manera de sembrar ciza\u00f1a y cosechar discordia. A ese odio hacia el mundo rural, que es el de las gentes del toro. Menos mal que el PSOE, con tantos votantes taurinos que se esfumaban, puso cordura y no permiti\u00f3 con su abstenci\u00f3n (votar en contra hubiese sido de puerta grande) que la tropel\u00eda siguiera adelante. <\/p>\n<p class=\"voc-p\" style=\"\">Respeto a las minor\u00edas, s\u00ed, aunque pronto habremos de desterrar esa etiqueta tras el aluvi\u00f3n de nuevos aficionados que acude como una marea incontenible, tras los tendidos que se desbordan como nunca, tras el r\u00e9cord de abonados en la primera Monumental del mundo, donde se mide el pulso de la cultura taurina. As\u00f3mense a las plazas: no hay quien pare su latido. <\/p>\n","protected":false},"excerpt":{"rendered":"No es este oto\u00f1o propicio para la l\u00edrica urtasuniana, esa que se desga\u00f1ita en salmos ideol\u00f3gicos de redenci\u00f3n&hellip;\n","protected":false},"author":2,"featured_media":161417,"comment_status":"","ping_status":"","sticky":false,"template":"","format":"standard","meta":{"footnotes":""},"categories":[277],"tags":[373,3374,168,25,24,10994,7116,6552,1684,23,167,600,374,35250],"class_list":{"0":"post-161416","1":"post","2":"type-post","3":"status-publish","4":"format-standard","5":"has-post-thumbnail","7":"category-toreo","8":"tag-bullfighting","9":"tag-censura","10":"tag-deportes","11":"tag-es","12":"tag-espana","13":"tag-fernandez","14":"tag-frenar","15":"tag-homenaje","16":"tag-mejor","17":"tag-spain","18":"tag-sports","19":"tag-taurina","20":"tag-toreo","21":"tag-vara"},"share_on_mastodon":{"url":"","error":""},"_links":{"self":[{"href":"https:\/\/www.europesays.com\/es\/wp-json\/wp\/v2\/posts\/161416","targetHints":{"allow":["GET"]}}],"collection":[{"href":"https:\/\/www.europesays.com\/es\/wp-json\/wp\/v2\/posts"}],"about":[{"href":"https:\/\/www.europesays.com\/es\/wp-json\/wp\/v2\/types\/post"}],"author":[{"embeddable":true,"href":"https:\/\/www.europesays.com\/es\/wp-json\/wp\/v2\/users\/2"}],"replies":[{"embeddable":true,"href":"https:\/\/www.europesays.com\/es\/wp-json\/wp\/v2\/comments?post=161416"}],"version-history":[{"count":0,"href":"https:\/\/www.europesays.com\/es\/wp-json\/wp\/v2\/posts\/161416\/revisions"}],"wp:featuredmedia":[{"embeddable":true,"href":"https:\/\/www.europesays.com\/es\/wp-json\/wp\/v2\/media\/161417"}],"wp:attachment":[{"href":"https:\/\/www.europesays.com\/es\/wp-json\/wp\/v2\/media?parent=161416"}],"wp:term":[{"taxonomy":"category","embeddable":true,"href":"https:\/\/www.europesays.com\/es\/wp-json\/wp\/v2\/categories?post=161416"},{"taxonomy":"post_tag","embeddable":true,"href":"https:\/\/www.europesays.com\/es\/wp-json\/wp\/v2\/tags?post=161416"}],"curies":[{"name":"wp","href":"https:\/\/api.w.org\/{rel}","templated":true}]}}