{"id":161420,"date":"2025-10-07T20:04:12","date_gmt":"2025-10-07T20:04:12","guid":{"rendered":"https:\/\/www.europesays.com\/es\/161420\/"},"modified":"2025-10-07T20:04:12","modified_gmt":"2025-10-07T20:04:12","slug":"almudena-vazquez-lleva-regreso-a-las-sabinas-a-los-international-emmy-awards-noticias-de-benavente-y-comarca-24-horas","status":"publish","type":"post","link":"https:\/\/www.europesays.com\/es\/161420\/","title":{"rendered":"Almudena V\u00e1zquez lleva &#8216;Regreso a las Sabinas&#8217; a los International Emmy Awards | Noticias de Benavente y Comarca 24 horas"},"content":{"rendered":"<p><img decoding=\"async\" alt=\"[Img #226334]\" class=\"RichTextAlignCenter\" src=\"https:\/\/www.europesays.com\/es\/wp-content\/uploads\/2025\/10\/3613_almudena.jpg\"\/><\/p>\n<p>\u00a0<\/p>\n<p>El talento de la guionista benaventana Almudena V\u00e1zquez traspasa de nuevo fronteras. La serie\u00a0<strong>\u00abRegreso a las Sabinas\u00bb<\/strong>, de la que es coguionista, ha sido nominada a los\u00a0<strong>International Emmy Awards<\/strong>\u00a0en la categor\u00eda de\u00a0<strong>Mejor Serie Diaria<\/strong>, situ\u00e1ndose entre las mejores producciones del mundo. La noticia, recibida con euforia por la autora, coloca a la producci\u00f3n espa\u00f1ola de Disney+ y Diagonal TV en la \u00e9lite de la televisi\u00f3n global, compitiendo con las series\u00a0The Good &amp; The Bad\u00a0y\u00a0Crazy about you.<\/p>\n<p>\u00a0<\/p>\n<p>Tras conocer la nominaci\u00f3n, V\u00e1zquez no pudo contener su emoci\u00f3n. \u00abNo quepo en m\u00ed de alegr\u00eda, de orgullo y de agradecimiento\u00bb, declar\u00f3 en sus redes sociales, dirigiendo un especial reconocimiento a la creadora de la serie,\u00a0<strong>Eul\u00e0lia Carrillo<\/strong>. \u00abNo solo por contar conmigo para escribirla, sino por explicarme las razones por las que yo era la persona adecuada, de ah\u00ed que sienta la serie tan m\u00eda y me emocione tanto este reconocimiento\u00bb, a\u00f1adi\u00f3, agradeciendo tambi\u00e9n a Disney+, Diagonal TV y a todo el equipo excepcional que hizo posible el proyecto.<\/p>\n<p>\u00a0<\/p>\n<p>Esta nominaci\u00f3n consolida un momento de imparable proyecci\u00f3n internacional para la autora benaventana. Tan solo el a\u00f1o pasado,\u00a0<strong>Almudena V\u00e1zquez ya fue doblemente nominada<\/strong>\u00a0a los Premios Rose D&#8217;Or latinos: en la categor\u00eda de Mejor Pel\u00edcula para Plataforma de Streaming por la comedia\u00a0<strong>\u201cIntercambiadas\u201d<\/strong>\u00a0(producida por The Mediapro Studio) y en la de Mejor Telenovela por el fen\u00f3meno televisivo\u00a0<strong>\u201cSue\u00f1os de Libertad\u201d<\/strong>\u00a0(Diagonal TV y Atresmedia).<\/p>\n<p>\u00a0<\/p>\n<p>\u00a0<\/p>\n<p><img decoding=\"async\" alt=\"[Img #226335]\" class=\"RichTextAlignCenter\" src=\"https:\/\/www.europesays.com\/es\/wp-content\/uploads\/2025\/10\/4848_almudena2.jpg\"\/><\/p>\n<p>\u00a0<\/p>\n<p>Esta trayectoria ascendente fue reconocida tambi\u00e9n el a\u00f1o pasado a nivel global cuando V\u00e1zquez fue seleccionada para representar a Espa\u00f1a en el\u00a0<strong>Women in Film Forum &#8211; Digital Divas<\/strong>, un evento celebrado en el marco del Zuma Film Festival de Abuja, Nigeria. All\u00ed, comparti\u00f3 panel y debati\u00f3 con cineastas internacionales sobre los retos comunes que enfrentan las mujeres en la industria, destacando la lucha universal por la igualdad en el sector audiovisual.<\/p>\n<p>\u00a0<\/p>\n<p>Con esta nueva nominaci\u00f3n,\u00a0<strong>Almudena V\u00e1zquez no solo eleva el list\u00f3n de su propia carrera<\/strong>, sino que se convierte en un referente del talento que surge de Benavente, demostrando que la creatividad y la excelencia narrativa desde la provincia tienen eco en las grandes citas internacionales. Todo un lujo, sin duda, esta benaventana que sigue poniendo en alto el nombre de su tierra.<\/p>\n<p>\u00a0<\/p>\n<p>\u00a0<\/p>\n<p>Entrevista en Interbenavente en 2024<\/p>\n<p>\u00a0<\/p>\n","protected":false},"excerpt":{"rendered":"\u00a0 El talento de la guionista benaventana Almudena V\u00e1zquez traspasa de nuevo fronteras. La serie\u00a0\u00abRegreso a las Sabinas\u00bb,&hellip;\n","protected":false},"author":2,"featured_media":161421,"comment_status":"","ping_status":"","sticky":false,"template":"","format":"standard","meta":{"footnotes":""},"categories":[174],"tags":[4071,4075,4066,255,4068,1819,1639,4076,2308,4072,146,147,25,24,256,43,244,4070,4074,4077,10,1925,4069,23,807,913,4067,4073,2338,2946],"class_list":{"0":"post-161420","1":"post","2":"type-post","3":"status-publish","4":"format-standard","5":"has-post-thumbnail","7":"category-famosos","8":"tag-agenda","9":"tag-autobus","10":"tag-benavente","11":"tag-celebrities","12":"tag-comarca","13":"tag-diario","14":"tag-digital","15":"tag-diseno-web","16":"tag-empresas","17":"tag-enmaromado","18":"tag-entertainment","19":"tag-entretenimiento","20":"tag-es","21":"tag-espana","22":"tag-famosos","23":"tag-fiestas","24":"tag-fotografia","25":"tag-guia","26":"tag-horarios","27":"tag-lopd","28":"tag-noticias","29":"tag-opinion","30":"tag-periodico","31":"tag-spain","32":"tag-television","33":"tag-toro","34":"tag-ultimas","35":"tag-veguilla","36":"tag-video","37":"tag-zamora"},"share_on_mastodon":{"url":"","error":""},"_links":{"self":[{"href":"https:\/\/www.europesays.com\/es\/wp-json\/wp\/v2\/posts\/161420","targetHints":{"allow":["GET"]}}],"collection":[{"href":"https:\/\/www.europesays.com\/es\/wp-json\/wp\/v2\/posts"}],"about":[{"href":"https:\/\/www.europesays.com\/es\/wp-json\/wp\/v2\/types\/post"}],"author":[{"embeddable":true,"href":"https:\/\/www.europesays.com\/es\/wp-json\/wp\/v2\/users\/2"}],"replies":[{"embeddable":true,"href":"https:\/\/www.europesays.com\/es\/wp-json\/wp\/v2\/comments?post=161420"}],"version-history":[{"count":0,"href":"https:\/\/www.europesays.com\/es\/wp-json\/wp\/v2\/posts\/161420\/revisions"}],"wp:featuredmedia":[{"embeddable":true,"href":"https:\/\/www.europesays.com\/es\/wp-json\/wp\/v2\/media\/161421"}],"wp:attachment":[{"href":"https:\/\/www.europesays.com\/es\/wp-json\/wp\/v2\/media?parent=161420"}],"wp:term":[{"taxonomy":"category","embeddable":true,"href":"https:\/\/www.europesays.com\/es\/wp-json\/wp\/v2\/categories?post=161420"},{"taxonomy":"post_tag","embeddable":true,"href":"https:\/\/www.europesays.com\/es\/wp-json\/wp\/v2\/tags?post=161420"}],"curies":[{"name":"wp","href":"https:\/\/api.w.org\/{rel}","templated":true}]}}