{"id":161422,"date":"2025-10-07T20:06:36","date_gmt":"2025-10-07T20:06:36","guid":{"rendered":"https:\/\/www.europesays.com\/es\/161422\/"},"modified":"2025-10-07T20:06:36","modified_gmt":"2025-10-07T20:06:36","slug":"los-libros-de-octubre-una-novela-sobre-el-poliamor-un-ensayo-inedito-de-unabomber-y-una-de-romanos","status":"publish","type":"post","link":"https:\/\/www.europesays.com\/es\/161422\/","title":{"rendered":"Los libros de octubre: una novela sobre el poliamor, un ensayo in\u00e9dito de Unabomber y una de romanos"},"content":{"rendered":"<p><img decoding=\"async\" class=\"voc-image-signature__img\" src=\"https:\/\/www.europesays.com\/es\/wp-content\/uploads\/2025\/08\/autor-3032-foto-10.jpeg\" alt=\"Alo\u00f1a Fdez. Larrechi\"\/><\/p>\n<p class=\"voc-paragraph\">Aunque este oto\u00f1o no nos faltan deberes literarios, con la cantidad de novelas que llegar\u00e1n a los cines y las <a href=\"https:\/\/www.mujerhoy.com\/vivir\/ocio\/la-edad-dorada-novelas-perfectas-leer-esperamos-cuarta-temporada-20250818131720-nt.html\" title=\"www.mujerhoy.com\" data-voc-vtm-id=\"in-text-traffic\" data-mrf-link=\"www.mujerhoy.com\" rel=\"nofollow noopener\" target=\"_blank\">novelas perfectas<\/a> para leer mientras esperamos la cuarta temporada de <a href=\"https:\/\/www.mujerhoy.com\/vivir\/ocio\/la-edad-dorada-downton-abbey-crossover-serie-de-epoca-julian-fellowes-20250811202925-nt.html\" title=\"www.mujerhoy.com\" data-voc-vtm-id=\"in-text-traffic\" data-mrf-link=\"www.mujerhoy.com\" rel=\"nofollow noopener\" target=\"_blank\">La edad dorada<\/a>, ha llegado octubre con sus lanzamientos y ya tenemos una <strong>lista de libros que queremos leer<\/strong>, desde una novela sobre el poliamor a una de romanos, pasando por un ensayo in\u00e9dito de Unabomber. <\/p>\n<p class=\"voc-paragraph\">Algunas de las <strong>novedades literarias de octubre<\/strong> ya est\u00e1n en nuestra librer\u00eda de cabecera, como lo nuevo de Antonio Mercero, integrante del colectivo Carmen Mola, lo \u00faltimo de la autora de El abanico de seda o la historia de amor m\u00e1s adictiva del a\u00f1o. Una selecci\u00f3n a la que se sumar\u00e1n, a final de mes, una reconocida novela portuguesa o el \u00faltimo retrato de la Gran Breta\u00f1a actual. <\/p>\n<p><a href=\"http:\/\/www.mujerhoy.com\/vivir\/ocio\/novelas-cozy-mistery-adictivas-otono-mejores-historias-crimenes-20250928114750-nt.html#vtm_modulosEngag=mod-rel:vivir:noticia:1:cmp:2-not\" class=\"v-a-link\" title=\"Las diez novelas de cozy mystery m\u00e1s adictivas para disfrutar de este oto\u00f1o de las mejores historias\" rel=\"nofollow noopener\" target=\"_blank\"><br \/>\n<img decoding=\"async\" loading=\"lazy\" class=\"v-a-img\" src=\"https:\/\/www.europesays.com\/es\/wp-content\/uploads\/2025\/10\/cozy-mystery-priscilla-du-preez-unsplash-U2301428253385K8D--366x256@Mujer Hoy.jpg\" alt=\"Las diez novelas de cozy mystery m\u00e1s adictivas para disfrutar de este oto\u00f1o de las mejores historias\"\/><br \/>\n<\/a><\/p>\n<p><a href=\"http:\/\/www.mujerhoy.com\/vivir\/ocio\/tata-novela-recomendada-misterio-familiar-similar-la-cartera-20250826144804-nt.html#vtm_modulosEngag=mod-rel:vivir:noticia:2:cmp:2-not\" class=\"v-a-link\" title=\"Esta es la novela que recomiendo a mi madre y mis amigas y es perfecta si te atrap\u00f3 La Cartera\" rel=\"nofollow noopener\" target=\"_blank\"><br \/>\n<img decoding=\"async\" loading=\"lazy\" class=\"v-a-img\" src=\"https:\/\/www.europesays.com\/es\/wp-content\/uploads\/2025\/10\/Tata-libro-recomendado-madre-amigas-sandra-beatrice-molnar-unsplash-kN9H--366x256@Mujer Hoy.jpg\" alt=\"Esta es la novela que recomiendo a mi madre y mis amigas y es perfecta si te atrap\u00f3 La Cartera\"\/><br \/>\n<\/a><\/p>\n<p class=\"voc-paragraph\">As\u00ed que si t\u00fa tambi\u00e9n eres de las que no le importa el tama\u00f1o que alcance su lista de lecturas pendientes porque <strong>nunca muchas novelas son demasiadas novelas<\/strong>, no te pierdas los libros que vas a querer leer en octubre.<\/p>\n<p><img decoding=\"async\" loading=\"lazy\" src=\"https:\/\/www.europesays.com\/es\/wp-content\/uploads\/2025\/10\/Libros-octubre-hotel-du-lac-k43G--650x975@Mujer Hoy.jpg\" class=\"v-a-img\" width=\"650\" height=\"975\" alt=\"Portada de la novela de Anita Brookner, Hotel du Lac.\" data-voc-vtm-id=\"in-text-traffic\"\/><\/p>\n<p>Portada de la novela de Anita Brookner, Hotel du Lac.<\/p>\n<p>Libros del Asteroide<\/p>\n<p>Hotel du Lac. Anita Brookner. Libros del Asteroide.<\/p>\n<p class=\"voc-paragraph\">Publicada en 1984 y ganadora del premio Brooker, la <strong>novela m\u00e1s emblem\u00e1tica de la novelista londinense<\/strong> cuenta la historia de la escritora de novelas rom\u00e1nticas Edith Hope, que empieza a parecerse demasiado a sus propios libros. Por eso, tras protagonizar un peque\u00f1o esc\u00e1ndalo, sus amigos la animan a marcharse a Suiza, donde la sobria elegancia y tranquilidad del Hotel du Lac promete devolverle la cordura. <\/p>\n<p class=\"voc-paragraph\">Pero en lugar de encontrar paz y reposo, Edith se ve rodeada de una serie de peculiares hu\u00e9spedes, caprichosos e insatisfechos, que le obligar\u00e1n a repasar sus recientes decisiones desde una nueva perspectiva. Una obra que explora algunos de los temas predilectos de Brookner, como <strong>la identidad femenina, las convenciones sociales o las emociones reprimidas<\/strong>, y vuelve a dar vida a una mujer que no sabe si es mejor aislarse o abrirse al amor. Ya en librer\u00edas. <\/p>\n<p><img decoding=\"async\" loading=\"lazy\" src=\"https:\/\/www.europesays.com\/es\/wp-content\/uploads\/2025\/10\/Libros-octubre-lloviendo-k43G--650x975@Mujer Hoy.jpg\" class=\"v-a-img\" width=\"650\" height=\"975\" alt=\"Portada de Est\u00e1 lloviendo y te quiero, el \u00faltimo libro de Antonio Mercero.\" data-voc-vtm-id=\"in-text-traffic\"\/><\/p>\n<p>Portada de Est\u00e1 lloviendo y te quiero, el \u00faltimo libro de Antonio Mercero.<\/p>\n<p>Planeta<\/p>\n<p>Est\u00e1 lloviendo y te quiero. Antonio Mercero. Planeta.<\/p>\n<p class=\"voc-paragraph\">Cuando Paula le regala a su hermano un antiguo reloj de pared creado por su bisabuelo, la madre de ambos sufre un infarto al verlo y termina hospitalizada. Ser\u00e1 entonces cuando la joven comience a indagar, porque su intuici\u00f3n le dice que lo sucedido no ha podido ser una casualidad, y descubre <strong>un mensaje enigm\u00e1tico<\/strong> dentro del reloj: \u00abEst\u00e1 lloviendo y te quiero\u00bb. Pero, \u00bfeso qu\u00e9 significa?<\/p>\n<p class=\"voc-paragraph\">Su b\u00fasqueda le llevar\u00e1 a desenterrar la historia de su familia en el Pa\u00eds Vasco: cuatro generaciones marcadas por el hambre, el amor y la templanza. Desde las luchas pol\u00edticas que desembocaron en la Guerra Civil y atravesaron la feroz \u00e9poca del franquismo hasta el presente. Una <strong>gran met\u00e1fora sobre el tiempo<\/strong>, un hermoso tapiz de emociones sobre aquello que heredamos y una estremecedora saga familiar que recorre el \u00faltimo siglo de Espa\u00f1a. Ya a la venta.<\/p>\n<p><img decoding=\"async\" loading=\"lazy\" src=\"https:\/\/www.europesays.com\/es\/wp-content\/uploads\/2025\/10\/Libros-octubre-te-k43G--650x975@Mujer Hoy.jpg\" class=\"v-a-img\" width=\"650\" height=\"975\" alt=\"Portada del \u00faltimo libro de Lisa See, La joven del t\u00e9.\" data-voc-vtm-id=\"in-text-traffic\"\/><\/p>\n<p>Portada del \u00faltimo libro de Lisa See, La joven del t\u00e9.<\/p>\n<p>Salamandra<\/p>\n<p>La joven del T\u00e9. Lisa See. Salamandra.<\/p>\n<p class=\"voc-paragraph\">La autora de El abanico de seda y El c\u00edrculo de mujeres de la doctora Tan regresa con una historia ambientada en la d\u00e9cada de los 90, en el suroeste de China. En una remota aldea en las monta\u00f1as de Yunnan, Li Yan y su familia llevan una vida marcada por el paso de las estaciones y el cultivo del t\u00e9. Como parte del pueblo akha, siguen <strong>rituales ancestrales transmitidos durante generaciones<\/strong>, pero Li Yan, una de las pocas j\u00f3venes alfabetizadas de la zona, empieza a cuestionarse las costumbres que han definido su existencia. <\/p>\n<p class=\"voc-paragraph\">Cuando queda embarazada y comprende que la tradici\u00f3n exige sacrificar a los ni\u00f1os nacidos fuera del matrimonio, <strong>huye dejando a su beb\u00e9 en las puertas de un orfanato<\/strong>. As\u00ed, mientras la madre renuncia a su pasado para estudiar, emprender un negocio y comenzar una nueva vida, la hija, Haley, crece en California adoptada por una familia. A pesar de que crece rodeada de amor, no deja de preguntarse por sus or\u00edgenes, mientras Li Yan no puede olvidar a la ni\u00f1a que abandon\u00f3. \u00bfEstar\u00e1n destinadas a reunirse alg\u00fan d\u00eda? Disponible en librer\u00edas.<\/p>\n<p><img decoding=\"async\" loading=\"lazy\" src=\"https:\/\/www.europesays.com\/es\/wp-content\/uploads\/2025\/10\/Libros-octubre-tierra-k43G--650x975@Mujer Hoy.jpg\" class=\"v-a-img\" width=\"650\" height=\"975\" alt=\"Portada de La tierra herida, la novela de Clare Leslie Hall que se va a convertir en uno de los lanzamientos m\u00e1s comentados del oto\u00f1o.\" data-voc-vtm-id=\"in-text-traffic\"\/><\/p>\n<p>Portada de La tierra herida, la novela de Clare Leslie Hall que se va a convertir en uno de los lanzamientos m\u00e1s comentados del oto\u00f1o.<\/p>\n<p>Planeta<\/p>\n<p>La tierra herida. Clare Leslie Hall. Planeta.<\/p>\n<p class=\"voc-paragraph\">Llamada a ser una de los libros m\u00e1s comentados y recomendados de este oto\u00f1o, este <strong>fen\u00f3meno literario internacional<\/strong> cuenta la historia de Beth, que en 1968 era solo una adolescente cuando conoci\u00f3, y se enamor\u00f3, de Gabriel. \u00c9l cambi\u00f3 su forma de sentir, la manera en que se ve\u00eda a s\u00ed misma, y juntos creyeron que su relaci\u00f3n iba a ser eterna. Pero no lo fue. <\/p>\n<p class=\"voc-paragraph\">Muchos a\u00f1os despu\u00e9s, cuando Beth ha encontrado en Frank al hombre con el que ha construido su vida, Gabriel regresa al peque\u00f1o pueblo del que sali\u00f3 para convertirse en <strong>un hombre famoso<\/strong>, y se despierta en ella aquello que parec\u00eda dormido. Una presencia que provocar\u00e1 una tragedia cuando los secretos del pasado transformen el presente de manera irreversible. Ya a la venta.<\/p>\n<p><img decoding=\"async\" loading=\"lazy\" src=\"https:\/\/www.europesays.com\/es\/wp-content\/uploads\/2025\/10\/Libros-octubre-expreso-k43G--650x975@Mujer Hoy.jpg\" class=\"v-a-img\" width=\"650\" height=\"975\" alt=\"Portada de El expreso de Par\u00eds, la novela de Emma Donoghue.\" data-voc-vtm-id=\"in-text-traffic\"\/><\/p>\n<p>Portada de El expreso de Par\u00eds, la novela de Emma Donoghue.<\/p>\n<p>AdN<\/p>\n<p>El expreso de Par\u00eds. Emma Donoghue. AdN.<\/p>\n<p class=\"voc-paragraph\">Un tren avanza hacia Par\u00eds y en su interior viajan hombres y mujeres de todas edades y condiciones: una joven obrera cansada de la injusticia, una madre que huye en busca de anonimato, un pintor extranjero, una <strong>estudiante de medicina que desaf\u00eda los prejuicios<\/strong> y una mujer rusa que reparte ayuda entre los m\u00e1s necesitados. Cada uno lleva consigo sus sue\u00f1os, sus miedos y sus secretos. <\/p>\n<p class=\"voc-paragraph\">Mado, la joven obrera, ha tomado una decisi\u00f3n radical: lleva consigo una bomba, decidida a ser la voz de quienes nunca la han tenido. Mientras el tren atraviesa la campi\u00f1a, <strong>los destinos de los pasajeros se entrelazan<\/strong> sin saber que el tiempo se agota y que, antes de llegar a Par\u00eds, todos deber\u00e1n enfrentarse a sus propios l\u00edmites. La nueva novela de la autora de La habitaci\u00f3n es un emocionante recorrido por un pa\u00eds en el final de un siglo en ebullici\u00f3n. Ya en librer\u00edas.<\/p>\n<p><img decoding=\"async\" loading=\"lazy\" src=\"https:\/\/www.europesays.com\/es\/wp-content\/uploads\/2025\/10\/Libros-octubre-brooklyn-k43G--650x975@Mujer Hoy.jpg\" class=\"v-a-img\" width=\"650\" height=\"975\" alt=\"Portada de Brooklyn, una novela criminal, de Jonathan Lethem.\" data-voc-vtm-id=\"in-text-traffic\"\/><\/p>\n<p>Portada de Brooklyn, una novela criminal, de Jonathan Lethem.<\/p>\n<p>Random House<\/p>\n<p>Brooklyn, una novela criminal. Jonathan Lethem. Random House.<\/p>\n<p class=\"voc-paragraph\">En las calles del Brooklyn de principios de los 70, donde todav\u00eda no ha comenzado la gentrificaci\u00f3n, tiene lugar un ritual diario, lo llaman la danza. El dinero cambia de manos, se entregan pertenencias, el poder prevalece. <strong>La violencia est\u00e1 en todas partes<\/strong>, es una moneda de cambio. Porque para cualquier chaval, sea cual sea su origen, la calle es el escenario en el que exhibir su fuerza, sus debilidades y sus verg\u00fcenzas, mientras que quienes escriben los titulares, las historias y las leyes, los que dan nombre al barrio, se esconden entre bastidores.<\/p>\n<p class=\"voc-paragraph\">A simple vista las reglas se adivinan obvias, pero bajo el prisma de la memoria, <strong>no est\u00e1 claro qui\u00e9n es v\u00edctima y qui\u00e9n delincuente<\/strong>. Las puertas de un vecindario, convertido hoy en oasis para los ricos, se abren para mostrar, bajo la resplandeciente fachada de sus edificios, historias pasadas y presentes. Ya a la venta.<\/p>\n<p><img decoding=\"async\" loading=\"lazy\" src=\"https:\/\/www.europesays.com\/es\/wp-content\/uploads\/2025\/10\/Libros-octubre-refugio-k43G--650x975@Mujer Hoy.jpg\" class=\"v-a-img\" width=\"650\" height=\"975\" alt=\"Portada de Mi refugio y mi tormenta, el nuevo libro de la autora de El dios de las peque\u00f1as cosas, Arundhati Roy.\" data-voc-vtm-id=\"in-text-traffic\"\/><\/p>\n<p>Portada de Mi refugio y mi tormenta, el nuevo libro de la autora de El dios de las peque\u00f1as cosas, Arundhati Roy.<\/p>\n<p>Alfaguara<\/p>\n<p>Mi refugio y mi tormenta. Arundhati Roy. Alfaguara.<\/p>\n<p class=\"voc-paragraph\">Destrozada por la muerte de su madre y, a la vez, desconcertada y \u00abm\u00e1s que un poco avergonzada por la intensidad de su reacci\u00f3n\u00bb, la autora de El dios de las peque\u00f1as cosas comenz\u00f3 a escribir estas <strong>memorias<\/strong> en un intento de comprender sus sentimientos hacia la madre de la que huy\u00f3 a los 18 a\u00f1os, \u00abno porque no la amara, sino para poder seguir am\u00e1ndola\u00bb.<\/p>\n<p class=\"voc-paragraph\">El libro que Roy lleva \u00abescribiendo toda la vida\u00bb es un texto honesto, divertido y conmovedor, <strong>un canto a la libertad y un homenaje al amor espinoso<\/strong>, un \u00faltimo abrazo entre madre e hija. Disponible en librer\u00edas.<\/p>\n<p><img decoding=\"async\" loading=\"lazy\" src=\"https:\/\/www.europesays.com\/es\/wp-content\/uploads\/2025\/10\/Libros-octubre-rubicon-k43G--650x975@Mujer Hoy.jpg\" class=\"v-a-img\" width=\"650\" height=\"975\" alt=\"Portada de Rubic\u00f3n, la novela romana de Tom Holland.\" data-voc-vtm-id=\"in-text-traffic\"\/><\/p>\n<p>Portada de Rubic\u00f3n, la novela romana de Tom Holland.<\/p>\n<p>\u00c1tico de los libros<\/p>\n<p>Rubic\u00f3n. Tom Holland. \u00c1tico de los libros. 6 de octubre.<\/p>\n<p class=\"voc-paragraph\">En un ambiente violento pero fascinante, figuras de la talla de C\u00e9sar, Pompeyo, Craso o Cicer\u00f3n conspiran para hacerse con el poder absoluto de <strong>la \u00fanica superpotencia de la Tierra<\/strong>. Pero en su lucha brutal socavar\u00e1n los cimientos de la Rep\u00fablica y abrir\u00e1n el paso al Imperio. <\/p>\n<p class=\"voc-paragraph\">Un viaje a la \u00e9poca m\u00e1s apasionante de Roma, en el que conoceremos las grandes empresas que mov\u00edan los hilos tras el Senado, las <strong>bandas mafiosas<\/strong> que actuaban en las calles de la gran capital, las fiestas de la aristocracia y los verdaderos motivos que impulsaron a cada uno de los protagonistas de este gran drama. Ya a la venta.<\/p>\n<p><img decoding=\"async\" loading=\"lazy\" src=\"https:\/\/www.europesays.com\/es\/wp-content\/uploads\/2025\/10\/Libros-octubre-maquinas-k43G--650x975@Mujer Hoy.jpg\" class=\"v-a-img\" width=\"650\" height=\"975\" alt=\"Portada del libro de no ficci\u00f3n de Brian Merchant, Sangre en las m\u00e1quinas.\" data-voc-vtm-id=\"in-text-traffic\"\/><\/p>\n<p>Portada del libro de no ficci\u00f3n de Brian Merchant, Sangre en las m\u00e1quinas.<\/p>\n<p>Capit\u00e1n Swing<\/p>\n<p>Sangre en las m\u00e1quinas. Brian Merchant. Capit\u00e1n Swing.<\/p>\n<p class=\"voc-paragraph\">El escritor y periodista estadounidense Brian Merchant repasa en este ensayo los motivos por los que, a principios del siglo XIX, en el primer momento de la historia en el que <strong>la tecnolog\u00eda sustituy\u00f3 de manera masiva el trabajo<\/strong> humano y desencaden\u00f3 una insurrecci\u00f3n social. <\/p>\n<p class=\"voc-paragraph\">M\u00e1s all\u00e1 de la reivindicaci\u00f3n hist\u00f3rica de la revuelta ludita, el libro tambi\u00e9n dialoga con un presente marcado por las advertencias sobre <strong>robots que amenazan con quitarnos el trabajo<\/strong> y por el desmedido poder de las grandes tecnol\u00f3gicas. Disponible el 13 de octubre.<\/p>\n<p><img decoding=\"async\" loading=\"lazy\" src=\"https:\/\/www.europesays.com\/es\/wp-content\/uploads\/2025\/10\/Libros-octubre-orfanato-k43G--650x975@Mujer Hoy.jpg\" class=\"v-a-img\" width=\"650\" height=\"975\" alt=\"Portada de El orfanato del lago, la novela de Daniel G. Miller.\" data-voc-vtm-id=\"in-text-traffic\"\/><\/p>\n<p>Portada de El orfanato del lago, la novela de Daniel G. Miller.<\/p>\n<p>Newton Compton Editores<\/p>\n<p>El orfanato del lago. Daniel G. Miller. Newton Compton.<\/p>\n<p class=\"voc-paragraph\">Hazel necesita un cambio de vida. A sus 30 a\u00f1os, est\u00e1 soltera y su agencia de investigaci\u00f3n privada apenas se mantiene a flote. Pero todo parece cambiar cuando Madeline Hemsley, <strong>una mujer rica y enigm\u00e1tica<\/strong>, llama a su puerta con una propuesta irresistible: que encuentre a una ni\u00f1a que ha desaparecido del orfanato en el que viv\u00eda. <\/p>\n<p class=\"voc-paragraph\">Lo que al principio parece un caso de fuga sin m\u00e1s, pronto se transforma en algo m\u00e1s oscuro e inquietante. Y cuanto m\u00e1s avanza la <strong>investigaci\u00f3n<\/strong>, m\u00e1s evidente resulta que el orfanato esconde secretos aterradores y que la propia Madeline tambi\u00e9n guarda los suyos. En librer\u00edas el 13 de octubre.<\/p>\n<p><img decoding=\"async\" loading=\"lazy\" src=\"https:\/\/www.europesays.com\/es\/wp-content\/uploads\/2025\/10\/Libros-octubre-teoria-practica-k43G--650x975@Mujer Hoy.jpg\" class=\"v-a-img\" width=\"650\" height=\"975\" alt=\"Portada de la novela de Michelle de Kretse, Teor\u00eda y pr\u00e1ctica.\" data-voc-vtm-id=\"in-text-traffic\"\/><\/p>\n<p>Portada de la novela de Michelle de Kretse, Teor\u00eda y pr\u00e1ctica.<\/p>\n<p>Mu\u00f1eca Infinita<\/p>\n<p>Teor\u00eda y pr\u00e1ctica. Michelle de Kretser. Mu\u00f1eca Infinita.<\/p>\n<p class=\"voc-paragraph\">Una joven llega a Melbourne para hacer un posgrado sobre Virginia Woolf. Estamos en 1986 y las \u00abideas bellas y radicales flotan en el ambiente\u00bb. En su barrio bohemio y destinado a la gentrificaci\u00f3n conoce a artistas, activistas, estudiantes y a Kit. Este dice tener una relaci\u00f3n \u00abdeconstruida\u00bb con su pareja y <strong>se convierten en amantes<\/strong>. Al mismo tiempo, la protagonista hace descubrimientos inquietantes sobre su madre literaria, Virginia Woolf, y entra en un interminable tira y afloja con su madre real, que no entiende su modo de vida.<\/p>\n<p class=\"voc-paragraph\">Un relato fascinante sobre el deseo y los celos, la verdad y la verg\u00fcenza, que se plantea <strong>qu\u00e9 ocurre con nuestros deseos<\/strong> cuando van en contra de nuestras creencias y qu\u00e9 debemos hacer cuando salen a la luz los defectos de figuras veneradas, entre otras cuestiones. A la venta el 13 de octubre.<\/p>\n<p><img decoding=\"async\" loading=\"lazy\" src=\"https:\/\/www.europesays.com\/es\/wp-content\/uploads\/2025\/10\/Libros-octubre-mas-U230142825338537D--650x975@Mujer Hoy.jpg\" class=\"v-a-img\" width=\"650\" height=\"975\" alt=\"Portada de \u00a1M\u00e1s!, la novela de Molly Roden Winter.\" data-voc-vtm-id=\"in-text-traffic\"\/><\/p>\n<p>Portada de \u00a1M\u00e1s!, la novela de Molly Roden Winter.<\/p>\n<p>Gatopardo Ediciones<\/p>\n<p>\u00a1M\u00e1s! Molly Roden Winter. Gatopardo Ediciones.<\/p>\n<p class=\"voc-paragraph\">Molly es una madre de dos ni\u00f1os peque\u00f1os y est\u00e1 casada con Stewart, que suele llegar tarde del trabajo. Una noche, cuando Stewart vuelve a perderse (otra vez) la hora de acostar a los ni\u00f1os, Molly sale de casa furiosa, para despejarse. En un bar conoce a Matt, un joven atractivo. Cuando <strong>le cuenta a su marido que Matt le ha propuesto una cita<\/strong>, se sorprende al ver que Stewart le anima a aceptar.<\/p>\n<p class=\"voc-paragraph\">As\u00ed comienza el matrimonio abierto de Molly y, con \u00e9l, una inesperada experiencia de autodescubrimiento. Molly se apunta a apps de citas, se embarca en aventuras apasionadas y tiene sexo en hoteles. Ambos acuerdan unas <strong>reglas b\u00e1sicas para su nuevo matrimonio<\/strong>: no salir con un ex, no salir con alguien del barrio, no ir a casa de nadie. Y, sobre todo, no enamorarse. Tarde o temprano romper\u00e1n casi todas esas reglas mientras se plantean si es posible amar a otro sin traicionar lo que les une. En librer\u00edas el 20 de octubre.<\/p>\n<p><img decoding=\"async\" loading=\"lazy\" src=\"https:\/\/www.europesays.com\/es\/wp-content\/uploads\/2025\/10\/Libros-octubre-bunny-k43G--650x975@Mujer Hoy.jpg\" class=\"v-a-img\" width=\"650\" height=\"975\" alt=\"Portada de Bunny, la aclamada novela de Mona Awad.\" data-voc-vtm-id=\"in-text-traffic\"\/><\/p>\n<p>Portada de Bunny, la aclamada novela de Mona Awad.<\/p>\n<p>Stefano Books<\/p>\n<p>Bunny. Mona Awad. Stefano Books.<\/p>\n<p class=\"voc-paragraph\">Samantha Heather Mackey no podr\u00eda encajar menos dentro del peque\u00f1o y y elitista m\u00e1ster de Bellas Artes que cursa en la Universidad Warren de Nueva Inglaterra. Como alumna becada prefiere la compa\u00f1\u00eda de su macabra imaginaci\u00f3n a la de la gente, <strong>siente aversi\u00f3n por sus compa\u00f1eras de clase<\/strong>, una panda de ni\u00f1as ricas y repelentes que se llaman Bunny entre ellas y que parecen un calco en su manera de hablar y de moverse. <\/p>\n<p class=\"voc-paragraph\">Pero todo cambia cuando Samantha recibe una invitaci\u00f3n para asistir al legendario \u00abSal\u00f3n de las obscenidades\u00bb de las Bunnies y, atra\u00edda de un modo inexplicable hasta su puerta, deja tirada a su \u00fanica amiga, Ava. A medida que Samantha se sumerge en el <strong>mundo siniestro pero edulcorado<\/strong> de las Bunnies, y participa en el \u00abtaller\u00bb ritualista donde conjuran sus monstruosas creaciones, los l\u00edmites de la realidad empiezan a difuminarse. Pronto, su amistad con Ava y con las Bunnies entrar\u00e1n en una colisi\u00f3n mortal. A la venta el 21 de octubre.<\/p>\n<p><img decoding=\"async\" loading=\"lazy\" src=\"https:\/\/www.europesays.com\/es\/wp-content\/uploads\/2025\/10\/Libros-octubre-universalistas-k43G--650x975@Mujer Hoy.jpeg\" class=\"v-a-img\" width=\"650\" height=\"975\" alt=\"Portada de Los universalistas, la nueva novela de Natasha Brown.\" data-voc-vtm-id=\"in-text-traffic\"\/><\/p>\n<p>Portada de Los universalistas, la nueva novela de Natasha Brown.<\/p>\n<p>Anagrama<\/p>\n<p>Los universalistas. Natasha Brown. Anagrama.<\/p>\n<p class=\"voc-paragraph\">Una noche, en medio de una rave ilegal en una casa de campo de Yorkshire, un joven es agredido de forma brutal con <strong>un lingote de oro<\/strong>. \u00bfQu\u00e9 hace all\u00ed un grupo anarquista radical? \u00bfQu\u00e9 relaci\u00f3n tiene con los hechos el banquero propietario de la finca? \u00bfQui\u00e9n es el agresor y cu\u00e1les son sus motivos? \u00bfY qu\u00e9 hace un lingote de oro ah\u00ed abandonado como si no tuviese ning\u00fan valor?<\/p>\n<p class=\"voc-paragraph\">El incidente y las preguntas que desencadena es el punto de partida del reportaje que escribe Hannah, una <strong>joven periodista freelance de izquierdas<\/strong> que anda con el agua al cuello. Sin embargo, el revuelo que genera su cr\u00f3nica, pronto convertido en serie de televisi\u00f3n, va a cambiar su suerte y tambi\u00e9n la de la pol\u00e9mica columnista conservadora Miriam \u00abLenny\u00bb Leonard, contraria a todo lo que huela a woke y a discriminaci\u00f3n positiva, en horas bajas tras el fiasco de su primer libro. <\/p>\n<p class=\"voc-paragraph\">Un <strong>\u00e1cido y agudo retrato<\/strong> de la maquinaria medi\u00e1tica y la lucha por el relato en la sociedad, fracturada y polarizada, de la Gran Breta\u00f1a actual. En librer\u00edas el 22 de octubre.<\/p>\n<p><img decoding=\"async\" loading=\"lazy\" src=\"https:\/\/www.europesays.com\/es\/wp-content\/uploads\/2025\/10\/Libros-octubre-bosque-k43G--650x975@Mujer Hoy.jpg\" class=\"v-a-img\" width=\"650\" height=\"975\" alt=\"Portada de Desde un bosque lejano, el libro de Theodore Kaczynski, conocido como Unabomber.\" data-voc-vtm-id=\"in-text-traffic\"\/><\/p>\n<p>Portada de Desde un bosque lejano, el libro de Theodore Kaczynski, conocido como Unabomber.<\/p>\n<p>Errata Naturae<\/p>\n<p>Desde un bosque lejano. Theodore Kaczynski. Errata Naturae.<\/p>\n<p class=\"voc-paragraph\">Unabomber, el alias con el que era conocido el autor de este ensayo, fue un <strong>brillante fil\u00f3sofo y matem\u00e1tico<\/strong> que logr\u00f3 una plaza en la Universidad de Berkeley con apenas 25 a\u00f1os. Sin embargo, solo imparti\u00f3 un par de cursos antes de recluirse en una caba\u00f1a sin agua ni electricidad. Desde all\u00ed, mantuvo en jaque a la CIA y al FBI con el env\u00edo de paquetes-bomba que causaron la muerte de tres personas y solo cesaron cuando dos importantes peri\u00f3dicos accedieron a publicar sus textos. <\/p>\n<p class=\"voc-paragraph\">Kaczynski fue un terrorista pero tambi\u00e9n uno de los fil\u00f3sofos m\u00e1s l\u00facidos de nuestro tiempo. Y en este libro clava su dardo en el problema fundamental de nuestra \u00e9poca: la <strong>progresiva extinci\u00f3n de la libertad individual<\/strong> y la creciente cat\u00e1strofe medioambiental causadas por nuestra dependencia del complejo t\u00e9cnico-industrial. Y su razonamiento le llev\u00f3 a concluir que dicho complejo no es susceptible de reforma, y que por tanto debe destruirse para evitar la devastaci\u00f3n final del planetas y de la inmensa mayor\u00eda de sus habitantes. A la venta el 27 de octubre. <\/p>\n<p><img decoding=\"async\" loading=\"lazy\" src=\"https:\/\/www.europesays.com\/es\/wp-content\/uploads\/2025\/10\/Libros-octubre-revolucion-k43G--650x975@Mujer Hoy.jpg\" class=\"v-a-img\" width=\"650\" height=\"975\" alt=\"Portada de Revoluci\u00f3n, la reconocida novela del escritor portugu\u00e9s, Hugo Gon\u00e7alves.\" data-voc-vtm-id=\"in-text-traffic\"\/><\/p>\n<p>Portada de Revoluci\u00f3n, la reconocida novela del escritor portugu\u00e9s, Hugo Gon\u00e7alves.<\/p>\n<p>Libros del Asteroide<\/p>\n<p>Revoluci\u00f3n. Hugo Gon\u00e7alves. Libros del Asteroide.<\/p>\n<p class=\"voc-paragraph\">En Portugal, durante los \u00faltimos coletazos de la dictadura y los primeros meses de la revoluci\u00f3n hasta la llegada de la democracia en 1976, tuvo lugar una \u00e9poca convulsa y violenta en la que <strong>el pa\u00eds entero oscil\u00f3 entre la esperanza y el temor a una guerra civil<\/strong>. En esos a\u00f1os, las vidas de los tres hermanos Storm se ven profundamente afectadas por los cambios que recorren la naci\u00f3n. <\/p>\n<p class=\"voc-paragraph\">Mar\u00eda Luisa, una ferviente militante comunista, tiene que pasar a la clandestinidad; Pureza, la mediana, observa c\u00f3mo su anhelo de llevar una vida tradicional se tambalea ante un proceso revolucionario que amenaza con trastornarlo todo, mientras Frederico, el m\u00e1s joven, solo parece interesado en divertirse y en encontrar la manera de librarse del reclutamiento. Una <strong>novela \u00e9pica<\/strong> que combina tragedia y comedia, para explorar los v\u00ednculos familiares y la forma en que nuestros actos y nuestras omisiones revelan qui\u00e9nes somos realmente. En librer\u00edas el 27 de octubre.<\/p>\n<p><a href=\"http:\/\/www.mujerhoy.com\/vivir\/ocio\/libro-no-ficcion-recomendado-hilos-de-vida-tienes-que-leer-20250815134420-nt.html#vtm_modulosEngag=mod-rel:vivir:noticia:1:cmp:2-not\" class=\"v-a-link\" title=\"Este es el libro de no ficci\u00f3n que tienes que leer antes de que acabe el verano\" rel=\"nofollow noopener\" target=\"_blank\"><br \/>\n<img decoding=\"async\" loading=\"lazy\" class=\"v-a-img\" src=\"https:\/\/www.europesays.com\/es\/wp-content\/uploads\/2025\/10\/Hilos-de-vida-karly-santiago-unsplash-kx4C--366x256@Mujer Hoy.jpg\" alt=\"Este es el libro de no ficci\u00f3n que tienes que leer antes de que acabe el verano\"\/><br \/>\n<\/a><\/p>\n<p><a href=\"http:\/\/www.mujerhoy.com\/actualidad\/lauren-izquierdo-joven-escritora-novela-posromantica-generacion-z-20251004115449-nt.html#vtm_modulosEngag=mod-rel:vivir:noticia:2:cmp:2-not\" class=\"v-a-link\" title=\"Lauren Izquierdo, autora de novelas posrom\u00e1nticas: \u00abMi \u00fanico objetivo con mis historias es que nadie muera de sobredosis de az\u00facar\u00bb\" rel=\"nofollow noopener\" target=\"_blank\"><br \/>\n<img decoding=\"async\" loading=\"lazy\" class=\"v-a-img\" src=\"https:\/\/www.europesays.com\/es\/wp-content\/uploads\/2025\/10\/lauren-izquierdo-U70707675118SkJ-366x256@Mujer Hoy.JPG\" alt=\"Lauren Izquierdo, autora de novelas posrom\u00e1nticas: \u00abMi \u00fanico objetivo con mis historias es que nadie muera de sobredosis de az\u00facar\u00bb\"\/><br \/>\n<\/a><\/p>\n","protected":false},"excerpt":{"rendered":"Aunque este oto\u00f1o no nos faltan deberes literarios, con la cantidad de novelas que llegar\u00e1n a los cines&hellip;\n","protected":false},"author":2,"featured_media":161423,"comment_status":"","ping_status":"","sticky":false,"template":"","format":"standard","meta":{"footnotes":""},"categories":[172],"tags":[224,146,147,25,24,225,47875,47876,47877,23],"class_list":{"0":"post-161422","1":"post","2":"type-post","3":"status-publish","4":"format-standard","5":"has-post-thumbnail","7":"category-libros","8":"tag-books","9":"tag-entertainment","10":"tag-entretenimiento","11":"tag-es","12":"tag-espana","13":"tag-libros","14":"tag-libros-octubre-2025","15":"tag-novedades-editoriales-octubre","16":"tag-novelas-recomendadas-octubre","17":"tag-spain"},"share_on_mastodon":{"url":"","error":""},"_links":{"self":[{"href":"https:\/\/www.europesays.com\/es\/wp-json\/wp\/v2\/posts\/161422","targetHints":{"allow":["GET"]}}],"collection":[{"href":"https:\/\/www.europesays.com\/es\/wp-json\/wp\/v2\/posts"}],"about":[{"href":"https:\/\/www.europesays.com\/es\/wp-json\/wp\/v2\/types\/post"}],"author":[{"embeddable":true,"href":"https:\/\/www.europesays.com\/es\/wp-json\/wp\/v2\/users\/2"}],"replies":[{"embeddable":true,"href":"https:\/\/www.europesays.com\/es\/wp-json\/wp\/v2\/comments?post=161422"}],"version-history":[{"count":0,"href":"https:\/\/www.europesays.com\/es\/wp-json\/wp\/v2\/posts\/161422\/revisions"}],"wp:featuredmedia":[{"embeddable":true,"href":"https:\/\/www.europesays.com\/es\/wp-json\/wp\/v2\/media\/161423"}],"wp:attachment":[{"href":"https:\/\/www.europesays.com\/es\/wp-json\/wp\/v2\/media?parent=161422"}],"wp:term":[{"taxonomy":"category","embeddable":true,"href":"https:\/\/www.europesays.com\/es\/wp-json\/wp\/v2\/categories?post=161422"},{"taxonomy":"post_tag","embeddable":true,"href":"https:\/\/www.europesays.com\/es\/wp-json\/wp\/v2\/tags?post=161422"}],"curies":[{"name":"wp","href":"https:\/\/api.w.org\/{rel}","templated":true}]}}