{"id":161435,"date":"2025-10-07T20:15:09","date_gmt":"2025-10-07T20:15:09","guid":{"rendered":"https:\/\/www.europesays.com\/es\/161435\/"},"modified":"2025-10-07T20:15:09","modified_gmt":"2025-10-07T20:15:09","slug":"la-mayoria-conservadora-de-la-corte-suprema-se-dispone-a-revertir-la-prohibicion-de-las-terapias-de-conversion","status":"publish","type":"post","link":"https:\/\/www.europesays.com\/es\/161435\/","title":{"rendered":"La mayor\u00eda conservadora de la Corte Suprema se dispone a revertir la prohibici\u00f3n de las terapias de conversi\u00f3n"},"content":{"rendered":"<p>      CNN<br \/>\n        \u00a0\u2014\u00a0<\/p>\n<p class=\"paragraph inline-placeholder vossi-paragraph\" data-uri=\"es.cms.cnn.com\/_components\/paragraph\/instances\/cmggsf6om005426nt98bw6swn@published\" data-editable=\"text\" data-component-name=\"paragraph\" data-article-gutter=\"true\">\n            Una mayor\u00eda de la Corte Suprema de EE.UU. indic\u00f3 este martes que fallar\u00e1 en contra de la prohibici\u00f3n de Colorado sobre las \u201cterapias de conversi\u00f3n\u201d de menores, con varios de los jueces de acuerdo con una consejera del estado que afirma que la ley viola sus derechos de la Primera Enmienda.\n    <\/p>\n<p class=\"paragraph inline-placeholder vossi-paragraph\" data-uri=\"es.cms.cnn.com\/_components\/paragraph\/instances\/cmggsgnff0005356nobwflx40@published\" data-editable=\"text\" data-component-name=\"paragraph\" data-article-gutter=\"true\">\n            En uno de los casos m\u00e1s significativos que la alta corte abordar\u00e1 este a\u00f1o, se pidi\u00f3 a los jueces que decidieran si los estados pueden prohibir la desacreditada pr\u00e1ctica, que pretende \u201cconvertir\u201d a personas homosexuales en heterosexuales o a personas transg\u00e9nero en cisg\u00e9nero. Aproximadamente la mitad de los estados de EE.UU. han prohibido la terapia para menores, informaron funcionarios de Colorado a la Corte Suprema.\n    <\/p>\n<p class=\"paragraph inline-placeholder vossi-paragraph\" data-uri=\"es.cms.cnn.com\/_components\/paragraph\/instances\/cmggsgnff0006356nmcikhoz8@published\" data-editable=\"text\" data-component-name=\"paragraph\" data-article-gutter=\"true\">\n            Durante una sesi\u00f3n relativamente tranquila y corta de 90 minutos, varios jueces parecieron rechazar la idea de que un estado pueda regular la \u201cterapia de conversaci\u00f3n\u201d de la misma manera que puede regular la conducta m\u00e9dica.\n    <\/p>\n<p class=\"paragraph inline-placeholder vossi-paragraph\" data-uri=\"es.cms.cnn.com\/_components\/paragraph\/instances\/cmggsgnff0007356na8xp8i14@published\" data-editable=\"text\" data-component-name=\"paragraph\" data-article-gutter=\"true\">\n            El presidente de la Corte, John Roberts, cit\u00f3 decisiones previas de la Corte Suprema en las que el tribunal se neg\u00f3 a establecer un enfoque diferente de la Primera Enmienda para el discurso profesional.\n    <\/p>\n<p class=\"paragraph inline-placeholder vossi-paragraph\" data-uri=\"es.cms.cnn.com\/_components\/paragraph\/instances\/cmggsgnff0008356n172u59sy@published\" data-editable=\"text\" data-component-name=\"paragraph\" data-article-gutter=\"true\">\n            \u201cEl hecho de que est\u00e9n dediquen a una conducta no significa que sus palabras no est\u00e9n protegidas\u201d, dijo Roberts.\n    <\/p>\n<p class=\"paragraph inline-placeholder vossi-paragraph\" data-uri=\"es.cms.cnn.com\/_components\/paragraph\/instances\/cmggsgnff0009356nvbokljjp@published\" data-editable=\"text\" data-component-name=\"paragraph\" data-article-gutter=\"true\">\n            Kaley Chiles, una consejera licenciada en Colorado, ha impugnado la ley sobre esas bases. Su \u201cconsejer\u00eda informada por la fe\u201d ser\u00eda \u201csolo discurso\u201d y, debido a eso, sus clientes buscar\u00edan sus servicios voluntariamente. Ella rechaza el t\u00e9rmino \u201cterapia de conversi\u00f3n\u201d y en su lugar describe el trabajo que espera realizar como una ayuda a los clientes que \u201ctienen el objetivo de sentirse c\u00f3modos y en paz\u201d con su cuerpo.\n    <\/p>\n","protected":false},"excerpt":{"rendered":"CNN \u00a0\u2014\u00a0 Una mayor\u00eda de la Corte Suprema de EE.UU. indic\u00f3 este martes que fallar\u00e1 en contra de&hellip;\n","protected":false},"author":2,"featured_media":161436,"comment_status":"","ping_status":"","sticky":false,"template":"","format":"standard","meta":{"footnotes":""},"categories":[42],"tags":[17,18,21192,2751,13,14,11,61,62,63,64,19,20,47880,9,10,15,16,47879,12,21,22,65,66,67],"class_list":{"0":"post-161435","1":"post","2":"type-post","3":"status-publish","4":"format-standard","5":"has-post-thumbnail","7":"category-internacional","8":"tag-breaking-news","9":"tag-breakingnews","10":"tag-colorado","11":"tag-corte-suprema","12":"tag-featured-news","13":"tag-featurednews","14":"tag-headlines","15":"tag-internacional","16":"tag-international","17":"tag-international-news","18":"tag-internationalnews","19":"tag-latest-news","20":"tag-latestnews","21":"tag-lgbtiq","22":"tag-news","23":"tag-noticias","24":"tag-noticias-destacadas","25":"tag-noticiasdestacadas","26":"tag-terapias-de-conversion","27":"tag-titulares","28":"tag-ultimas-noticias","29":"tag-ultimasnoticias","30":"tag-world","31":"tag-world-news","32":"tag-worldnews"},"share_on_mastodon":{"url":"","error":""},"_links":{"self":[{"href":"https:\/\/www.europesays.com\/es\/wp-json\/wp\/v2\/posts\/161435","targetHints":{"allow":["GET"]}}],"collection":[{"href":"https:\/\/www.europesays.com\/es\/wp-json\/wp\/v2\/posts"}],"about":[{"href":"https:\/\/www.europesays.com\/es\/wp-json\/wp\/v2\/types\/post"}],"author":[{"embeddable":true,"href":"https:\/\/www.europesays.com\/es\/wp-json\/wp\/v2\/users\/2"}],"replies":[{"embeddable":true,"href":"https:\/\/www.europesays.com\/es\/wp-json\/wp\/v2\/comments?post=161435"}],"version-history":[{"count":0,"href":"https:\/\/www.europesays.com\/es\/wp-json\/wp\/v2\/posts\/161435\/revisions"}],"wp:featuredmedia":[{"embeddable":true,"href":"https:\/\/www.europesays.com\/es\/wp-json\/wp\/v2\/media\/161436"}],"wp:attachment":[{"href":"https:\/\/www.europesays.com\/es\/wp-json\/wp\/v2\/media?parent=161435"}],"wp:term":[{"taxonomy":"category","embeddable":true,"href":"https:\/\/www.europesays.com\/es\/wp-json\/wp\/v2\/categories?post=161435"},{"taxonomy":"post_tag","embeddable":true,"href":"https:\/\/www.europesays.com\/es\/wp-json\/wp\/v2\/tags?post=161435"}],"curies":[{"name":"wp","href":"https:\/\/api.w.org\/{rel}","templated":true}]}}