{"id":161437,"date":"2025-10-07T20:16:08","date_gmt":"2025-10-07T20:16:08","guid":{"rendered":"https:\/\/www.europesays.com\/es\/161437\/"},"modified":"2025-10-07T20:16:08","modified_gmt":"2025-10-07T20:16:08","slug":"el-psoe-da-marcha-atras-y-tumba-la-iniciativa-ciudadana-para-derogar-la-proteccion-a-la-tauromaquia-el-mundo","status":"publish","type":"post","link":"https:\/\/www.europesays.com\/es\/161437\/","title":{"rendered":"El PSOE da marcha atr\u00e1s y tumba la iniciativa ciudadana para derogar la protecci\u00f3n a la tauromaquia &#8211; El Mundo"},"content":{"rendered":"<ol>\n<li><a href=\"https:\/\/news.google.com\/rss\/articles\/CBMie0FVX3lxTE1pMTlVTnhEUWF3MUdNSlUyM1VkZS1WcWlfUHJRLUNrbUw2bVgzUFBrSC1aLTIyLXVhRkQ1VkdXd2tKWEw5Uzc5bjYxei10VWl3VHlDLXBhanRteHJsTDluaDZyQmRIdlE0dGQyWUcxTzRfYkZ1bS1CNlpEb9IBe0FVX3lxTE80Sk5hN0dHV1FXUUV3aWlXWjFNZWZucWdJQ1gtOU5QaXZvOVF5cm5ZVjEwVTU1OUZQTWZYVUdmVDY5eXB1dERyazVFdlJhM0hvTmc1VXdDbHlVN19CR0lMVXNSeV8wSjNtMGd3NWM0SHBqUzVzeU5QM25MOA?oc=5\" target=\"_blank\" rel=\"nofollow noopener\">El PSOE da marcha atr\u00e1s y tumba la iniciativa ciudadana para derogar la protecci\u00f3n a la tauromaquia<\/a>&nbsp;&nbsp;El Mundo<\/li>\n<li><a href=\"https:\/\/news.google.com\/rss\/articles\/CBMi7wFBVV95cUxObl9GN2NJdHZJaXF3REVQRVdFekg0a1lRb0VtemhOZ0pKT1NtcWFCVEN2Sk95bm04aTFYbU5XeFdadlVQNGVYRU5oV2NPVjM1TEZNbU1BT25iYjdUcnh1TXR1dzUzNVZkenEya3NVMUQ1dURBdUY5ZVB6TzJEZk5YY0tSdEs3XzZYTFRIWGF3THlYOTN5QWdiNmlxOF9YRDZRUk4zSDBLZVo1aHhpMnNfZDFnYUxZcThzemc2MF9JNFRLRnZXQVhCWGtIR2l0VU04ZXlGcERTbWtIX2tiZTY1N25FSTRTWDFtUjV5dXRnMA?oc=5\" target=\"_blank\" rel=\"nofollow noopener\">El Congreso rechaza debatir la derogaci\u00f3n de la protecci\u00f3n cultural a los toros con la abstenci\u00f3n decisiva del PSOE<\/a>&nbsp;&nbsp;EL PA\u00cdS<\/li>\n<li><a href=\"https:\/\/news.google.com\/rss\/articles\/CBMipgFBVV95cUxQWXdIWDNuT2IxdUV5TktySTh6REtiOUt1ZWZkRC1RLU42dVVXX3p3aml2ZEwwZ01vbVpQZU9QUEx0VGFzSE83bHRmUjRwYW9Fc0tlWkRsZ3V1MXJXWVJFSXJfU1Y4akFQbWhhLUdydE9mOENhQ29lV1lHMnVKQTlzYkVxcDgzMVN4cFdlS09GNVlDRk5pWmZ2dXNzRnd3SEFPeVpSaldR?oc=5\" target=\"_blank\" rel=\"nofollow noopener\">El PSOE tumba la tramitaci\u00f3n de la ley antitaurina y los toros seguir\u00e1n siendo patrimonio cultural<\/a>&nbsp;&nbsp;ABC<\/li>\n<li><a href=\"https:\/\/news.google.com\/rss\/articles\/CBMiowFBVV95cUxOSjBNOVkzVkRrWVRQaEQyM2hyTFFLaXljNGtmdVFEVVEtc0JQZGpjV1VzRU1Ra01MTHg4ODc2R3JqRGJVbXBLM0w1alhjVTl5TGVFeDNQNFVydWJJZWhTdm5zMVZZdm9XaVNCU3NoUE56a0xGVFV2SE9EMFVXcmltWGtUck9zZWJCSlJ0emZCVktaclM2WmhPU3lybGUxTDZYVXpj?oc=5\" target=\"_blank\" rel=\"nofollow noopener\">El Congreso rechaza que la tauromaquia deje de ser patrimonio cultural con la abstenci\u00f3n decisiva del PSOE<\/a>&nbsp;&nbsp;elDiario.es<\/li>\n<li><a href=\"https:\/\/news.google.com\/rss\/articles\/CBMipgFBVV95cUxQLUNKSnZhekxLQUE1TmNwOW9PRTUweG84REdndTB6cG96WV9EVVZ5WWZaWjYtbHEzVzBRMEh2LVkwRWVUdS16bGJEVGs5RXp1NlVfdHZhdE1SbUF1ZF9qOVNLNFdxNUpzaTF5WExIMHdHcnpWcDQxMFhSV1Jrend5dDBKR1NSQ3ROZ25uN1Q5bmViN0ZxTGJVX3c3ZkNtU19zOEZIY1J30gGrAUFVX3lxTFBUUnRGX281NlpWanNOWW5yd2N5MXNFT1BDQ0RJSkpXYWVCNWRicHUyODhRRXpKalVqbkdKWXQ2azhyUUNvdFVLbmlvajQtTnNDdXV6d3dQQTNDaVdYQ25PTTAwbFl2RE1Tb0NwVEw3N2VBYWplcWxYX0lwUEJ0a1J2ellXUTRLSG1uRG9mVjQycTZwclFrUm9jZXZBSVlQNjUzNnZSWkZ1dlhwMA?oc=5\" target=\"_blank\" rel=\"nofollow noopener\">La ILP antitaurina cae por la abstenci\u00f3n sorpresa del PSOE y los votos en contra de PP y Vox<\/a>&nbsp;&nbsp;Diario P\u00fablico<\/li>\n<\/ol>\n","protected":false},"excerpt":{"rendered":"El PSOE da marcha atr\u00e1s y tumba la iniciativa ciudadana para derogar la protecci\u00f3n a la tauromaquia&nbsp;&nbsp;El Mundo&hellip;\n","protected":false},"author":2,"featured_media":161438,"comment_status":"","ping_status":"","sticky":false,"template":"","format":"standard","meta":{"footnotes":""},"categories":[8],"tags":[17,18,209,25,24,13,14,11,19,20,9,10,15,16,23,12,21,22],"class_list":{"0":"post-161437","1":"post","2":"type-post","3":"status-publish","4":"format-standard","5":"has-post-thumbnail","7":"category-espana","8":"tag-breaking-news","9":"tag-breakingnews","10":"tag-cultura","11":"tag-es","12":"tag-espana","13":"tag-featured-news","14":"tag-featurednews","15":"tag-headlines","16":"tag-latest-news","17":"tag-latestnews","18":"tag-news","19":"tag-noticias","20":"tag-noticias-destacadas","21":"tag-noticiasdestacadas","22":"tag-spain","23":"tag-titulares","24":"tag-ultimas-noticias","25":"tag-ultimasnoticias"},"share_on_mastodon":{"url":"","error":""},"_links":{"self":[{"href":"https:\/\/www.europesays.com\/es\/wp-json\/wp\/v2\/posts\/161437","targetHints":{"allow":["GET"]}}],"collection":[{"href":"https:\/\/www.europesays.com\/es\/wp-json\/wp\/v2\/posts"}],"about":[{"href":"https:\/\/www.europesays.com\/es\/wp-json\/wp\/v2\/types\/post"}],"author":[{"embeddable":true,"href":"https:\/\/www.europesays.com\/es\/wp-json\/wp\/v2\/users\/2"}],"replies":[{"embeddable":true,"href":"https:\/\/www.europesays.com\/es\/wp-json\/wp\/v2\/comments?post=161437"}],"version-history":[{"count":0,"href":"https:\/\/www.europesays.com\/es\/wp-json\/wp\/v2\/posts\/161437\/revisions"}],"wp:featuredmedia":[{"embeddable":true,"href":"https:\/\/www.europesays.com\/es\/wp-json\/wp\/v2\/media\/161438"}],"wp:attachment":[{"href":"https:\/\/www.europesays.com\/es\/wp-json\/wp\/v2\/media?parent=161437"}],"wp:term":[{"taxonomy":"category","embeddable":true,"href":"https:\/\/www.europesays.com\/es\/wp-json\/wp\/v2\/categories?post=161437"},{"taxonomy":"post_tag","embeddable":true,"href":"https:\/\/www.europesays.com\/es\/wp-json\/wp\/v2\/tags?post=161437"}],"curies":[{"name":"wp","href":"https:\/\/api.w.org\/{rel}","templated":true}]}}