{"id":161452,"date":"2025-10-07T20:37:08","date_gmt":"2025-10-07T20:37:08","guid":{"rendered":"https:\/\/www.europesays.com\/es\/161452\/"},"modified":"2025-10-07T20:37:08","modified_gmt":"2025-10-07T20:37:08","slug":"tesla-lanza-versiones-mas-economicas-de-los-model-3-y-model-y-wall-street-decepcionada","status":"publish","type":"post","link":"https:\/\/www.europesays.com\/es\/161452\/","title":{"rendered":"Tesla Lanza Versiones M\u00e1s Econ\u00f3micas De Los Model 3 Y Model Y, Wall Street Decepcionada"},"content":{"rendered":"<p data-type=\"paragraph\" data=\"[object Object]\">El fabricante estadounidense de veh\u00edculos el\u00e9ctricos Tesla anunci\u00f3 el martes la comercializaci\u00f3n de versiones m\u00e1s econ\u00f3micas de sus populares coches Model 3 y Model Y, en un contexto de creciente competencia y tras la eliminaci\u00f3n de un subsidio al sector en Estados Unidos.<\/p>\n<p data-type=\"paragraph\" data=\"[object Object]\" class=\"emotion-1akm6h5-Paragraph e1e4oisd0\">\u00abEl Model Y Standard y el Model 3 Standard est\u00e1n aqu\u00ed\u00bb, indic\u00f3 el grupo en una serie de mensajes en su cuenta de X sobre sus \u00abveh\u00edculos m\u00e1s asequibles\u00bb.<\/p>\n<p data-type=\"paragraph\" data=\"[object Object]\" class=\"emotion-1akm6h5-Paragraph e1e4oisd0\">Cuestan menos de 40.000 d\u00f3lares, pero los expertos esperaban un rango de 25.000 a 30.000 d\u00f3lares.<\/p>\n<p data-type=\"paragraph\" data=\"[object Object]\" class=\"emotion-1akm6h5-Paragraph e1e4oisd0\">La acci\u00f3n de Tesla, que hab\u00eda subido m\u00e1s de un 5% el lunes en la Bolsa de Nueva York tras unos mensajes misteriosos publicados el d\u00eda anterior en X, cay\u00f3 el martes cuando finalmente se revel\u00f3 el misterio.<\/p>\n<p data-type=\"paragraph\" data=\"[object Object]\" class=\"emotion-1akm6h5-Paragraph e1e4oisd0\">Al cierre de la jornada, la empresa de Elon Musk se dej\u00f3 un 4,45%.<\/p>\n<p data-type=\"paragraph\" data=\"[object Object]\" class=\"emotion-1akm6h5-Paragraph e1e4oisd0\">elm\/tu\/mr\/dga<\/p>\n","protected":false},"excerpt":{"rendered":"El fabricante estadounidense de veh\u00edculos el\u00e9ctricos Tesla anunci\u00f3 el martes la comercializaci\u00f3n de versiones m\u00e1s econ\u00f3micas de sus&hellip;\n","protected":false},"author":2,"featured_media":123368,"comment_status":"","ping_status":"","sticky":false,"template":"","format":"standard","meta":{"footnotes":""},"categories":[80],"tags":[111,82,95,94,115,25,24,23,116,5535],"class_list":{"0":"post-161452","1":"post","2":"type-post","3":"status-publish","4":"format-standard","5":"has-post-thumbnail","7":"category-economia","8":"tag-automovil","9":"tag-business","10":"tag-economia","11":"tag-economy","12":"tag-eeuu","13":"tag-es","14":"tag-espana","15":"tag-spain","16":"tag-synd","17":"tag-transporte"},"share_on_mastodon":{"url":"","error":""},"_links":{"self":[{"href":"https:\/\/www.europesays.com\/es\/wp-json\/wp\/v2\/posts\/161452","targetHints":{"allow":["GET"]}}],"collection":[{"href":"https:\/\/www.europesays.com\/es\/wp-json\/wp\/v2\/posts"}],"about":[{"href":"https:\/\/www.europesays.com\/es\/wp-json\/wp\/v2\/types\/post"}],"author":[{"embeddable":true,"href":"https:\/\/www.europesays.com\/es\/wp-json\/wp\/v2\/users\/2"}],"replies":[{"embeddable":true,"href":"https:\/\/www.europesays.com\/es\/wp-json\/wp\/v2\/comments?post=161452"}],"version-history":[{"count":0,"href":"https:\/\/www.europesays.com\/es\/wp-json\/wp\/v2\/posts\/161452\/revisions"}],"wp:featuredmedia":[{"embeddable":true,"href":"https:\/\/www.europesays.com\/es\/wp-json\/wp\/v2\/media\/123368"}],"wp:attachment":[{"href":"https:\/\/www.europesays.com\/es\/wp-json\/wp\/v2\/media?parent=161452"}],"wp:term":[{"taxonomy":"category","embeddable":true,"href":"https:\/\/www.europesays.com\/es\/wp-json\/wp\/v2\/categories?post=161452"},{"taxonomy":"post_tag","embeddable":true,"href":"https:\/\/www.europesays.com\/es\/wp-json\/wp\/v2\/tags?post=161452"}],"curies":[{"name":"wp","href":"https:\/\/api.w.org\/{rel}","templated":true}]}}