{"id":161453,"date":"2025-10-07T20:38:10","date_gmt":"2025-10-07T20:38:10","guid":{"rendered":"https:\/\/www.europesays.com\/es\/161453\/"},"modified":"2025-10-07T20:38:10","modified_gmt":"2025-10-07T20:38:10","slug":"bruselas-propone-elevar-los-aranceles-europeos-al-acero-al-50","status":"publish","type":"post","link":"https:\/\/www.europesays.com\/es\/161453\/","title":{"rendered":"Bruselas propone elevar los aranceles europeos al acero al 50%"},"content":{"rendered":"<p>La Comisi\u00f3n Europea quiere proteger al sector europeo del acero de la sobrecapacidad global. Este martes Bruselas ha propuesto limitar las importaciones libres de aranceles  &#8230; a 18,3 millones de toneladas al a\u00f1o, lo que supone una reducci\u00f3n del 47% respecto a la cuota marcada en 2024, y duplicar\u00e1 los aranceles para las importaciones que superen esa barrera hasta el 50%, frente al 25% que se aplicaba anteriormente. La propuesta de la Comisi\u00f3n deber\u00e1 ahora recibir el respaldo de los Veintisiete y del Parlamento Europeo para entrar en vigor.<\/p>\n<p class=\"v-p\">En junio, el sector estuvo al borde del \u00abcolapso\u00bb despu\u00e9s de que el presidente estadounidense Donald Trump elevara al 50% sus aranceles y la industria pidi\u00f3 medidas \u00abaltamente efectivas\u00bb a Bruselas para frenar la llegada de materiales chinos que desestabilizaban el mercado comunitario. Esta propuesta reemplazar\u00e1 las medidas de salvaguarda al acero, que expiraban en junio de 2026, y \u00abresponden a las peticiones de trabajadores, industria y varios estados miembros para proteger la industria del acero europeo\u00bb, asegura el comunicado de la Comisi\u00f3n Europea.<\/p>\n<p class=\"v-p\">El Ejecutivo comunitario reconoce que la sobrecapacidad del sector \u00abes un problema a nivel global, que requiere de acciones fuertes, genuinas y conjuntas de todos los actores\u00bb, invitando a otros pa\u00edses a trabajar codo con codo para proteger las econom\u00edas y las cadenas de suministro. Bruselas apunta que la propuesta presentada este martes cumple con las normas de la Organizaci\u00f3n Mundial del Comercio y deja fuera de estos aranceles y cuotas para Noruega, Islandia y Liechtenstein por su \u00abprofunda y \u00fanica integraci\u00f3n en el Mercado \u00danico europeo\u00bb.<\/p>\n<p class=\"v-p\">La iniciativa incluye otra excepci\u00f3n para Ucrania, como pa\u00eds candidato y en guerra, cuya situaci\u00f3n se reflejar\u00e1 en la asignaci\u00f3n de cuotas \u00absin socavar la efectividad de estas medidas\u00bb. Bruselas tambi\u00e9n quiere fortalecer la trazabilidad de los mercados del acero mediante la introducci\u00f3n de un requisito de fundici\u00f3n y vertido para evitar la elusi\u00f3n de las medidas comunitarias.<\/p>\n<p class=\"v-p\">La presidenta de la Comisi\u00f3n Europea, Ursula von der Leyen, ha asegurado que \u00abun sector sider\u00fargico fuerte y descarbonizado es vital para la competitividad, la seguridad econ\u00f3mica y la autonom\u00eda estrat\u00e9gica de la Uni\u00f3n Europea\u00bb. Ante la sobrecapacidad global, Europa \u00abdebe actuar ya\u00bb, por lo que insta al Consejo y el Parlamento Europeo a que \u00abtrabajen con rapidez \u00bb. \u00abLa Comisi\u00f3n seguir\u00e1 trabajando con la industria para proteger y crear buenos empleos, y con los Estados miembros y los socios mundiales, incluso a nivel de la OMC, para encontrar soluciones a largo plazo a los desaf\u00edos compartidos\u00bb.<\/p>\n","protected":false},"excerpt":{"rendered":"La Comisi\u00f3n Europea quiere proteger al sector europeo del acero de la sobrecapacidad global. Este martes Bruselas ha&hellip;\n","protected":false},"author":2,"featured_media":161454,"comment_status":"","ping_status":"","sticky":false,"template":"","format":"standard","meta":{"footnotes":""},"categories":[42],"tags":[30126,4135,17,18,2317,28404,13,14,11,5856,61,62,63,64,19,20,10473,9,10,15,16,918,12,21,22,65,66,67],"class_list":{"0":"post-161453","1":"post","2":"type-post","3":"status-publish","4":"format-standard","5":"has-post-thumbnail","7":"category-internacional","8":"tag-acero","9":"tag-aranceles","10":"tag-breaking-news","11":"tag-breakingnews","12":"tag-bruselas","13":"tag-elevar","14":"tag-featured-news","15":"tag-featurednews","16":"tag-headlines","17":"tag-importaciones","18":"tag-internacional","19":"tag-international","20":"tag-international-news","21":"tag-internationalnews","22":"tag-latest-news","23":"tag-latestnews","24":"tag-limitar","25":"tag-news","26":"tag-noticias","27":"tag-noticias-destacadas","28":"tag-noticiasdestacadas","29":"tag-propone","30":"tag-titulares","31":"tag-ultimas-noticias","32":"tag-ultimasnoticias","33":"tag-world","34":"tag-world-news","35":"tag-worldnews"},"share_on_mastodon":{"url":"","error":""},"_links":{"self":[{"href":"https:\/\/www.europesays.com\/es\/wp-json\/wp\/v2\/posts\/161453","targetHints":{"allow":["GET"]}}],"collection":[{"href":"https:\/\/www.europesays.com\/es\/wp-json\/wp\/v2\/posts"}],"about":[{"href":"https:\/\/www.europesays.com\/es\/wp-json\/wp\/v2\/types\/post"}],"author":[{"embeddable":true,"href":"https:\/\/www.europesays.com\/es\/wp-json\/wp\/v2\/users\/2"}],"replies":[{"embeddable":true,"href":"https:\/\/www.europesays.com\/es\/wp-json\/wp\/v2\/comments?post=161453"}],"version-history":[{"count":0,"href":"https:\/\/www.europesays.com\/es\/wp-json\/wp\/v2\/posts\/161453\/revisions"}],"wp:featuredmedia":[{"embeddable":true,"href":"https:\/\/www.europesays.com\/es\/wp-json\/wp\/v2\/media\/161454"}],"wp:attachment":[{"href":"https:\/\/www.europesays.com\/es\/wp-json\/wp\/v2\/media?parent=161453"}],"wp:term":[{"taxonomy":"category","embeddable":true,"href":"https:\/\/www.europesays.com\/es\/wp-json\/wp\/v2\/categories?post=161453"},{"taxonomy":"post_tag","embeddable":true,"href":"https:\/\/www.europesays.com\/es\/wp-json\/wp\/v2\/tags?post=161453"}],"curies":[{"name":"wp","href":"https:\/\/api.w.org\/{rel}","templated":true}]}}