{"id":161455,"date":"2025-10-07T20:39:11","date_gmt":"2025-10-07T20:39:11","guid":{"rendered":"https:\/\/www.europesays.com\/es\/161455\/"},"modified":"2025-10-07T20:39:11","modified_gmt":"2025-10-07T20:39:11","slug":"desalojos-forzados-busquedas-contrarreloj-y-la-vuelta-de-urgencia-de-almeida-desde-londres-quedan-muchas-horas-de-trabajo-por-delante","status":"publish","type":"post","link":"https:\/\/www.europesays.com\/es\/161455\/","title":{"rendered":"Desalojos forzados, b\u00fasquedas contrarreloj y la vuelta de urgencia de Almeida desde Londres: \u00abQuedan muchas horas de trabajo por delante\u00bb"},"content":{"rendered":"<p class=\"ue-c-article__paragraph\">Las sirenas auguraban, en la ma\u00f1ana de este martes, la tragedia en el centro de Madrid. Tras estacionar su cami\u00f3n apresuradamente en la calle Arenal, una decena de bomberos se dirigieron a la carrera hasta el n\u00famero 4 de la calle Hileras, cuyo edificio se hab\u00eda derrumbado 10 minutos antes. La mayor\u00eda de esos efectivos, instantes despu\u00e9s, deshac\u00edan el camino andado <strong>evacuando en una camilla a un obrero<\/strong>, cubierto de polvo, de vuelta a Arenal.<\/p>\n<p class=\"ue-c-article__paragraph\">Era el primero de los<strong> tres heridos<\/strong>, todos ellos obreros, que se registrar\u00edan en el siniestro. Llevaban desde junio, junto al resto de sus compa\u00f1eros, trabajando en la rehabilitaci\u00f3n de Hileras 4, que tras estar alrededor una d\u00e9cada en desuso <strong>se iba a transformar en un hotel de cuatro estrellas<\/strong>. La mayor\u00eda de los operarios pudo salir por su propio pie. Pero dentro quedaron atrapadas cuatro personas, tres varones y una mujer. Seg\u00fan explic\u00f3 el capataz en la tarde de este martes, se tratar\u00eda de Damb\u00e9le, Alfa y Jorge, originarios de Mal\u00ed, Guinea y Ecuador, de entre 30 y 50 a\u00f1os, as\u00ed como de <strong>Laura, arquitecta del proyecto, de 28 a\u00f1os<\/strong>, que se hallaba en un ba\u00f1o de la primera planta en el momento del hundimiento.<\/p>\n<p class=\"ue-c-article__paragraph\">En medio de un clima de desconcierto y tensi\u00f3n, no tardaron en llegar refuerzos, person\u00e1ndose en la zona<strong> 18 dotaciones de Bomberos<\/strong> del Ayuntamiento de Madrid, 13 del Samur-PC y efectivos de la Polic\u00eda Municipal y Nacional, acompa\u00f1ados por gu\u00edas caninos que, ya entrada la tarde, comenzaron a buscar entre las <strong>monta\u00f1as de escombros, de entre siete y ocho metros<\/strong>, a los desaparecidos. Aunque los perros tuvieron que detener sus rastreos hasta que se apuntalara la edificaci\u00f3n.<\/p>\n<p><img decoding=\"async\" width=\"720\" height=\"480\" class=\"ue-c-article__image lazyload\" alt=\"Interior del edificio derrumbado.\" loading=\"lazy\" src=\"https:\/\/www.europesays.com\/es\/wp-content\/uploads\/2025\/10\/17598655657581.jpg\"\/><\/p>\n<p>Interior del edificio derrumbado.E. M.<\/p>\n<p class=\"ue-c-article__paragraph\">Una de las primeras personas en avisar a los servicios de Emergencias fue Rafa, que vive justo en el edificio de enfrente. \u00abEl estruendo fue muy fuerte, mi vivienda tembl\u00f3. Sal\u00ed a la terraza y observ\u00e9 c\u00f3mo una inmensa polvareda emerg\u00eda y se extend\u00eda por toda la calle. R\u00e1pido volv\u00ed a entrar en casa y vi que hab\u00edan aparecido <strong>grietas en las paredes y en el cuarto de ba\u00f1o<\/strong>\u00ab, evoca.<\/p>\n<p class=\"ue-c-article__paragraph\">Este madrile\u00f1o relata, adem\u00e1s, que solo unos minutos m\u00e1s tarde las autoridades desalojaron a todos los residentes de los edificios cercanos.<\/p>\n<p><img decoding=\"async\" src=\"https:\/\/www.europesays.com\/es\/wp-content\/uploads\/2025\/10\/derrumbe646b.jpg\"\/>Derrumbe edificio Madrid 2025<\/p>\n<p class=\"ue-c-article__paragraph\">Fueron las tareas de los bomberos, que inspeccionaron y revisaron las edificaciones de la zona, las que determinaron <strong>qu\u00e9 vecinos pod\u00edan ir volviendo a sus casas<\/strong>. Estos profesionales tambi\u00e9n comenzaron a sanear y a desescombrar a mano (con ayuda de maquinaria ligera) el inmueble del derrumbe, quedando asegurada su fachada a \u00faltima hora de esta tarde.<\/p>\n<p>Se derrumba un edificio cerca de la plaza de \u00d3pera en Madrid<\/p>\n<p class=\"ue-c-article__paragraph\">Al cierre de esta edici\u00f3n, no se sabe el n\u00famero exacto de vecinos que no pudieron dormir en sus camas. Preguntandos al respecto, desde el \u00e1rea de Servicios Sociales del Ayuntamiento de Madrid aseguraban que, en principio, <strong>todos los residentes podr\u00edan regresar a sus domicilios<\/strong>, pero que de necesitar una alternativa habitacional temporal, ellos ofrecer\u00edan les alojamiento.<\/p>\n<p><img decoding=\"async\" width=\"720\" height=\"480\" class=\"ue-c-article__image lazyload\" alt=\"Interior del edificio derrumbado.\" loading=\"lazy\" src=\"https:\/\/www.europesays.com\/es\/wp-content\/uploads\/2025\/10\/17598655673428.jpg\"\/><\/p>\n<p>Interior del edificio derrumbado.E. M.<\/p>\n<p class=\"ue-c-article__paragraph\">\u00abEsto no va a ser breve, hablamos de que quedan muchas horas por delante de trabajo de Bomberos porque hay mucho escombro. <strong>Los forjados superiores han ido colapsando hacia abajo<\/strong>\u00ab, explic\u00f3 la vicealcaldesa de la capital, InmaculadaSanz, desde la calle Hileras ya que el regidor, Jos\u00e9 Luis Mart\u00ednez-Almeida, estaba de viaje oficial en Londres. Pese a ello, el primer edil cancel\u00f3 este martes su agenda en Inglaterra y <strong>regres\u00f3 de Urgencia a Madrid <\/strong>para poder seguir de cerca todo el operativo de b\u00fasqueda, donde tambi\u00e9n est\u00e1 participando la Unidad Canina de Rescate de Espa\u00f1a (UCR).<\/p>\n<p class=\"ue-c-article__paragraph\">Por el momento, <strong>se desconocen los motivos que pudieron desencadenar en el derrumbe<\/strong> de esta construcci\u00f3n en obras. Se espera que a lo largo de este mi\u00e9rcoles se avancen nuevos detalles que tranquilicen a un vecindario asustado y que, a \u00faltima hora de hoy, a\u00fan le costaba asimilar lo sucedido. \u00abTras el violento sonido, fui corriendo a ver qu\u00e9 hab\u00eda sucedido y contempl\u00e9 c\u00f3mo del edificio en obras sal\u00edan un mont\u00f3n de obreros llenos de polvo. El bar que hay enfrente les daba agua y vasos. <strong>Algunos intentaron volver a entrar, gritaban nombres<\/strong>, como Jorge, pero las autoridades no les dejaron acceder\u00bb, expone otro vecino que presenci\u00f3 la dram\u00e1tica situaci\u00f3n.<\/p>\n","protected":false},"excerpt":{"rendered":"Las sirenas auguraban, en la ma\u00f1ana de este martes, la tragedia en el centro de Madrid. Tras estacionar&hellip;\n","protected":false},"author":2,"featured_media":161456,"comment_status":"","ping_status":"","sticky":false,"template":"","format":"standard","meta":{"footnotes":""},"categories":[8],"tags":[17,18,25,24,13,14,11,19,20,205,9,10,15,16,23,257,12,21,22],"class_list":{"0":"post-161455","1":"post","2":"type-post","3":"status-publish","4":"format-standard","5":"has-post-thumbnail","7":"category-espana","8":"tag-breaking-news","9":"tag-breakingnews","10":"tag-es","11":"tag-espana","12":"tag-featured-news","13":"tag-featurednews","14":"tag-headlines","15":"tag-latest-news","16":"tag-latestnews","17":"tag-madrid","18":"tag-news","19":"tag-noticias","20":"tag-noticias-destacadas","21":"tag-noticiasdestacadas","22":"tag-spain","23":"tag-sucesos","24":"tag-titulares","25":"tag-ultimas-noticias","26":"tag-ultimasnoticias"},"share_on_mastodon":{"url":"","error":""},"_links":{"self":[{"href":"https:\/\/www.europesays.com\/es\/wp-json\/wp\/v2\/posts\/161455","targetHints":{"allow":["GET"]}}],"collection":[{"href":"https:\/\/www.europesays.com\/es\/wp-json\/wp\/v2\/posts"}],"about":[{"href":"https:\/\/www.europesays.com\/es\/wp-json\/wp\/v2\/types\/post"}],"author":[{"embeddable":true,"href":"https:\/\/www.europesays.com\/es\/wp-json\/wp\/v2\/users\/2"}],"replies":[{"embeddable":true,"href":"https:\/\/www.europesays.com\/es\/wp-json\/wp\/v2\/comments?post=161455"}],"version-history":[{"count":0,"href":"https:\/\/www.europesays.com\/es\/wp-json\/wp\/v2\/posts\/161455\/revisions"}],"wp:featuredmedia":[{"embeddable":true,"href":"https:\/\/www.europesays.com\/es\/wp-json\/wp\/v2\/media\/161456"}],"wp:attachment":[{"href":"https:\/\/www.europesays.com\/es\/wp-json\/wp\/v2\/media?parent=161455"}],"wp:term":[{"taxonomy":"category","embeddable":true,"href":"https:\/\/www.europesays.com\/es\/wp-json\/wp\/v2\/categories?post=161455"},{"taxonomy":"post_tag","embeddable":true,"href":"https:\/\/www.europesays.com\/es\/wp-json\/wp\/v2\/tags?post=161455"}],"curies":[{"name":"wp","href":"https:\/\/api.w.org\/{rel}","templated":true}]}}