{"id":161457,"date":"2025-10-07T20:40:09","date_gmt":"2025-10-07T20:40:09","guid":{"rendered":"https:\/\/www.europesays.com\/es\/161457\/"},"modified":"2025-10-07T20:40:09","modified_gmt":"2025-10-07T20:40:09","slug":"horarios-y-recorridos-de-los-cabezudos-y-el-tragachicos-en-zaragoza-por-los-pilares-2025","status":"publish","type":"post","link":"https:\/\/www.europesays.com\/es\/161457\/","title":{"rendered":"Horarios y recorridos de los cabezudos y el tragachicos en Zaragoza por los Pilares 2025"},"content":{"rendered":"<p class=\"paragraph\">A\u00f1o tras a\u00f1o, el <a href=\"https:\/\/www.heraldo.es\/noticias\/aragon\/zaragoza\/fiestas-del-pilar\/2024\/10\/04\/programa-oficial-fiestas-pilar-zaragoza-pilares-2024-1726981.html\" title=\"Programa de las Fiestas del Pilar 2024 en Zaragoza: conciertos, vaquillas, horarios y actividades\" target=\"_blank\" rel=\"nofollow noopener\">programa de las Fiestas del Pilar<\/a> tiene un denominador com\u00fan del que puede presumir.<b> En los d\u00edas de los festejos pilaristas, la atenci\u00f3n a los m\u00e1s peque\u00f1os de la casa est\u00e1 garantizada.<\/b> Diversi\u00f3n y diversidad, espect\u00e1culos y actividades de todo tipo esparcidos por la ciudad para que nadie quede al margen de la fiesta. Adem\u00e1s de las actividades de pago, hay decenas de opciones gratuitas para pasar el d\u00eda en familia y extender un poco m\u00e1s las actividades veraniegas que involucran a grandes y peques.<\/p>\n<p class=\"paragraph\">No nos enga\u00f1emos: muchas de esas actividades est\u00e1n pensadas para que los adultos responsables de los menores disfruten tanto o m\u00e1s. No faltan las aventuras urbanas, la m\u00fasica, el baile, el arte pl\u00e1stico, las apuestas participativas\u2026 cada mes de octubre,<b> Zaragoza se llena de risas y colorido en todos los barrios y cuenta adem\u00e1s con n\u00facleos de alta concentraci\u00f3n de oferta<\/b>, para tener resuelto un \u2018pasad\u00eda\u2019 en el que literalmente se puedan cubrir todas las necesidades de ocio: desde los juegos a la comida y las paradas para reposar antes de seguir. Es el caso de los <a href=\"https:\/\/www.heraldo.es\/noticias\/aragon\/zaragoza\/fiestas-del-pilar\/2024\/10\/05\/programacion-infantil-zaragoza-hoy-fiestas-pilar-ninos-2024-1602597.html\" title=\"Qu\u00e9 hacer con ni\u00f1os hoy en las Fiestas del Pilar 2024 en Zaragoza: programaci\u00f3n completa\" target=\"_blank\" rel=\"nofollow noopener\">espacios de feria o de sitios ya emblem\u00e1ticos como la zona de R\u00edo y Juego que activa cada oto\u00f1o la PAI en la zona Expo.<\/a><\/p>\n<p>Horarios y recorridos de los cabezudos en Zaragoza<\/p>\n<ul>\n<li>Domingo 5 de octubre a las 12.00. El Pilar en el centro: Comparsa de Gigantes y Cabezudos de Zaragoza. Salida desde el Ayuntamiento (Plaza del Pilar).<\/li>\n<li>Lunes 6 de octubre a las 18.00. El Pilar en San Jos\u00e9: Comparsa de Gigantes y Cabezudos. Salida desde CEIP Calixto Ari\u00f1o.<\/li>\n<li>Martes 7 de octubre a las 18.00. El Pilar en Romareda: Comparsa de Gigantes y Cabezudos. Salida desde C.P. Doctor Az\u00faa.<\/li>\n<li>Mi\u00e9rcoles 8 de octubre a las 18.00. El Pilar en Casetas: Comparsa de Gigantes y Cabezudos. Salida desde C.C. Casetas.<\/li>\n<li>Jueves 9 de octubre a las 18.00. El Pilar en Montecanal: Comparsa de Gigantes y Cabezudos. Salida desde C.P. Montecanal.<\/li>\n<li>Viernes 10 de octubre a las 18.00. El Pilar en Puerto Venecia: Comparsa de Gigantes y Cabezudos.<\/li>\n<li>S\u00e1bado 11 de octubre a las 12.00. El Pilar en La Jota: Comparsa de Gigantes y Cabezudos. Salida desde PDM La Jota.<\/li>\n<li>Lunes 13 de octubre a las 12.00. El Pilar en Monzalbarba: Comparsa de Gigantes y Cabezudos. Salida desde PDM Monzalbarba.<\/li>\n<\/ul>\n<p>Horarios y recorridos del tragachicos en Zaragoza<\/p>\n<ul>\n<li>Domingo 5 de octubre a las 11.00. El Pilar en el centro: Tragachicos y Le\u00f3n Garganch\u00f3n. De 11:00 a 14:00 h y de 16:00 a 20:00. Plaza de Delegaci\u00f3n de Gobierno.<\/li>\n<li>Domingo 5 de octubre a las 16.00. El Pilar en el centro. Tragachicos y Le\u00f3n Garganch\u00f3n. De 11:00 a 14:00 h y de 16:00 a 20:00h. Plaza de Delegaci\u00f3n de Gobierno.<\/li>\n<li>Lunes 6 de octubre a las 16.00. El Pilar en Universidad: Tragachicos. De 16:00 a 20:00. Calle Eduardo Ibarra.<\/li>\n<li>Martes 7 de octubre a las 16.00. El Pilar en Rosales del Canal: Tragachicos. De 16:00 a 20:00 h. Calle Enrique Granados.<\/li>\n<li>Mi\u00e9rcoles 8 de octubre a las 16.00. El Pilar en el Parque Grande: Tragachicos. De 16:00 a 20:00 h. Puente de los Cantautores.<\/li>\n<li>Jueves 9 de octubre a las 16.00. El Pilar en La Almozara: Tragachicos. De 16:00 a 20:00. Andador Ignacio Menaya Reinoso.<\/li>\n<li>Viernes 10 de octubre a las 11.00. El Pilar en el Actur: Tragachicos. De 11:00 h a 14:00 h y de 16:00 a 20:00 h. Parque de la Expo.<\/li>\n<li>Viernes 10 de octubre a las 16.00. El Pilar en el Actur: Tragachicos. De 11:00 h a 14:00 h y de 16:00 a 20:00 h. Plaza Para\u00edso, 2, junto a Espacio Xplora Ibercaja.<\/li>\n<li>S\u00e1bado 11 de octubre a las 11.00. El Pilar en Miralbueno: Tragachicos. De 11:00 a 14:00 y de 16:00 a 20:00. Parque Vistabella.<\/li>\n<li>S\u00e1bado 11 de octubre a las 16.00. El Pilar en Miralbueno: Tragachicos. De 11:00 a 14:00 h y de 16:00 a 20:00 h. Parque Vistabella.<\/li>\n<li>S\u00e1bado 11 de octubre a las 16.00. El Pilar en Miralbueno: Tragachicos. De 11:00 a 14:00 h y de 16:00 a 20:00 h. Parque Vistabella.<\/li>\n<li>Domingo 12 de octubre a las 16.00. El Pilar en Parque Venecia: Tragachicos. De 16:00 a 20:00. Plaza San Marcos.<\/li>\n<li>Lunes 13 de octubre a las 11.00. El Pilar en El Picarral: Tragachicos. De 11:00 h a 14:00 h y de 16:00 a 20:00 h. Explanada IASS Hogar de Personas Mayores.<\/li>\n<\/ul>\n<p>Horario y recorrido del Le\u00f3n Garganch\u00f3n en Zaragoza<\/p>\n<ul>\n<li>S\u00e1bado 4 de octubre a las 18.30. Pasacalles del preg\u00f3n: Zaragoza es el le\u00f3n. La Ciudad de Zaragoza, a trav\u00e9s de sus fiestas y su tradici\u00f3n, recibe al Le\u00f3n Garganch\u00f3n, el nuevo tobog\u00e1n tradicional que viene a alegrar a los ni\u00f1os y ni\u00f1as de la ciudad.<\/li>\n<li>Domingo 5 de octubre a las 11.00. El Pilar en el centro: Tragachicos y Le\u00f3n Garganch\u00f3n. De 11:00 a 14:00 h y de 16:00 a 20:00. Plaza de Delegaci\u00f3n de Gobierno.<\/li>\n<li>Lunes 6 de octubre a las 16.00. El Pilar en Oliver: Le\u00f3n Garganch\u00f3n. De 16:00 a 20:00. Parque Oliver.<\/li>\n<li>Martes 7 de octubre a las 16.00. El Pilar en Las Fuentes: Le\u00f3n Garganch\u00f3n. De 16:00 a 20:00 h. Paseo Vicente Cazcarra.<\/li>\n<li>Mi\u00e9rcoles 8 de octubre a las 16.00. El Pilar en San Jos\u00e9: Le\u00f3n Garganch\u00f3n. De 16:00 a 20:00 h. Plaza Mayor.<\/li>\n<li>Jueves 9 de octubre a las 16.00. El Pilar en Valdespartera: Le\u00f3n Garganch\u00f3n. De 16:00 a 20:00. Plaza El Cantor de Jazz.<\/li>\n<li>Viernes 10 de octubre a las 11.00. El Pilar en el centro: Le\u00f3n Garganch\u00f3n. De 11:00 h a 14:00 h y de 16:00 a 20:00 h. Plaza Para\u00edso, 2, junto a Espacio Xplora Ibercaja.<\/li>\n<li>S\u00e1bado 11 de octubre a las 11.00. El Pilar en La Jota: Le\u00f3n Garganch\u00f3n. De 11:00 a 14:00 y de 16:00 a 20:00. Plaza Albada.<\/li>\n<li>S\u00e1bado 11 de octubre a las 16.00. El Pilar en La Jota: Le\u00f3n Garganch\u00f3n. De 11:00 a 14:00 h y de 16:00 a 20:00h. Plaza Albada.<\/li>\n<li>Domingo 12 de octubre a las 16.00. El Pilar en el centro: Le\u00f3n Garganch\u00f3n. De 16:00 a 20:00. Glorieta Esperanto.<\/li>\n<li>Lunes 13 de octubre a las 11.00. El Pilar en el centro: Le\u00f3n Garganch\u00f3n. De 11:00 a 14:00 y de 16:00 a 20:00. Plaza Salamero.<\/li>\n<\/ul>\n","protected":false},"excerpt":{"rendered":"A\u00f1o tras a\u00f1o, el programa de las Fiestas del Pilar tiene un denominador com\u00fan del que puede presumir.&hellip;\n","protected":false},"author":2,"featured_media":161458,"comment_status":"","ping_status":"","sticky":false,"template":"","format":"standard","meta":{"footnotes":""},"categories":[5],"tags":[17,18,11592,3169,25,24,13,14,43,11,315,19,20,9,2932,10,15,16,8669,16368,23,12,47882,21,22,491],"class_list":{"0":"post-161457","1":"post","2":"type-post","3":"status-publish","4":"format-standard","5":"has-post-thumbnail","7":"category-titulares","8":"tag-breaking-news","9":"tag-breakingnews","10":"tag-cabezudos","11":"tag-donde","12":"tag-es","13":"tag-espana","14":"tag-featured-news","15":"tag-featurednews","16":"tag-fiestas","17":"tag-headlines","18":"tag-hoy","19":"tag-latest-news","20":"tag-latestnews","21":"tag-news","22":"tag-ninos","23":"tag-noticias","24":"tag-noticias-destacadas","25":"tag-noticiasdestacadas","26":"tag-pilar","27":"tag-pilares","28":"tag-spain","29":"tag-titulares","30":"tag-tragachicos","31":"tag-ultimas-noticias","32":"tag-ultimasnoticias","33":"tag-zaragoza"},"share_on_mastodon":{"url":"","error":""},"_links":{"self":[{"href":"https:\/\/www.europesays.com\/es\/wp-json\/wp\/v2\/posts\/161457","targetHints":{"allow":["GET"]}}],"collection":[{"href":"https:\/\/www.europesays.com\/es\/wp-json\/wp\/v2\/posts"}],"about":[{"href":"https:\/\/www.europesays.com\/es\/wp-json\/wp\/v2\/types\/post"}],"author":[{"embeddable":true,"href":"https:\/\/www.europesays.com\/es\/wp-json\/wp\/v2\/users\/2"}],"replies":[{"embeddable":true,"href":"https:\/\/www.europesays.com\/es\/wp-json\/wp\/v2\/comments?post=161457"}],"version-history":[{"count":0,"href":"https:\/\/www.europesays.com\/es\/wp-json\/wp\/v2\/posts\/161457\/revisions"}],"wp:featuredmedia":[{"embeddable":true,"href":"https:\/\/www.europesays.com\/es\/wp-json\/wp\/v2\/media\/161458"}],"wp:attachment":[{"href":"https:\/\/www.europesays.com\/es\/wp-json\/wp\/v2\/media?parent=161457"}],"wp:term":[{"taxonomy":"category","embeddable":true,"href":"https:\/\/www.europesays.com\/es\/wp-json\/wp\/v2\/categories?post=161457"},{"taxonomy":"post_tag","embeddable":true,"href":"https:\/\/www.europesays.com\/es\/wp-json\/wp\/v2\/tags?post=161457"}],"curies":[{"name":"wp","href":"https:\/\/api.w.org\/{rel}","templated":true}]}}